{"id":12950,"date":"2012-04-16T10:55:21","date_gmt":"2012-04-16T13:55:21","guid":{"rendered":"https:\/\/portalv1.com.br\/?p=12950"},"modified":"2012-04-18T08:53:10","modified_gmt":"2012-04-18T11:53:10","slug":"em-valenca-marllos-sampaio-critica-wellington-assis-e-jesus-rodrigues","status":"publish","type":"post","link":"https:\/\/portalv1.com.br\/em-valenca-marllos-sampaio-critica-wellington-assis-e-jesus-rodrigues\/","title":{"rendered":"Em Valen\u00e7a Marllos Sampaio critica Wellington, Assis e Jesus Rodrigues"},"content":{"rendered":"<figure id=\"attachment_12951\" aria-describedby=\"caption-attachment-12951\" style=\"width: 300px\" class=\"wp-caption alignright\"><a href=\"https:\/\/portalv1.com.br\/app\/wp-content\/uploads\/2012\/04\/marllosalcantra.jpg\"><img loading=\"lazy\" decoding=\"async\" class=\"size-full wp-image-12951\" title=\"marllosalcantra\" src=\"https:\/\/portalv1.com.br\/app\/wp-content\/uploads\/2012\/04\/marllosalcantra.jpg\" alt=\"\" width=\"300\" height=\"225\" \/><\/a><figcaption id=\"caption-attachment-12951\" class=\"wp-caption-text\">Deputado Marllos ao lado da namorada Paula Jeanne abra\u00e7ados pelo prefeito Alc\u00e2ntara<\/figcaption><\/figure>\n<p>O deputado federal Marllos Sampaio voltou a criticar o governador Wellington Dias pela defici\u00eancia financeira em que vive nosso estado. Em entrevista a emissora local, Marllos Sampaio disse que o ex-governador Wellington Dias juntamente com os deputados federais Assis Carvalho e Julio Rodrigues tem culpa pela crise financeira do estado.<\/p>\n<p>\u201cWilson Martins ta levando a culpa sozinho da crise financeira, quando o ex-governador Wellington Dias tem tamb\u00e9m culpa no cart\u00f3rio, bem como os deputados Assis Carvalho e Julio Rodrigues\u201d disse. Marllos Sampaio criticou ainda a interfer\u00eancia do grupo petista na sua cidade natal Esperantina.<\/p>\n<p>Ainda em Valen\u00e7a, o deputado Marllos Sampaio participou de uma festa na localidade Isidoria ao lado do prefeito Alc\u00e2ntara. Marllos Sampaio confirmou o nome de sua namorada Paula Jeanne na chapa encabelada pelo vereador Walfredo Filho. \u201cO lado que iremos ficar \u00e9 o lado do pr\u00e9-candidato do PSB, partido do prefeito Alc\u00e2ntara e do governador Wilson Martins\u201d anunciou.<\/p>\n<p>Foto: Raimundo Barbosa<\/p>\n","protected":false},"excerpt":{"rendered":"<p>O deputado federal Marllos Sampaio voltou a criticar o governador Wellington Dias pela defici\u00eancia financeira em que vive nosso estado. Em entrevista a emissora local, Marllos Sampaio disse que o&#8230;<\/p>\n","protected":false},"author":1,"featured_media":12951,"comment_status":"open","ping_status":"open","sticky":false,"template":"","format":"standard","meta":{"ngg_post_thumbnail":0,"footnotes":""},"categories":[12],"tags":[],"class_list":["post-12950","post","type-post","status-publish","format-standard","has-post-thumbnail","hentry","category-valenca-news"],"views":2489,"meta_data":{"thumb":"https:\/\/portalv1.com.br\/app\/wp-content\/uploads\/2012\/04\/","imagem":{"fullsize":{"url":"https:\/\/portalv1.com.br\/app\/wp-content\/uploads\/2012\/04\/","width":null,"height":null}},"data":{"simple":"16\/04\/2012","date_time":"16\/04\/2012 07:55:21","date":"h\u00e1 14 anos"},"chapeu":"","source":""},"_links":{"self":[{"href":"https:\/\/portalv1.com.br\/api\/wp\/v2\/posts\/12950","targetHints":{"allow":["GET"]}}],"collection":[{"href":"https:\/\/portalv1.com.br\/api\/wp\/v2\/posts"}],"about":[{"href":"https:\/\/portalv1.com.br\/api\/wp\/v2\/types\/post"}],"author":[{"embeddable":true,"href":"https:\/\/portalv1.com.br\/api\/wp\/v2\/users\/1"}],"replies":[{"embeddable":true,"href":"https:\/\/portalv1.com.br\/api\/wp\/v2\/comments?post=12950"}],"version-history":[{"count":0,"href":"https:\/\/portalv1.com.br\/api\/wp\/v2\/posts\/12950\/revisions"}],"wp:featuredmedia":[{"embeddable":true,"href":"https:\/\/portalv1.com.br\/api\/wp\/v2\/media\/12951"}],"wp:attachment":[{"href":"https:\/\/portalv1.com.br\/api\/wp\/v2\/media?parent=12950"}],"wp:term":[{"taxonomy":"category","embeddable":true,"href":"https:\/\/portalv1.com.br\/api\/wp\/v2\/categories?post=12950"},{"taxonomy":"post_tag","embeddable":true,"href":"https:\/\/portalv1.com.br\/api\/wp\/v2\/tags?post=12950"}],"curies":[{"name":"wp","href":"https:\/\/api.w.org\/{rel}","templated":true}]}}