{"id":129677,"date":"2022-09-20T11:03:36","date_gmt":"2022-09-20T14:03:36","guid":{"rendered":"https:\/\/portalv1.com.br\/?p=129677"},"modified":"2022-09-20T11:03:36","modified_gmt":"2022-09-20T14:03:36","slug":"em-entrevista-ao-portal-v1-dr-antonio-bomfim-fala-importancia-da-hidratacao-no-b-r-o-bro","status":"publish","type":"post","link":"https:\/\/portalv1.com.br\/em-entrevista-ao-portal-v1-dr-antonio-bomfim-fala-importancia-da-hidratacao-no-b-r-o-bro\/","title":{"rendered":"Em entrevista ao Portal V1, Dr. Ant\u00f4nio Bomfim fala import\u00e2ncia da hidrata\u00e7\u00e3o no B-R-\u00d3-Br\u00f3"},"content":{"rendered":"<p>O Portal V1 conversou na tarde desta segunda-feira (19) com o m\u00e9dico Dr. Ant\u00f4nio Bomfim sobre a import\u00e2ncia da hidrata\u00e7\u00e3o nesse per\u00edodo de altas temperaturas, onde o organismo para controlar a temperatura do corpo precisa de uma grande quantidade de \u00e1gua.<\/p>\n<p>A conversa com o m\u00e9dico aconteceu no Est\u00e1dio Municipal de Valen\u00e7a, onde o mesmo foi prestigiar a homenagem feita pela Secretaria Municipal de Esportes ao ex-prefeito Gaudencio Portela Veloso e ao empres\u00e1rio Dr. Jo\u00e3o Vicente Claudino pelos relevantes servi\u00e7os prestados a sociedade valenciana.<\/p>\n<p>Al\u00e9m de falar dos cuidados com a hidrata\u00e7\u00e3o, Dr. Ant\u00f4nio Bomfim falou um pouco de sua trajet\u00f3ria profissional, de sua passagem pela pol\u00edtica e sobre a Cl\u00ednica que leva o seu nome, que \u00e9 refer\u00eancia na regi\u00e3o valenciana. Assista a entrevista.<\/p>\n<p><div class=\"content-iframe\" data-content-width=\"600\"><iframe loading=\"lazy\" title=\"YouTube video player\" src=\"https:\/\/www.youtube.com\/embed\/4zvooophjdg\" width=\"560\" height=\"315\" frameborder=\"0\" allowfullscreen=\"allowfullscreen\"><\/iframe><\/div>&nbsp;<\/p>\n","protected":false},"excerpt":{"rendered":"<p>O Portal V1 conversou na tarde desta segunda-feira (19) com o m\u00e9dico Dr. Ant\u00f4nio Bomfim sobre a import\u00e2ncia da hidrata\u00e7\u00e3o nesse per\u00edodo de altas temperaturas, onde o organismo para controlar&#8230;<\/p>\n","protected":false},"author":1,"featured_media":129678,"comment_status":"open","ping_status":"open","sticky":false,"template":"","format":"standard","meta":{"ngg_post_thumbnail":0,"footnotes":""},"categories":[243],"tags":[],"class_list":["post-129677","post","type-post","status-publish","format-standard","has-post-thumbnail","hentry","category-geral"],"views":993,"meta_data":{"thumb":"https:\/\/portalv1.com.br\/app\/wp-content\/uploads\/2022\/09\/antonio-bomfim.jpg","imagem":{"fullsize":{"url":"https:\/\/portalv1.com.br\/app\/wp-content\/uploads\/2022\/09\/antonio-bomfim.jpg","width":1280,"height":720},"medium":{"url":"https:\/\/portalv1.com.br\/app\/wp-content\/uploads\/2022\/09\/antonio-bomfim-300x169.jpg","width":300,"height":169},"large":{"url":"https:\/\/portalv1.com.br\/app\/wp-content\/uploads\/2022\/09\/antonio-bomfim-640x360.jpg","width":640,"height":360},"thumbnail":{"url":"https:\/\/portalv1.com.br\/app\/wp-content\/uploads\/2022\/09\/antonio-bomfim-100x100.jpg","width":100,"height":100},"medium_large":{"url":"https:\/\/portalv1.com.br\/app\/wp-content\/uploads\/2022\/09\/antonio-bomfim-768x432.jpg","width":768,"height":432}},"data":{"simple":"20\/09\/2022","date_time":"20\/09\/2022 08:03:36","date":"h\u00e1 4 anos"},"chapeu":"Assista a entrevista ","source":"slide"},"_links":{"self":[{"href":"https:\/\/portalv1.com.br\/api\/wp\/v2\/posts\/129677","targetHints":{"allow":["GET"]}}],"collection":[{"href":"https:\/\/portalv1.com.br\/api\/wp\/v2\/posts"}],"about":[{"href":"https:\/\/portalv1.com.br\/api\/wp\/v2\/types\/post"}],"author":[{"embeddable":true,"href":"https:\/\/portalv1.com.br\/api\/wp\/v2\/users\/1"}],"replies":[{"embeddable":true,"href":"https:\/\/portalv1.com.br\/api\/wp\/v2\/comments?post=129677"}],"version-history":[{"count":0,"href":"https:\/\/portalv1.com.br\/api\/wp\/v2\/posts\/129677\/revisions"}],"wp:featuredmedia":[{"embeddable":true,"href":"https:\/\/portalv1.com.br\/api\/wp\/v2\/media\/129678"}],"wp:attachment":[{"href":"https:\/\/portalv1.com.br\/api\/wp\/v2\/media?parent=129677"}],"wp:term":[{"taxonomy":"category","embeddable":true,"href":"https:\/\/portalv1.com.br\/api\/wp\/v2\/categories?post=129677"},{"taxonomy":"post_tag","embeddable":true,"href":"https:\/\/portalv1.com.br\/api\/wp\/v2\/tags?post=129677"}],"curies":[{"name":"wp","href":"https:\/\/api.w.org\/{rel}","templated":true}]}}