{"id":12975,"date":"2012-04-19T17:01:20","date_gmt":"2012-04-19T20:01:20","guid":{"rendered":"https:\/\/portalv1.com.br\/?p=12975"},"modified":"2012-04-22T11:58:27","modified_gmt":"2012-04-22T14:58:27","slug":"animais-podem-estar-sendo-abatidos-sem-a-devida-inspecao","status":"publish","type":"post","link":"https:\/\/portalv1.com.br\/animais-podem-estar-sendo-abatidos-sem-a-devida-inspecao\/","title":{"rendered":"Animais podem estar sendo abatidos sem a devida inspe\u00e7\u00e3o"},"content":{"rendered":"<figure id=\"attachment_5622\" aria-describedby=\"caption-attachment-5622\" style=\"width: 300px\" class=\"wp-caption alignright\"><a href=\"https:\/\/portalv1.com.br\/app\/wp-content\/uploads\/2010\/10\/plenario.jpg\"><img loading=\"lazy\" decoding=\"async\" class=\"size-full wp-image-5622\" title=\"plenario\" src=\"https:\/\/portalv1.com.br\/app\/wp-content\/uploads\/2010\/10\/plenario.jpg\" alt=\"\" width=\"300\" height=\"183\" \/><\/a><figcaption id=\"caption-attachment-5622\" class=\"wp-caption-text\">Vereadores no plenario<\/figcaption><\/figure>\n<p>Os vereadores de Valen\u00e7a se mostraram muito preocupados com a falta de aten\u00e7\u00e3o, que vem sendo dada na inspe\u00e7\u00e3o de animais que s\u00e3o abatidos no matadouro publico. A preocupa\u00e7\u00e3o maior \u00e9 com uma poss\u00edvel aus\u00eancia da veterin\u00e1ria na hora em que os animais s\u00e3o abatidos no munic\u00edpio.<\/p>\n<p>Nesse sentido, os vereadores aprovaram requerimento de autoria do vereador Lindomar Am\u00e2ncio (PRTB) solicitando informa\u00e7\u00f5es sobre o nome e a carga hor\u00e1ria da profissional respons\u00e1vel por essa vigil\u00e2ncia.<\/p>\n<p>Na discuss\u00e3o da mat\u00e9ria foi ventilada varias informa\u00e7\u00f5es, entre elas a de que a veterin\u00e1ria estaria concluindo um curso e por isso n\u00e3o havia disponibilidade para cumprir toda a carga hor\u00e1ria.<\/p>\n<p>A presidenta Ielva Mel\u00e3o disse que a prefeitura caso essa noticia seja verdadeira precisa contratar outra pessoa, vista que a popula\u00e7\u00e3o n\u00e3o pode pagar o pre\u00e7o de consumir carnes sem a devida inspe\u00e7\u00e3o.<\/p>\n","protected":false},"excerpt":{"rendered":"<p>Os vereadores de Valen\u00e7a se mostraram muito preocupados com a falta de aten\u00e7\u00e3o, que vem sendo dada na inspe\u00e7\u00e3o de animais que s\u00e3o abatidos no matadouro publico. A preocupa\u00e7\u00e3o maior&#8230;<\/p>\n","protected":false},"author":1,"featured_media":5622,"comment_status":"open","ping_status":"open","sticky":false,"template":"","format":"standard","meta":{"ngg_post_thumbnail":0,"footnotes":""},"categories":[12],"tags":[],"class_list":["post-12975","post","type-post","status-publish","format-standard","has-post-thumbnail","hentry","category-valenca-news"],"views":676,"meta_data":{"thumb":"https:\/\/portalv1.com.br\/app\/wp-content\/uploads\/2010\/10\/plenario.jpg","imagem":{"fullsize":{"url":"https:\/\/portalv1.com.br\/app\/wp-content\/uploads\/2010\/10\/plenario.jpg","width":"300","height":"183"},"thumbnail":{"url":"https:\/\/portalv1.com.br\/app\/wp-content\/uploads\/2010\/10\/plenario-150x150.jpg","width":"150","height":"150"}},"data":{"simple":"19\/04\/2012","date_time":"19\/04\/2012 14:01:20","date":"h\u00e1 14 anos"},"chapeu":"","source":""},"_links":{"self":[{"href":"https:\/\/portalv1.com.br\/api\/wp\/v2\/posts\/12975","targetHints":{"allow":["GET"]}}],"collection":[{"href":"https:\/\/portalv1.com.br\/api\/wp\/v2\/posts"}],"about":[{"href":"https:\/\/portalv1.com.br\/api\/wp\/v2\/types\/post"}],"author":[{"embeddable":true,"href":"https:\/\/portalv1.com.br\/api\/wp\/v2\/users\/1"}],"replies":[{"embeddable":true,"href":"https:\/\/portalv1.com.br\/api\/wp\/v2\/comments?post=12975"}],"version-history":[{"count":0,"href":"https:\/\/portalv1.com.br\/api\/wp\/v2\/posts\/12975\/revisions"}],"wp:featuredmedia":[{"embeddable":true,"href":"https:\/\/portalv1.com.br\/api\/wp\/v2\/media\/5622"}],"wp:attachment":[{"href":"https:\/\/portalv1.com.br\/api\/wp\/v2\/media?parent=12975"}],"wp:term":[{"taxonomy":"category","embeddable":true,"href":"https:\/\/portalv1.com.br\/api\/wp\/v2\/categories?post=12975"},{"taxonomy":"post_tag","embeddable":true,"href":"https:\/\/portalv1.com.br\/api\/wp\/v2\/tags?post=12975"}],"curies":[{"name":"wp","href":"https:\/\/api.w.org\/{rel}","templated":true}]}}