{"id":130040,"date":"2022-09-24T11:36:10","date_gmt":"2022-09-24T14:36:10","guid":{"rendered":"https:\/\/portalv1.com.br\/?p=130040"},"modified":"2022-09-24T11:36:10","modified_gmt":"2022-09-24T14:36:10","slug":"segunda-edicao-da-feira-da-agricultura-familiar-foi-realizada-em-valenca","status":"publish","type":"post","link":"https:\/\/portalv1.com.br\/segunda-edicao-da-feira-da-agricultura-familiar-foi-realizada-em-valenca\/","title":{"rendered":"Segunda edi\u00e7\u00e3o da Feira da Agricultura Familiar foi realizada em Valen\u00e7a"},"content":{"rendered":"<p>Com o objetivo de valorizar a agricultura familiar, a Prefeitura de Valen\u00e7a do Piaui, por meio da Secretaria de Agricultura, realizou nesta sexta-feira (23), a 2\u00aa Feira da Agricultura Familiar no Centro Social Urbano.<\/p>\n<p>A feira encerrou as comemora\u00e7\u00f5es dos 260 anos da cidade comemorados na \u00faltima ter\u00e7a-feira, 20 de setembro. A feira reuniu agricultores e artes\u00e3s que aproveitaram a oportunidade para apresentar seus produtos e celebrar novos neg\u00f3cios.<\/p>\n<p>Al\u00e9m dos agricultores, stands do Banco do Nordeste, do IFPI e de empresas como a Hidro Bombas foram montados na feira que recebeu tamb\u00e9m a visita\u00e7\u00e3o de alunos das escolas p\u00fablicas do munic\u00edpio.<\/p>\n<p>O lado \u201cnegativo\u201d da feira ficou por conta de uma forte ventania acompanhada de chuva que atingiu o local na parte da tarde, causando a derrubada de alguns stands o que prejudicou o andamento da feira na parte da tarde e in\u00edcio da noite.<\/p>\n<p>A noite o evento contou com a participa\u00e7\u00e3o de autoridades como o prefeito Marcelo Costa, vice-prefeito Rubens Alencar, vereadores Edilsa do Vale, Benoni e Devaldo Nunes que \u00e9 presidente do Sindicato dos Trabalhadores Rurais. A feira foi encerrada com sorteios de pr\u00eamios e m\u00fasica ao vivo com Balduino dos Teclados. Assista as entrevistas<\/p>\n<p><div class=\"content-iframe\" data-content-width=\"600\"><iframe loading=\"lazy\" title=\"YouTube video player\" src=\"https:\/\/www.youtube.com\/embed\/8OG0cF2G32I\" width=\"560\" height=\"315\" frameborder=\"0\" allowfullscreen=\"allowfullscreen\"><\/iframe><\/div><\/p>\n<div class=\"ngg-galleryoverview\" id=\"1\">\n                    <div data-widget=\"Galeria\" data-props=\"{&quot;galeria&quot;:{&quot;max_page&quot;:3,&quot;total&quot;:41,&quot;gallery_id&quot;:1,&quot;images&quot;:[{&quot;thumbcode&quot;:&quot;https:\\\/\\\/portalv1.com.br\\\/app\\\/wp-content\\\/uploads\\\/2022\\\/09\\\/20220926094103__MG_3600-400x250.jpg&quot;,&quot;imageURL&quot;:&quot;https:\\\/\\\/portalv1.com.br\\\/app\\\/wp-content\\\/uploads\\\/2022\\\/09\\\/20220926094103__MG_3600.jpg&quot;,&quot;pid&quot;:130041,&quot;galleryid&quot;:1,&quot;description&quot;:&quot;&quot;,&quot;alttext&quot;:&quot;Segunda edi\\u00e7\\u00e3o da Feira da Agricultura Familiar foi realizada em Valen\\u00e7a&quot;,&quot;thumbnailURL&quot;:&quot;https:\\\/\\\/portalv1.com.br\\\/app\\\/wp-content\\\/uploads\\\/2022\\\/09\\\/20220926094103__MG_3600-400x250.jpg&quot;,&quot;style&quot;:&quot;&quot;},{&quot;thumbcode&quot;:&quot;https:\\\/\\\/portalv1.com.br\\\/app\\\/wp-content\\\/uploads\\\/2022\\\/09\\\/20220926094113__MG_3601-400x250.jpg&quot;,&quot;imageURL&quot;:&quot;https:\\\/\\\/portalv1.com.br\\\/app\\\/wp-content\\\/uploads\\\/2022\\\/09\\\/20220926094113__MG_3601.jpg&quot;,&quot;pid&quot;:130042,&quot;galleryid&quot;:1,&quot;description&quot;:&quot;&quot;,&quot;alttext&quot;:&quot;Segunda edi\\u00e7\\u00e3o da Feira da Agricultura Familiar foi realizada em Valen\\u00e7a&quot;,&quot;thumbnailURL&quot;:&quot;https:\\\/\\\/portalv1.com.br\\\/app\\\/wp-content\\\/uploads\\\/2022\\\/09\\\/20220926094113__MG_3601-400x250.jpg&quot;,&quot;style&quot;:&quot;&quot;},{&quot;thumbcode&quot;:&quot;https:\\\/\\\/portalv1.com.br\\\/app\\\/wp-content\\\/uploads\\\/2022\\\/09\\\/20220926094154__MG_3602-400x250.jpg&quot;,&quot;imageURL&quot;:&quot;https:\\\/\\\/portalv1.com.br\\\/app\\\/wp-content\\\/uploads\\\/2022\\\/09\\\/20220926094154__MG_3602.jpg&quot;,&quot;pid&quot;:130043,&quot;galleryid&quot;:1,&quot;description&quot;:&quot;&quot;,&quot;alttext&quot;:&quot;Segunda edi\\u00e7\\u00e3o da Feira da Agricultura Familiar foi realizada em Valen\\u00e7a&quot;,&quot;thumbnailURL&quot;:&quot;https:\\\/\\\/portalv1.com.br\\\/app\\\/wp-content\\\/uploads\\\/2022\\\/09\\\/20220926094154__MG_3602-400x250.jpg&quot;,&quot;style&quot;:&quot;&quot;},{&quot;thumbcode&quot;:&quot;https:\\\/\\\/portalv1.com.br\\\/app\\\/wp-content\\\/uploads\\\/2022\\\/09\\\/20220926094318__MG_3603-400x250.jpg&quot;,&quot;imageURL&quot;:&quot;https:\\\/\\\/portalv1.com.br\\\/app\\\/wp-content\\\/uploads\\\/2022\\\/09\\\/20220926094318__MG_3603.jpg&quot;,&quot;pid&quot;:130044,&quot;galleryid&quot;:1,&quot;description&quot;:&quot;&quot;,&quot;alttext&quot;:&quot;Segunda edi\\u00e7\\u00e3o da Feira da Agricultura Familiar foi realizada em Valen\\u00e7a&quot;,&quot;thumbnailURL&quot;:&quot;https:\\\/\\\/portalv1.com.br\\\/app\\\/wp-content\\\/uploads\\\/2022\\\/09\\\/20220926094318__MG_3603-400x250.jpg&quot;,&quot;style&quot;:&quot;&quot;},{&quot;thumbcode&quot;:&quot;https:\\\/\\\/portalv1.com.br\\\/app\\\/wp-content\\\/uploads\\\/2022\\\/09\\\/20220926094342__MG_3604-400x250.jpg&quot;,&quot;imageURL&quot;:&quot;https:\\\/\\\/portalv1.com.br\\\/app\\\/wp-content\\\/uploads\\\/2022\\\/09\\\/20220926094342__MG_3604.jpg&quot;,&quot;pid&quot;:130045,&quot;galleryid&quot;:1,&quot;description&quot;:&quot;&quot;,&quot;alttext&quot;:&quot;Segunda edi\\u00e7\\u00e3o da Feira da Agricultura Familiar foi realizada em Valen\\u00e7a&quot;,&quot;thumbnailURL&quot;:&quot;https:\\\/\\\/portalv1.com.br\\\/app\\\/wp-content\\\/uploads\\\/2022\\\/09\\\/20220926094342__MG_3604-400x250.jpg&quot;,&quot;style&quot;:&quot;&quot;},{&quot;thumbcode&quot;:&quot;https:\\\/\\\/portalv1.com.br\\\/app\\\/wp-content\\\/uploads\\\/2022\\\/09\\\/20220926094504__MG_3605-400x250.jpg&quot;,&quot;imageURL&quot;:&quot;https:\\\/\\\/portalv1.com.br\\\/app\\\/wp-content\\\/uploads\\\/2022\\\/09\\\/20220926094504__MG_3605.jpg&quot;,&quot;pid&quot;:130046,&quot;galleryid&quot;:1,&quot;description&quot;:&quot;&quot;,&quot;alttext&quot;:&quot;Segunda edi\\u00e7\\u00e3o da Feira da Agricultura Familiar foi realizada em Valen\\u00e7a&quot;,&quot;thumbnailURL&quot;:&quot;https:\\\/\\\/portalv1.com.br\\\/app\\\/wp-content\\\/uploads\\\/2022\\\/09\\\/20220926094504__MG_3605-400x250.jpg&quot;,&quot;style&quot;:&quot;&quot;},{&quot;thumbcode&quot;:&quot;https:\\\/\\\/portalv1.com.br\\\/app\\\/wp-content\\\/uploads\\\/2022\\\/09\\\/20220926094538__MG_3607-400x250.jpg&quot;,&quot;imageURL&quot;:&quot;https:\\\/\\\/portalv1.com.br\\\/app\\\/wp-content\\\/uploads\\\/2022\\\/09\\\/20220926094538__MG_3607.jpg&quot;,&quot;pid&quot;:130047,&quot;galleryid&quot;:1,&quot;description&quot;:&quot;&quot;,&quot;alttext&quot;:&quot;Segunda edi\\u00e7\\u00e3o da Feira da Agricultura Familiar foi realizada em Valen\\u00e7a&quot;,&quot;thumbnailURL&quot;:&quot;https:\\\/\\\/portalv1.com.br\\\/app\\\/wp-content\\\/uploads\\\/2022\\\/09\\\/20220926094538__MG_3607-400x250.jpg&quot;,&quot;style&quot;:&quot;&quot;},{&quot;thumbcode&quot;:&quot;https:\\\/\\\/portalv1.com.br\\\/app\\\/wp-content\\\/uploads\\\/2022\\\/09\\\/20220926094717__MG_3608-400x250.jpg&quot;,&quot;imageURL&quot;:&quot;https:\\\/\\\/portalv1.com.br\\\/app\\\/wp-content\\\/uploads\\\/2022\\\/09\\\/20220926094717__MG_3608.jpg&quot;,&quot;pid&quot;:130048,&quot;galleryid&quot;:1,&quot;description&quot;:&quot;&quot;,&quot;alttext&quot;:&quot;Segunda edi\\u00e7\\u00e3o da Feira da Agricultura Familiar foi realizada em Valen\\u00e7a&quot;,&quot;thumbnailURL&quot;:&quot;https:\\\/\\\/portalv1.com.br\\\/app\\\/wp-content\\\/uploads\\\/2022\\\/09\\\/20220926094717__MG_3608-400x250.jpg&quot;,&quot;style&quot;:&quot;&quot;},{&quot;thumbcode&quot;:&quot;https:\\\/\\\/portalv1.com.br\\\/app\\\/wp-content\\\/uploads\\\/2022\\\/09\\\/20220926094809__MG_3609-400x250.jpg&quot;,&quot;imageURL&quot;:&quot;https:\\\/\\\/portalv1.com.br\\\/app\\\/wp-content\\\/uploads\\\/2022\\\/09\\\/20220926094809__MG_3609.jpg&quot;,&quot;pid&quot;:130049,&quot;galleryid&quot;:1,&quot;description&quot;:&quot;&quot;,&quot;alttext&quot;:&quot;Segunda edi\\u00e7\\u00e3o da Feira da Agricultura Familiar foi realizada em Valen\\u00e7a&quot;,&quot;thumbnailURL&quot;:&quot;https:\\\/\\\/portalv1.com.br\\\/app\\\/wp-content\\\/uploads\\\/2022\\\/09\\\/20220926094809__MG_3609-400x250.jpg&quot;,&quot;style&quot;:&quot;&quot;},{&quot;thumbcode&quot;:&quot;https:\\\/\\\/portalv1.com.br\\\/app\\\/wp-content\\\/uploads\\\/2022\\\/09\\\/20220926094939__MG_3611-400x250.jpg&quot;,&quot;imageURL&quot;:&quot;https:\\\/\\\/portalv1.com.br\\\/app\\\/wp-content\\\/uploads\\\/2022\\\/09\\\/20220926094939__MG_3611.jpg&quot;,&quot;pid&quot;:130050,&quot;galleryid&quot;:1,&quot;description&quot;:&quot;&quot;,&quot;alttext&quot;:&quot;Segunda edi\\u00e7\\u00e3o da Feira da Agricultura Familiar foi realizada em Valen\\u00e7a&quot;,&quot;thumbnailURL&quot;:&quot;https:\\\/\\\/portalv1.com.br\\\/app\\\/wp-content\\\/uploads\\\/2022\\\/09\\\/20220926094939__MG_3611-400x250.jpg&quot;,&quot;style&quot;:&quot;&quot;},{&quot;thumbcode&quot;:&quot;https:\\\/\\\/portalv1.com.br\\\/app\\\/wp-content\\\/uploads\\\/2022\\\/09\\\/20220926094946__MG_3612-400x250.jpg&quot;,&quot;imageURL&quot;:&quot;https:\\\/\\\/portalv1.com.br\\\/app\\\/wp-content\\\/uploads\\\/2022\\\/09\\\/20220926094946__MG_3612.jpg&quot;,&quot;pid&quot;:130051,&quot;galleryid&quot;:1,&quot;description&quot;:&quot;&quot;,&quot;alttext&quot;:&quot;Segunda edi\\u00e7\\u00e3o da Feira da Agricultura Familiar foi realizada em Valen\\u00e7a&quot;,&quot;thumbnailURL&quot;:&quot;https:\\\/\\\/portalv1.com.br\\\/app\\\/wp-content\\\/uploads\\\/2022\\\/09\\\/20220926094946__MG_3612-400x250.jpg&quot;,&quot;style&quot;:&quot;&quot;},{&quot;thumbcode&quot;:&quot;https:\\\/\\\/portalv1.com.br\\\/app\\\/wp-content\\\/uploads\\\/2022\\\/09\\\/20220926095054__MG_3615-400x250.jpg&quot;,&quot;imageURL&quot;:&quot;https:\\\/\\\/portalv1.com.br\\\/app\\\/wp-content\\\/uploads\\\/2022\\\/09\\\/20220926095054__MG_3615.jpg&quot;,&quot;pid&quot;:130052,&quot;galleryid&quot;:1,&quot;description&quot;:&quot;&quot;,&quot;alttext&quot;:&quot;Segunda edi\\u00e7\\u00e3o da Feira da Agricultura Familiar foi realizada em Valen\\u00e7a&quot;,&quot;thumbnailURL&quot;:&quot;https:\\\/\\\/portalv1.com.br\\\/app\\\/wp-content\\\/uploads\\\/2022\\\/09\\\/20220926095054__MG_3615-400x250.jpg&quot;,&quot;style&quot;:&quot;&quot;},{&quot;thumbcode&quot;:&quot;https:\\\/\\\/portalv1.com.br\\\/app\\\/wp-content\\\/uploads\\\/2022\\\/09\\\/20220926095117__MG_3619-400x250.jpg&quot;,&quot;imageURL&quot;:&quot;https:\\\/\\\/portalv1.com.br\\\/app\\\/wp-content\\\/uploads\\\/2022\\\/09\\\/20220926095117__MG_3619.jpg&quot;,&quot;pid&quot;:130053,&quot;galleryid&quot;:1,&quot;description&quot;:&quot;&quot;,&quot;alttext&quot;:&quot;Segunda edi\\u00e7\\u00e3o da Feira da Agricultura Familiar foi realizada em Valen\\u00e7a&quot;,&quot;thumbnailURL&quot;:&quot;https:\\\/\\\/portalv1.com.br\\\/app\\\/wp-content\\\/uploads\\\/2022\\\/09\\\/20220926095117__MG_3619-400x250.jpg&quot;,&quot;style&quot;:&quot;&quot;},{&quot;thumbcode&quot;:&quot;https:\\\/\\\/portalv1.com.br\\\/app\\\/wp-content\\\/uploads\\\/2022\\\/09\\\/20220926095217__MG_3621-400x250.jpg&quot;,&quot;imageURL&quot;:&quot;https:\\\/\\\/portalv1.com.br\\\/app\\\/wp-content\\\/uploads\\\/2022\\\/09\\\/20220926095217__MG_3621.jpg&quot;,&quot;pid&quot;:130054,&quot;galleryid&quot;:1,&quot;description&quot;:&quot;&quot;,&quot;alttext&quot;:&quot;Segunda edi\\u00e7\\u00e3o da Feira da Agricultura Familiar foi realizada em Valen\\u00e7a&quot;,&quot;thumbnailURL&quot;:&quot;https:\\\/\\\/portalv1.com.br\\\/app\\\/wp-content\\\/uploads\\\/2022\\\/09\\\/20220926095217__MG_3621-400x250.jpg&quot;,&quot;style&quot;:&quot;&quot;},{&quot;thumbcode&quot;:&quot;https:\\\/\\\/portalv1.com.br\\\/app\\\/wp-content\\\/uploads\\\/2022\\\/09\\\/20220926095230__MG_3623-400x250.jpg&quot;,&quot;imageURL&quot;:&quot;https:\\\/\\\/portalv1.com.br\\\/app\\\/wp-content\\\/uploads\\\/2022\\\/09\\\/20220926095230__MG_3623.jpg&quot;,&quot;pid&quot;:130055,&quot;galleryid&quot;:1,&quot;description&quot;:&quot;&quot;,&quot;alttext&quot;:&quot;Segunda edi\\u00e7\\u00e3o da Feira da Agricultura Familiar foi realizada em Valen\\u00e7a&quot;,&quot;thumbnailURL&quot;:&quot;https:\\\/\\\/portalv1.com.br\\\/app\\\/wp-content\\\/uploads\\\/2022\\\/09\\\/20220926095230__MG_3623-400x250.jpg&quot;,&quot;style&quot;:&quot;&quot;},{&quot;thumbcode&quot;:&quot;https:\\\/\\\/portalv1.com.br\\\/app\\\/wp-content\\\/uploads\\\/2022\\\/09\\\/20220926095356__MG_3624-400x250.jpg&quot;,&quot;imageURL&quot;:&quot;https:\\\/\\\/portalv1.com.br\\\/app\\\/wp-content\\\/uploads\\\/2022\\\/09\\\/20220926095356__MG_3624.jpg&quot;,&quot;pid&quot;:130056,&quot;galleryid&quot;:1,&quot;description&quot;:&quot;&quot;,&quot;alttext&quot;:&quot;Segunda edi\\u00e7\\u00e3o da Feira da Agricultura Familiar foi realizada em Valen\\u00e7a&quot;,&quot;thumbnailURL&quot;:&quot;https:\\\/\\\/portalv1.com.br\\\/app\\\/wp-content\\\/uploads\\\/2022\\\/09\\\/20220926095356__MG_3624-400x250.jpg&quot;,&quot;style&quot;:&quot;&quot;},{&quot;thumbcode&quot;:&quot;https:\\\/\\\/portalv1.com.br\\\/app\\\/wp-content\\\/uploads\\\/2022\\\/09\\\/20220926095533__MG_3625-400x250.jpg&quot;,&quot;imageURL&quot;:&quot;https:\\\/\\\/portalv1.com.br\\\/app\\\/wp-content\\\/uploads\\\/2022\\\/09\\\/20220926095533__MG_3625.jpg&quot;,&quot;pid&quot;:130057,&quot;galleryid&quot;:1,&quot;description&quot;:&quot;&quot;,&quot;alttext&quot;:&quot;Segunda edi\\u00e7\\u00e3o da Feira da Agricultura Familiar foi realizada em Valen\\u00e7a&quot;,&quot;thumbnailURL&quot;:&quot;https:\\\/\\\/portalv1.com.br\\\/app\\\/wp-content\\\/uploads\\\/2022\\\/09\\\/20220926095533__MG_3625-400x250.jpg&quot;,&quot;style&quot;:&quot;&quot;},{&quot;thumbcode&quot;:&quot;https:\\\/\\\/portalv1.com.br\\\/app\\\/wp-content\\\/uploads\\\/2022\\\/09\\\/20220926095731__MG_3630-400x250.jpg&quot;,&quot;imageURL&quot;:&quot;https:\\\/\\\/portalv1.com.br\\\/app\\\/wp-content\\\/uploads\\\/2022\\\/09\\\/20220926095731__MG_3630.jpg&quot;,&quot;pid&quot;:130058,&quot;galleryid&quot;:1,&quot;description&quot;:&quot;&quot;,&quot;alttext&quot;:&quot;Segunda edi\\u00e7\\u00e3o da Feira da Agricultura Familiar foi realizada em Valen\\u00e7a&quot;,&quot;thumbnailURL&quot;:&quot;https:\\\/\\\/portalv1.com.br\\\/app\\\/wp-content\\\/uploads\\\/2022\\\/09\\\/20220926095731__MG_3630-400x250.jpg&quot;,&quot;style&quot;:&quot;&quot;},{&quot;thumbcode&quot;:&quot;https:\\\/\\\/portalv1.com.br\\\/app\\\/wp-content\\\/uploads\\\/2022\\\/09\\\/20220926095909__MG_3633-400x250.jpg&quot;,&quot;imageURL&quot;:&quot;https:\\\/\\\/portalv1.com.br\\\/app\\\/wp-content\\\/uploads\\\/2022\\\/09\\\/20220926095909__MG_3633.jpg&quot;,&quot;pid&quot;:130059,&quot;galleryid&quot;:1,&quot;description&quot;:&quot;&quot;,&quot;alttext&quot;:&quot;Segunda edi\\u00e7\\u00e3o da Feira da Agricultura Familiar foi realizada em Valen\\u00e7a&quot;,&quot;thumbnailURL&quot;:&quot;https:\\\/\\\/portalv1.com.br\\\/app\\\/wp-content\\\/uploads\\\/2022\\\/09\\\/20220926095909__MG_3633-400x250.jpg&quot;,&quot;style&quot;:&quot;&quot;},{&quot;thumbcode&quot;:&quot;https:\\\/\\\/portalv1.com.br\\\/app\\\/wp-content\\\/uploads\\\/2022\\\/09\\\/20220926100006__MG_3635-400x250.jpg&quot;,&quot;imageURL&quot;:&quot;https:\\\/\\\/portalv1.com.br\\\/app\\\/wp-content\\\/uploads\\\/2022\\\/09\\\/20220926100006__MG_3635.jpg&quot;,&quot;pid&quot;:130060,&quot;galleryid&quot;:1,&quot;description&quot;:&quot;&quot;,&quot;alttext&quot;:&quot;Segunda edi\\u00e7\\u00e3o da Feira da Agricultura Familiar foi realizada em Valen\\u00e7a&quot;,&quot;thumbnailURL&quot;:&quot;https:\\\/\\\/portalv1.com.br\\\/app\\\/wp-content\\\/uploads\\\/2022\\\/09\\\/20220926100006__MG_3635-400x250.jpg&quot;,&quot;style&quot;:&quot;&quot;},{&quot;thumbcode&quot;:&quot;https:\\\/\\\/portalv1.com.br\\\/app\\\/wp-content\\\/uploads\\\/2022\\\/09\\\/20220926100115__MG_3640-400x250.jpg&quot;,&quot;imageURL&quot;:&quot;https:\\\/\\\/portalv1.com.br\\\/app\\\/wp-content\\\/uploads\\\/2022\\\/09\\\/20220926100115__MG_3640.jpg&quot;,&quot;pid&quot;:130061,&quot;galleryid&quot;:1,&quot;description&quot;:&quot;&quot;,&quot;alttext&quot;:&quot;Segunda edi\\u00e7\\u00e3o da Feira da Agricultura Familiar foi realizada em Valen\\u00e7a&quot;,&quot;thumbnailURL&quot;:&quot;https:\\\/\\\/portalv1.com.br\\\/app\\\/wp-content\\\/uploads\\\/2022\\\/09\\\/20220926100115__MG_3640-400x250.jpg&quot;,&quot;style&quot;:&quot;&quot;},{&quot;thumbcode&quot;:&quot;https:\\\/\\\/portalv1.com.br\\\/app\\\/wp-content\\\/uploads\\\/2022\\\/09\\\/20220926100739__MG_3642-400x250.jpg&quot;,&quot;imageURL&quot;:&quot;https:\\\/\\\/portalv1.com.br\\\/app\\\/wp-content\\\/uploads\\\/2022\\\/09\\\/20220926100739__MG_3642.jpg&quot;,&quot;pid&quot;:130062,&quot;galleryid&quot;:1,&quot;description&quot;:&quot;&quot;,&quot;alttext&quot;:&quot;Segunda edi\\u00e7\\u00e3o da Feira da Agricultura Familiar foi realizada em Valen\\u00e7a&quot;,&quot;thumbnailURL&quot;:&quot;https:\\\/\\\/portalv1.com.br\\\/app\\\/wp-content\\\/uploads\\\/2022\\\/09\\\/20220926100739__MG_3642-400x250.jpg&quot;,&quot;style&quot;:&quot;&quot;},{&quot;thumbcode&quot;:&quot;https:\\\/\\\/portalv1.com.br\\\/app\\\/wp-content\\\/uploads\\\/2022\\\/09\\\/20220926100808__MG_3644-400x250.jpg&quot;,&quot;imageURL&quot;:&quot;https:\\\/\\\/portalv1.com.br\\\/app\\\/wp-content\\\/uploads\\\/2022\\\/09\\\/20220926100808__MG_3644.jpg&quot;,&quot;pid&quot;:130063,&quot;galleryid&quot;:1,&quot;description&quot;:&quot;&quot;,&quot;alttext&quot;:&quot;Segunda edi\\u00e7\\u00e3o da Feira da Agricultura Familiar foi realizada em Valen\\u00e7a&quot;,&quot;thumbnailURL&quot;:&quot;https:\\\/\\\/portalv1.com.br\\\/app\\\/wp-content\\\/uploads\\\/2022\\\/09\\\/20220926100808__MG_3644-400x250.jpg&quot;,&quot;style&quot;:&quot;&quot;},{&quot;thumbcode&quot;:&quot;https:\\\/\\\/portalv1.com.br\\\/app\\\/wp-content\\\/uploads\\\/2022\\\/09\\\/20220926101638__MG_3648-400x250.jpg&quot;,&quot;imageURL&quot;:&quot;https:\\\/\\\/portalv1.com.br\\\/app\\\/wp-content\\\/uploads\\\/2022\\\/09\\\/20220926101638__MG_3648.jpg&quot;,&quot;pid&quot;:130064,&quot;galleryid&quot;:1,&quot;description&quot;:&quot;&quot;,&quot;alttext&quot;:&quot;Segunda edi\\u00e7\\u00e3o da Feira da Agricultura Familiar foi realizada em Valen\\u00e7a&quot;,&quot;thumbnailURL&quot;:&quot;https:\\\/\\\/portalv1.com.br\\\/app\\\/wp-content\\\/uploads\\\/2022\\\/09\\\/20220926101638__MG_3648-400x250.jpg&quot;,&quot;style&quot;:&quot;&quot;},{&quot;thumbcode&quot;:&quot;https:\\\/\\\/portalv1.com.br\\\/app\\\/wp-content\\\/uploads\\\/2022\\\/09\\\/20220926101704__MG_3649-400x250.jpg&quot;,&quot;imageURL&quot;:&quot;https:\\\/\\\/portalv1.com.br\\\/app\\\/wp-content\\\/uploads\\\/2022\\\/09\\\/20220926101704__MG_3649.jpg&quot;,&quot;pid&quot;:130065,&quot;galleryid&quot;:1,&quot;description&quot;:&quot;&quot;,&quot;alttext&quot;:&quot;Segunda edi\\u00e7\\u00e3o da Feira da Agricultura Familiar foi realizada em Valen\\u00e7a&quot;,&quot;thumbnailURL&quot;:&quot;https:\\\/\\\/portalv1.com.br\\\/app\\\/wp-content\\\/uploads\\\/2022\\\/09\\\/20220926101704__MG_3649-400x250.jpg&quot;,&quot;style&quot;:&quot;&quot;},{&quot;thumbcode&quot;:&quot;https:\\\/\\\/portalv1.com.br\\\/app\\\/wp-content\\\/uploads\\\/2022\\\/09\\\/20220926102759__MG_3652-400x250.jpg&quot;,&quot;imageURL&quot;:&quot;https:\\\/\\\/portalv1.com.br\\\/app\\\/wp-content\\\/uploads\\\/2022\\\/09\\\/20220926102759__MG_3652.jpg&quot;,&quot;pid&quot;:130066,&quot;galleryid&quot;:1,&quot;description&quot;:&quot;&quot;,&quot;alttext&quot;:&quot;Segunda edi\\u00e7\\u00e3o da Feira da Agricultura Familiar foi realizada em Valen\\u00e7a&quot;,&quot;thumbnailURL&quot;:&quot;https:\\\/\\\/portalv1.com.br\\\/app\\\/wp-content\\\/uploads\\\/2022\\\/09\\\/20220926102759__MG_3652-400x250.jpg&quot;,&quot;style&quot;:&quot;&quot;},{&quot;thumbcode&quot;:&quot;https:\\\/\\\/portalv1.com.br\\\/app\\\/wp-content\\\/uploads\\\/2022\\\/09\\\/20220926103353__MG_3655-400x250.jpg&quot;,&quot;imageURL&quot;:&quot;https:\\\/\\\/portalv1.com.br\\\/app\\\/wp-content\\\/uploads\\\/2022\\\/09\\\/20220926103353__MG_3655.jpg&quot;,&quot;pid&quot;:130067,&quot;galleryid&quot;:1,&quot;description&quot;:&quot;&quot;,&quot;alttext&quot;:&quot;Segunda edi\\u00e7\\u00e3o da Feira da Agricultura Familiar foi realizada em Valen\\u00e7a&quot;,&quot;thumbnailURL&quot;:&quot;https:\\\/\\\/portalv1.com.br\\\/app\\\/wp-content\\\/uploads\\\/2022\\\/09\\\/20220926103353__MG_3655-400x250.jpg&quot;,&quot;style&quot;:&quot;&quot;},{&quot;thumbcode&quot;:&quot;https:\\\/\\\/portalv1.com.br\\\/app\\\/wp-content\\\/uploads\\\/2022\\\/09\\\/20220926104117__MG_3657-400x250.jpg&quot;,&quot;imageURL&quot;:&quot;https:\\\/\\\/portalv1.com.br\\\/app\\\/wp-content\\\/uploads\\\/2022\\\/09\\\/20220926104117__MG_3657.jpg&quot;,&quot;pid&quot;:130068,&quot;galleryid&quot;:1,&quot;description&quot;:&quot;&quot;,&quot;alttext&quot;:&quot;Segunda edi\\u00e7\\u00e3o da Feira da Agricultura Familiar foi realizada em Valen\\u00e7a&quot;,&quot;thumbnailURL&quot;:&quot;https:\\\/\\\/portalv1.com.br\\\/app\\\/wp-content\\\/uploads\\\/2022\\\/09\\\/20220926104117__MG_3657-400x250.jpg&quot;,&quot;style&quot;:&quot;&quot;},{&quot;thumbcode&quot;:&quot;https:\\\/\\\/portalv1.com.br\\\/app\\\/wp-content\\\/uploads\\\/2022\\\/09\\\/20220926104127__MG_3659-400x250.jpg&quot;,&quot;imageURL&quot;:&quot;https:\\\/\\\/portalv1.com.br\\\/app\\\/wp-content\\\/uploads\\\/2022\\\/09\\\/20220926104127__MG_3659.jpg&quot;,&quot;pid&quot;:130069,&quot;galleryid&quot;:1,&quot;description&quot;:&quot;&quot;,&quot;alttext&quot;:&quot;Segunda edi\\u00e7\\u00e3o da Feira da Agricultura Familiar foi realizada em Valen\\u00e7a&quot;,&quot;thumbnailURL&quot;:&quot;https:\\\/\\\/portalv1.com.br\\\/app\\\/wp-content\\\/uploads\\\/2022\\\/09\\\/20220926104127__MG_3659-400x250.jpg&quot;,&quot;style&quot;:&quot;&quot;},{&quot;thumbcode&quot;:&quot;https:\\\/\\\/portalv1.com.br\\\/app\\\/wp-content\\\/uploads\\\/2022\\\/09\\\/20220926104303__MG_3663-400x250.jpg&quot;,&quot;imageURL&quot;:&quot;https:\\\/\\\/portalv1.com.br\\\/app\\\/wp-content\\\/uploads\\\/2022\\\/09\\\/20220926104303__MG_3663.jpg&quot;,&quot;pid&quot;:130070,&quot;galleryid&quot;:1,&quot;description&quot;:&quot;&quot;,&quot;alttext&quot;:&quot;Segunda edi\\u00e7\\u00e3o da Feira da Agricultura Familiar foi realizada em Valen\\u00e7a&quot;,&quot;thumbnailURL&quot;:&quot;https:\\\/\\\/portalv1.com.br\\\/app\\\/wp-content\\\/uploads\\\/2022\\\/09\\\/20220926104303__MG_3663-400x250.jpg&quot;,&quot;style&quot;:&quot;&quot;},{&quot;thumbcode&quot;:&quot;https:\\\/\\\/portalv1.com.br\\\/app\\\/wp-content\\\/uploads\\\/2022\\\/09\\\/20220926203814__MG_3687-400x250.jpg&quot;,&quot;imageURL&quot;:&quot;https:\\\/\\\/portalv1.com.br\\\/app\\\/wp-content\\\/uploads\\\/2022\\\/09\\\/20220926203814__MG_3687.jpg&quot;,&quot;pid&quot;:130071,&quot;galleryid&quot;:1,&quot;description&quot;:&quot;&quot;,&quot;alttext&quot;:&quot;Segunda edi\\u00e7\\u00e3o da Feira da Agricultura Familiar foi realizada em Valen\\u00e7a&quot;,&quot;thumbnailURL&quot;:&quot;https:\\\/\\\/portalv1.com.br\\\/app\\\/wp-content\\\/uploads\\\/2022\\\/09\\\/20220926203814__MG_3687-400x250.jpg&quot;,&quot;style&quot;:&quot;&quot;},{&quot;thumbcode&quot;:&quot;https:\\\/\\\/portalv1.com.br\\\/app\\\/wp-content\\\/uploads\\\/2022\\\/09\\\/20220926203852__MG_3689-400x250.jpg&quot;,&quot;imageURL&quot;:&quot;https:\\\/\\\/portalv1.com.br\\\/app\\\/wp-content\\\/uploads\\\/2022\\\/09\\\/20220926203852__MG_3689.jpg&quot;,&quot;pid&quot;:130072,&quot;galleryid&quot;:1,&quot;description&quot;:&quot;&quot;,&quot;alttext&quot;:&quot;Segunda edi\\u00e7\\u00e3o da Feira da Agricultura Familiar foi realizada em Valen\\u00e7a&quot;,&quot;thumbnailURL&quot;:&quot;https:\\\/\\\/portalv1.com.br\\\/app\\\/wp-content\\\/uploads\\\/2022\\\/09\\\/20220926203852__MG_3689-400x250.jpg&quot;,&quot;style&quot;:&quot;&quot;},{&quot;thumbcode&quot;:&quot;https:\\\/\\\/portalv1.com.br\\\/app\\\/wp-content\\\/uploads\\\/2022\\\/09\\\/20220926204050__MG_3690-400x250.jpg&quot;,&quot;imageURL&quot;:&quot;https:\\\/\\\/portalv1.com.br\\\/app\\\/wp-content\\\/uploads\\\/2022\\\/09\\\/20220926204050__MG_3690.jpg&quot;,&quot;pid&quot;:130073,&quot;galleryid&quot;:1,&quot;description&quot;:&quot;&quot;,&quot;alttext&quot;:&quot;Segunda edi\\u00e7\\u00e3o da Feira da Agricultura Familiar foi realizada em Valen\\u00e7a&quot;,&quot;thumbnailURL&quot;:&quot;https:\\\/\\\/portalv1.com.br\\\/app\\\/wp-content\\\/uploads\\\/2022\\\/09\\\/20220926204050__MG_3690-400x250.jpg&quot;,&quot;style&quot;:&quot;&quot;},{&quot;thumbcode&quot;:&quot;https:\\\/\\\/portalv1.com.br\\\/app\\\/wp-content\\\/uploads\\\/2022\\\/09\\\/20220926204154__MG_3693-400x250.jpg&quot;,&quot;imageURL&quot;:&quot;https:\\\/\\\/portalv1.com.br\\\/app\\\/wp-content\\\/uploads\\\/2022\\\/09\\\/20220926204154__MG_3693.jpg&quot;,&quot;pid&quot;:130074,&quot;galleryid&quot;:1,&quot;description&quot;:&quot;&quot;,&quot;alttext&quot;:&quot;Segunda edi\\u00e7\\u00e3o da Feira da Agricultura Familiar foi realizada em Valen\\u00e7a&quot;,&quot;thumbnailURL&quot;:&quot;https:\\\/\\\/portalv1.com.br\\\/app\\\/wp-content\\\/uploads\\\/2022\\\/09\\\/20220926204154__MG_3693-400x250.jpg&quot;,&quot;style&quot;:&quot;&quot;},{&quot;thumbcode&quot;:&quot;https:\\\/\\\/portalv1.com.br\\\/app\\\/wp-content\\\/uploads\\\/2022\\\/09\\\/20220926204337__MG_3694-400x250.jpg&quot;,&quot;imageURL&quot;:&quot;https:\\\/\\\/portalv1.com.br\\\/app\\\/wp-content\\\/uploads\\\/2022\\\/09\\\/20220926204337__MG_3694.jpg&quot;,&quot;pid&quot;:130075,&quot;galleryid&quot;:1,&quot;description&quot;:&quot;&quot;,&quot;alttext&quot;:&quot;Segunda edi\\u00e7\\u00e3o da Feira da Agricultura Familiar foi realizada em Valen\\u00e7a&quot;,&quot;thumbnailURL&quot;:&quot;https:\\\/\\\/portalv1.com.br\\\/app\\\/wp-content\\\/uploads\\\/2022\\\/09\\\/20220926204337__MG_3694-400x250.jpg&quot;,&quot;style&quot;:&quot;&quot;},{&quot;thumbcode&quot;:&quot;https:\\\/\\\/portalv1.com.br\\\/app\\\/wp-content\\\/uploads\\\/2022\\\/09\\\/20220926204453__MG_3695-400x250.jpg&quot;,&quot;imageURL&quot;:&quot;https:\\\/\\\/portalv1.com.br\\\/app\\\/wp-content\\\/uploads\\\/2022\\\/09\\\/20220926204453__MG_3695.jpg&quot;,&quot;pid&quot;:130076,&quot;galleryid&quot;:1,&quot;description&quot;:&quot;&quot;,&quot;alttext&quot;:&quot;Segunda edi\\u00e7\\u00e3o da Feira da Agricultura Familiar foi realizada em Valen\\u00e7a&quot;,&quot;thumbnailURL&quot;:&quot;https:\\\/\\\/portalv1.com.br\\\/app\\\/wp-content\\\/uploads\\\/2022\\\/09\\\/20220926204453__MG_3695-400x250.jpg&quot;,&quot;style&quot;:&quot;&quot;},{&quot;thumbcode&quot;:&quot;https:\\\/\\\/portalv1.com.br\\\/app\\\/wp-content\\\/uploads\\\/2022\\\/09\\\/20220926204531__MG_3698-400x250.jpg&quot;,&quot;imageURL&quot;:&quot;https:\\\/\\\/portalv1.com.br\\\/app\\\/wp-content\\\/uploads\\\/2022\\\/09\\\/20220926204531__MG_3698.jpg&quot;,&quot;pid&quot;:130077,&quot;galleryid&quot;:1,&quot;description&quot;:&quot;&quot;,&quot;alttext&quot;:&quot;Segunda edi\\u00e7\\u00e3o da Feira da Agricultura Familiar foi realizada em Valen\\u00e7a&quot;,&quot;thumbnailURL&quot;:&quot;https:\\\/\\\/portalv1.com.br\\\/app\\\/wp-content\\\/uploads\\\/2022\\\/09\\\/20220926204531__MG_3698-400x250.jpg&quot;,&quot;style&quot;:&quot;&quot;},{&quot;thumbcode&quot;:&quot;https:\\\/\\\/portalv1.com.br\\\/app\\\/wp-content\\\/uploads\\\/2022\\\/09\\\/20220926204649__MG_3699-400x250.jpg&quot;,&quot;imageURL&quot;:&quot;https:\\\/\\\/portalv1.com.br\\\/app\\\/wp-content\\\/uploads\\\/2022\\\/09\\\/20220926204649__MG_3699.jpg&quot;,&quot;pid&quot;:130078,&quot;galleryid&quot;:1,&quot;description&quot;:&quot;&quot;,&quot;alttext&quot;:&quot;Segunda edi\\u00e7\\u00e3o da Feira da Agricultura Familiar foi realizada em Valen\\u00e7a&quot;,&quot;thumbnailURL&quot;:&quot;https:\\\/\\\/portalv1.com.br\\\/app\\\/wp-content\\\/uploads\\\/2022\\\/09\\\/20220926204649__MG_3699-400x250.jpg&quot;,&quot;style&quot;:&quot;&quot;},{&quot;thumbcode&quot;:&quot;https:\\\/\\\/portalv1.com.br\\\/app\\\/wp-content\\\/uploads\\\/2022\\\/09\\\/20220926205338__MG_3705-400x250.jpg&quot;,&quot;imageURL&quot;:&quot;https:\\\/\\\/portalv1.com.br\\\/app\\\/wp-content\\\/uploads\\\/2022\\\/09\\\/20220926205338__MG_3705.jpg&quot;,&quot;pid&quot;:130079,&quot;galleryid&quot;:1,&quot;description&quot;:&quot;&quot;,&quot;alttext&quot;:&quot;Segunda edi\\u00e7\\u00e3o da Feira da Agricultura Familiar foi realizada em Valen\\u00e7a&quot;,&quot;thumbnailURL&quot;:&quot;https:\\\/\\\/portalv1.com.br\\\/app\\\/wp-content\\\/uploads\\\/2022\\\/09\\\/20220926205338__MG_3705-400x250.jpg&quot;,&quot;style&quot;:&quot;&quot;},{&quot;thumbcode&quot;:&quot;https:\\\/\\\/portalv1.com.br\\\/app\\\/wp-content\\\/uploads\\\/2022\\\/09\\\/20220926205436__MG_3714-400x250.jpg&quot;,&quot;imageURL&quot;:&quot;https:\\\/\\\/portalv1.com.br\\\/app\\\/wp-content\\\/uploads\\\/2022\\\/09\\\/20220926205436__MG_3714.jpg&quot;,&quot;pid&quot;:130080,&quot;galleryid&quot;:1,&quot;description&quot;:&quot;&quot;,&quot;alttext&quot;:&quot;Segunda edi\\u00e7\\u00e3o da Feira da Agricultura Familiar foi realizada em Valen\\u00e7a&quot;,&quot;thumbnailURL&quot;:&quot;https:\\\/\\\/portalv1.com.br\\\/app\\\/wp-content\\\/uploads\\\/2022\\\/09\\\/20220926205436__MG_3714-400x250.jpg&quot;,&quot;style&quot;:&quot;&quot;},{&quot;thumbcode&quot;:&quot;https:\\\/\\\/portalv1.com.br\\\/app\\\/wp-content\\\/uploads\\\/2022\\\/09\\\/IMG_9926-400x250.jpg&quot;,&quot;imageURL&quot;:&quot;https:\\\/\\\/portalv1.com.br\\\/app\\\/wp-content\\\/uploads\\\/2022\\\/09\\\/IMG_9926.jpg&quot;,&quot;pid&quot;:130081,&quot;galleryid&quot;:1,&quot;description&quot;:&quot;&quot;,&quot;alttext&quot;:&quot;Segunda edi\\u00e7\\u00e3o da Feira da Agricultura Familiar foi realizada em Valen\\u00e7a&quot;,&quot;thumbnailURL&quot;:&quot;https:\\\/\\\/portalv1.com.br\\\/app\\\/wp-content\\\/uploads\\\/2022\\\/09\\\/IMG_9926-400x250.jpg&quot;,&quot;style&quot;:&quot;&quot;}]}}\"><\/div>\n                  <\/div>\n<p>&nbsp;<\/p>\n<p>&nbsp;<\/p>\n","protected":false},"excerpt":{"rendered":"<p>Com o objetivo de valorizar a agricultura familiar, a Prefeitura de Valen\u00e7a do Piaui, por meio da Secretaria de Agricultura, realizou nesta sexta-feira (23), a 2\u00aa Feira da Agricultura Familiar&#8230;<\/p>\n","protected":false},"author":1,"featured_media":130067,"comment_status":"open","ping_status":"open","sticky":false,"template":"","format":"standard","meta":{"ngg_post_thumbnail":0,"footnotes":""},"categories":[243],"tags":[],"class_list":["post-130040","post","type-post","status-publish","format-standard","has-post-thumbnail","hentry","category-geral"],"views":1034,"meta_data":{"thumb":"https:\/\/portalv1.com.br\/app\/wp-content\/uploads\/2022\/09\/20220926103353__MG_3655.jpg","imagem":{"fullsize":{"url":"https:\/\/portalv1.com.br\/app\/wp-content\/uploads\/2022\/09\/20220926103353__MG_3655.jpg","width":1024,"height":576},"medium":{"url":"https:\/\/portalv1.com.br\/app\/wp-content\/uploads\/2022\/09\/20220926103353__MG_3655-300x169.jpg","width":300,"height":169},"large":{"url":"https:\/\/portalv1.com.br\/app\/wp-content\/uploads\/2022\/09\/20220926103353__MG_3655-640x360.jpg","width":640,"height":360},"thumbnail":{"url":"https:\/\/portalv1.com.br\/app\/wp-content\/uploads\/2022\/09\/20220926103353__MG_3655-100x100.jpg","width":100,"height":100},"medium_large":{"url":"https:\/\/portalv1.com.br\/app\/wp-content\/uploads\/2022\/09\/20220926103353__MG_3655-768x432.jpg","width":768,"height":432}},"data":{"simple":"24\/09\/2022","date_time":"24\/09\/2022 08:36:10","date":"h\u00e1 4 anos"},"chapeu":"Saiba Detalhes ","source":"slide"},"_links":{"self":[{"href":"https:\/\/portalv1.com.br\/api\/wp\/v2\/posts\/130040","targetHints":{"allow":["GET"]}}],"collection":[{"href":"https:\/\/portalv1.com.br\/api\/wp\/v2\/posts"}],"about":[{"href":"https:\/\/portalv1.com.br\/api\/wp\/v2\/types\/post"}],"author":[{"embeddable":true,"href":"https:\/\/portalv1.com.br\/api\/wp\/v2\/users\/1"}],"replies":[{"embeddable":true,"href":"https:\/\/portalv1.com.br\/api\/wp\/v2\/comments?post=130040"}],"version-history":[{"count":0,"href":"https:\/\/portalv1.com.br\/api\/wp\/v2\/posts\/130040\/revisions"}],"wp:featuredmedia":[{"embeddable":true,"href":"https:\/\/portalv1.com.br\/api\/wp\/v2\/media\/130067"}],"wp:attachment":[{"href":"https:\/\/portalv1.com.br\/api\/wp\/v2\/media?parent=130040"}],"wp:term":[{"taxonomy":"category","embeddable":true,"href":"https:\/\/portalv1.com.br\/api\/wp\/v2\/categories?post=130040"},{"taxonomy":"post_tag","embeddable":true,"href":"https:\/\/portalv1.com.br\/api\/wp\/v2\/tags?post=130040"}],"curies":[{"name":"wp","href":"https:\/\/api.w.org\/{rel}","templated":true}]}}