{"id":130582,"date":"2022-10-02T20:43:15","date_gmt":"2022-10-02T23:43:15","guid":{"rendered":"https:\/\/portalv1.com.br\/?p=130582"},"modified":"2022-10-02T20:43:39","modified_gmt":"2022-10-02T23:43:39","slug":"rafael-fonteles-do-partido-dos-trabalhadores-e-eleito-governador-do-piaui","status":"publish","type":"post","link":"https:\/\/portalv1.com.br\/rafael-fonteles-do-partido-dos-trabalhadores-e-eleito-governador-do-piaui\/","title":{"rendered":"Rafael Fonteles do Partido dos Trabalhadores \u00e9 eleito governador do Piau\u00ed"},"content":{"rendered":"<p><a href=\"https:\/\/portalv1.com.br\/app\/wp-content\/uploads\/2022\/10\/20220918215718__MG_1826.jpg\"><img loading=\"lazy\" decoding=\"async\" class=\"aligncenter size-large wp-image-130583\" src=\"https:\/\/portalv1.com.br\/app\/wp-content\/uploads\/2022\/10\/20220918215718__MG_1826-640x360.jpg\" alt=\"\" width=\"600\" height=\"338\" srcset=\"https:\/\/portalv1.com.br\/app\/wp-content\/uploads\/2022\/10\/20220918215718__MG_1826-640x360.jpg 640w, https:\/\/portalv1.com.br\/app\/wp-content\/uploads\/2022\/10\/20220918215718__MG_1826-300x169.jpg 300w, https:\/\/portalv1.com.br\/app\/wp-content\/uploads\/2022\/10\/20220918215718__MG_1826-768x432.jpg 768w, https:\/\/portalv1.com.br\/app\/wp-content\/uploads\/2022\/10\/20220918215718__MG_1826.jpg 1024w\" sizes=\"auto, (max-width: 600px) 100vw, 600px\" \/><\/a>Na noite deste domingo (02\/09), o Piau\u00ed escolheu o novo governador do estado. O candidato Rafael Fonteles (PT) foi eleito em 1\u00ba turno.<\/p>\n<p>Rafael sucede a gest\u00e3o da governadora Regina Sousa (PT), que entrou no cargo ap\u00f3s o ex-governador Welington Dias (PT) se afastar para concorrer ao Senado Federal. O ex-secret\u00e1rio de Fazenda do Estado da continuidade \u00e0 uma gest\u00e3o iniciada em 2002 no estado.<\/p>\n<p><strong>Apura\u00e7\u00e3o<\/strong><\/p>\n<p>Ainda durante a metade da apura\u00e7\u00e3o, j\u00e1 se viu a vantagem de Rafael Fonteles se tornar inalcan\u00e7\u00e1vel. O candidato petista superou, em ordem, S\u00edlvio Mendes (Uni\u00e3o Brasil), Gessy Lima (PSC),&nbsp; Madalena Nunes (PSOL), Lourdes Melo (PCO), Geraldo Carvalho (PSTU), Ravenna Castro (PMN) e Gustavo Henrique (Patriota).<\/p>\n<p>Com 85,91% das urnas apuradas no estado, Rafael Fonteles alcan\u00e7ou 56,28% dos votos v\u00e1lidos. S\u00edlvio Mendes, segundo colocado, tem 42,40% dos votos.<\/p>\n<p><strong>Sobre Rafael Fonteles&nbsp;<\/strong><\/p>\n<p>Rafael Tajra Fonteles \u00e9 um professor universit\u00e1rio de economia matem\u00e1tica. Natural de Teresina, ele tem 37 anos e este ser\u00e1 o seu primeiro cargo pol\u00edtico. Em 2019, ele foi eleito presidente do Comsefaz (Comit\u00ea Nacional dos Secret\u00e1rios de Fazenda dos Estados e do Distrito Federal) para o bi\u00eanio 2019\/2021.<\/p>\n<p>Por sua atua\u00e7\u00e3o neste \u00f3rg\u00e3o, ele foi agraciado, em 2021, com o Pr\u00eamio Efici\u00eancia do Controle Interno, aferido pela Associa\u00e7\u00e3o dos Auditores Governamentais do Estado do Piau\u00ed (AAGEPI) com apoio da Controladoria-Geral do Estado (CGE). Neste mesmo ano ele foi reeleito para o bi\u00eanio 2021\/2023. Em mar\u00e7o de 2022, por\u00e9m, ele renunciou ao cargo. para se candidatar ao governo do estado do Piau\u00ed pelo PT.<\/p>\n<p>Fonte; oitoemeia<\/p>\n","protected":false},"excerpt":{"rendered":"<p>Na noite deste domingo (02\/09), o Piau\u00ed escolheu o novo governador do estado. O candidato Rafael Fonteles (PT) foi eleito em 1\u00ba turno. Rafael sucede a gest\u00e3o da governadora Regina&#8230;<\/p>\n","protected":false},"author":1,"featured_media":130583,"comment_status":"open","ping_status":"open","sticky":false,"template":"","format":"standard","meta":{"ngg_post_thumbnail":0,"footnotes":""},"categories":[243],"tags":[],"class_list":["post-130582","post","type-post","status-publish","format-standard","has-post-thumbnail","hentry","category-geral"],"views":501,"meta_data":{"thumb":"https:\/\/portalv1.com.br\/app\/wp-content\/uploads\/2022\/10\/20220918215718__MG_1826.jpg","imagem":{"fullsize":{"url":"https:\/\/portalv1.com.br\/app\/wp-content\/uploads\/2022\/10\/20220918215718__MG_1826.jpg","width":1024,"height":576},"medium":{"url":"https:\/\/portalv1.com.br\/app\/wp-content\/uploads\/2022\/10\/20220918215718__MG_1826-300x169.jpg","width":300,"height":169},"large":{"url":"https:\/\/portalv1.com.br\/app\/wp-content\/uploads\/2022\/10\/20220918215718__MG_1826-640x360.jpg","width":640,"height":360},"thumbnail":{"url":"https:\/\/portalv1.com.br\/app\/wp-content\/uploads\/2022\/10\/20220918215718__MG_1826-100x100.jpg","width":100,"height":100},"medium_large":{"url":"https:\/\/portalv1.com.br\/app\/wp-content\/uploads\/2022\/10\/20220918215718__MG_1826-768x432.jpg","width":768,"height":432}},"data":{"simple":"02\/10\/2022","date_time":"02\/10\/2022 17:43:15","date":"h\u00e1 4 anos"},"chapeu":"","source":"slide"},"_links":{"self":[{"href":"https:\/\/portalv1.com.br\/api\/wp\/v2\/posts\/130582","targetHints":{"allow":["GET"]}}],"collection":[{"href":"https:\/\/portalv1.com.br\/api\/wp\/v2\/posts"}],"about":[{"href":"https:\/\/portalv1.com.br\/api\/wp\/v2\/types\/post"}],"author":[{"embeddable":true,"href":"https:\/\/portalv1.com.br\/api\/wp\/v2\/users\/1"}],"replies":[{"embeddable":true,"href":"https:\/\/portalv1.com.br\/api\/wp\/v2\/comments?post=130582"}],"version-history":[{"count":0,"href":"https:\/\/portalv1.com.br\/api\/wp\/v2\/posts\/130582\/revisions"}],"wp:featuredmedia":[{"embeddable":true,"href":"https:\/\/portalv1.com.br\/api\/wp\/v2\/media\/130583"}],"wp:attachment":[{"href":"https:\/\/portalv1.com.br\/api\/wp\/v2\/media?parent=130582"}],"wp:term":[{"taxonomy":"category","embeddable":true,"href":"https:\/\/portalv1.com.br\/api\/wp\/v2\/categories?post=130582"},{"taxonomy":"post_tag","embeddable":true,"href":"https:\/\/portalv1.com.br\/api\/wp\/v2\/tags?post=130582"}],"curies":[{"name":"wp","href":"https:\/\/api.w.org\/{rel}","templated":true}]}}