{"id":130819,"date":"2022-10-05T12:19:57","date_gmt":"2022-10-05T15:19:57","guid":{"rendered":"https:\/\/portalv1.com.br\/?p=130819"},"modified":"2022-10-05T12:19:57","modified_gmt":"2022-10-05T15:19:57","slug":"sistema-de-prontuario-eletronico-do-cidadao-sera-implantado-em-valenca-do-piaui","status":"publish","type":"post","link":"https:\/\/portalv1.com.br\/sistema-de-prontuario-eletronico-do-cidadao-sera-implantado-em-valenca-do-piaui\/","title":{"rendered":"Sistema de Prontu\u00e1rio Eletr\u00f4nico do Cidad\u00e3o ser\u00e1 implantado em Valen\u00e7a do Piaui"},"content":{"rendered":"<p><a href=\"https:\/\/portalv1.com.br\/app\/wp-content\/uploads\/2022\/10\/MG_0807.jpg\"><img loading=\"lazy\" decoding=\"async\" class=\"aligncenter size-large wp-image-130820\" src=\"https:\/\/portalv1.com.br\/app\/wp-content\/uploads\/2022\/10\/MG_0807-640x360.jpg\" alt=\"\" width=\"600\" height=\"338\" srcset=\"https:\/\/portalv1.com.br\/app\/wp-content\/uploads\/2022\/10\/MG_0807-640x360.jpg 640w, https:\/\/portalv1.com.br\/app\/wp-content\/uploads\/2022\/10\/MG_0807-300x169.jpg 300w, https:\/\/portalv1.com.br\/app\/wp-content\/uploads\/2022\/10\/MG_0807-768x432.jpg 768w, https:\/\/portalv1.com.br\/app\/wp-content\/uploads\/2022\/10\/MG_0807.jpg 1024w\" sizes=\"auto, (max-width: 600px) 100vw, 600px\" \/><\/a>Profissionais da Sa\u00fade de Valen\u00e7a do Piau\u00ed participam nesta quarta e quinta-feira (06), no Col\u00e9gio Santo Ant\u00f4nio, de uma capacita\u00e7\u00e3o para a implanta\u00e7\u00e3o e funcionamento do Prontu\u00e1rio Eletr\u00f4nico do Cidad\u00e3o (PEC), que ser\u00e1 implantado em toda a rede de Aten\u00e7\u00e3o B\u00e1sica \u00e0 Sa\u00fade do munic\u00edpio, como explica Fab\u00edola Lopes, coordenadora da aten\u00e7\u00e3o b\u00e1sica.<\/p>\n<p>\u201cO objetivo \u00e9 implantar em todas as unidades b\u00e1sicas de sa\u00fade o Prontu\u00e1rio Eletr\u00f4nico do Cidad\u00e3o, que \u00e9 onde vai conter todas as informa\u00e7\u00f5es dos pacientes, todos os atendimentos, vacinas, todas as informa\u00e7\u00f5es de sa\u00fade do paciente v\u00e3o estar presentes l\u00e1. Esse prontu\u00e1rio \u00e9 nacional, ent\u00e3o onde a pessoa estiver, ele pode ser acessado, inclusive o pr\u00f3prio cidad\u00e3o pode acessar o seu prontu\u00e1rio atrav\u00e9s do ConecteSUS e todos os m\u00e9dicos que ele passar v\u00e3o ter acesso a esse prontu\u00e1rio\u201d, disse Fab\u00edola Lopes, que informou sobre a data de implanta\u00e7\u00e3o em Valen\u00e7a.<\/p>\n<p>\u201cN\u00f3s j\u00e1 estamos instalando em todas as unidades b\u00e1sicas de sa\u00fade, hoje e amanh\u00e3 ser\u00e1 o treinamento e a partir de segunda-feira vai estar funcionando em todas as unidades de sa\u00fade\u201d, afirmou.<\/p>\n","protected":false},"excerpt":{"rendered":"<p>Profissionais da Sa\u00fade de Valen\u00e7a do Piau\u00ed participam nesta quarta e quinta-feira (06), no Col\u00e9gio Santo Ant\u00f4nio, de uma capacita\u00e7\u00e3o para a implanta\u00e7\u00e3o e funcionamento do Prontu\u00e1rio Eletr\u00f4nico do Cidad\u00e3o&#8230;<\/p>\n","protected":false},"author":1,"featured_media":130820,"comment_status":"open","ping_status":"open","sticky":false,"template":"","format":"standard","meta":{"ngg_post_thumbnail":0,"footnotes":""},"categories":[243],"tags":[],"class_list":["post-130819","post","type-post","status-publish","format-standard","has-post-thumbnail","hentry","category-geral"],"views":391,"meta_data":{"thumb":"https:\/\/portalv1.com.br\/app\/wp-content\/uploads\/2022\/10\/MG_0807.jpg","imagem":{"fullsize":{"url":"https:\/\/portalv1.com.br\/app\/wp-content\/uploads\/2022\/10\/MG_0807.jpg","width":1024,"height":576},"medium":{"url":"https:\/\/portalv1.com.br\/app\/wp-content\/uploads\/2022\/10\/MG_0807-300x169.jpg","width":300,"height":169},"large":{"url":"https:\/\/portalv1.com.br\/app\/wp-content\/uploads\/2022\/10\/MG_0807-640x360.jpg","width":640,"height":360},"thumbnail":{"url":"https:\/\/portalv1.com.br\/app\/wp-content\/uploads\/2022\/10\/MG_0807-100x100.jpg","width":100,"height":100},"medium_large":{"url":"https:\/\/portalv1.com.br\/app\/wp-content\/uploads\/2022\/10\/MG_0807-768x432.jpg","width":768,"height":432}},"data":{"simple":"05\/10\/2022","date_time":"05\/10\/2022 09:19:57","date":"h\u00e1 4 anos"},"chapeu":"Capacita\u00e7\u00e3o","source":"slide"},"_links":{"self":[{"href":"https:\/\/portalv1.com.br\/api\/wp\/v2\/posts\/130819","targetHints":{"allow":["GET"]}}],"collection":[{"href":"https:\/\/portalv1.com.br\/api\/wp\/v2\/posts"}],"about":[{"href":"https:\/\/portalv1.com.br\/api\/wp\/v2\/types\/post"}],"author":[{"embeddable":true,"href":"https:\/\/portalv1.com.br\/api\/wp\/v2\/users\/1"}],"replies":[{"embeddable":true,"href":"https:\/\/portalv1.com.br\/api\/wp\/v2\/comments?post=130819"}],"version-history":[{"count":0,"href":"https:\/\/portalv1.com.br\/api\/wp\/v2\/posts\/130819\/revisions"}],"wp:featuredmedia":[{"embeddable":true,"href":"https:\/\/portalv1.com.br\/api\/wp\/v2\/media\/130820"}],"wp:attachment":[{"href":"https:\/\/portalv1.com.br\/api\/wp\/v2\/media?parent=130819"}],"wp:term":[{"taxonomy":"category","embeddable":true,"href":"https:\/\/portalv1.com.br\/api\/wp\/v2\/categories?post=130819"},{"taxonomy":"post_tag","embeddable":true,"href":"https:\/\/portalv1.com.br\/api\/wp\/v2\/tags?post=130819"}],"curies":[{"name":"wp","href":"https:\/\/api.w.org\/{rel}","templated":true}]}}