{"id":130886,"date":"2022-10-07T20:21:12","date_gmt":"2022-10-07T23:21:12","guid":{"rendered":"https:\/\/portalv1.com.br\/?p=130886"},"modified":"2022-10-07T20:22:21","modified_gmt":"2022-10-07T23:22:21","slug":"francinopolis-sobe-na-classificacao-estadual-do-previne-brasil-e-ja-ocupa-o-3-lugar-no-vale-do-sambito","status":"publish","type":"post","link":"https:\/\/portalv1.com.br\/francinopolis-sobe-na-classificacao-estadual-do-previne-brasil-e-ja-ocupa-o-3-lugar-no-vale-do-sambito\/","title":{"rendered":"Francin\u00f3polis sobe na classifica\u00e7\u00e3o estadual do Previne Brasil e j\u00e1 ocupa o 3\u00b0 lugar no Vale do Sambito"},"content":{"rendered":"<figure id=\"attachment_109628\" aria-describedby=\"caption-attachment-109628\" style=\"width: 600px\" class=\"wp-caption aligncenter\"><a href=\"https:\/\/portalv1.com.br\/app\/wp-content\/uploads\/2022\/01\/paulo.jpg\"><img loading=\"lazy\" decoding=\"async\" class=\"size-large wp-image-109628\" src=\"https:\/\/portalv1.com.br\/app\/wp-content\/uploads\/2022\/01\/paulo-640x427.jpg\" alt=\"\" width=\"600\" height=\"400\" srcset=\"https:\/\/portalv1.com.br\/app\/wp-content\/uploads\/2022\/01\/paulo-640x427.jpg 640w, https:\/\/portalv1.com.br\/app\/wp-content\/uploads\/2022\/01\/paulo-300x200.jpg 300w, https:\/\/portalv1.com.br\/app\/wp-content\/uploads\/2022\/01\/paulo-768x512.jpg 768w, https:\/\/portalv1.com.br\/app\/wp-content\/uploads\/2022\/01\/paulo.jpg 1024w\" sizes=\"auto, (max-width: 600px) 100vw, 600px\" \/><\/a><figcaption id=\"caption-attachment-109628\" class=\"wp-caption-text\">Prefeito Paulo C\u00e9sar<\/figcaption><\/figure>\n<p>O munic\u00edpio de Francin\u00f3polis vem se destacando na atua\u00e7\u00e3o de pol\u00edticas p\u00fablicas voltadas para sa\u00fade. A gest\u00e3o do prefeito Paulo C\u00e9sar, tem investido prioritariamente na qualidade do servi\u00e7o com financiamento municipal acima do percentual exigido em Lei, garantindo um n\u00famero expressivo de m\u00e9dicos atendendo a popula\u00e7\u00e3o diariamente.<\/p>\n<p>Al\u00e9m de profissionais especializados, o munic\u00edpio tem adquirido ve\u00edculos novos e bem estruturados para que as equipes da sa\u00fade da fam\u00edlia se desloquem em suas a\u00e7\u00f5es e atendimentos nos postos e visitas domiciliares na zona urbana e rural. Com isso, proporcionando uma estrutura de qualidade e uma assist\u00eancia \u00e0 sa\u00fade de forma preventiva e resolutiva dentro da Aten\u00e7\u00e3o Prim\u00e1ria em Sa\u00fade.<\/p>\n<p>Todo o empenho da administra\u00e7\u00e3o vem resultando em uma crescente evolu\u00e7\u00e3o nas notas dos desempenhos quadrimestrais, onde no 2\u00b0 quadrimestre de 2021 o \u00cdndice Sint\u00e9tico Final- ISF, que \u00e9 o consolidado de todos os indicadores, a nota foi 4.71, e agora no segundo quadrimestre de 2022 a nota foi para 9.6, colocando a sa\u00fade de Francin\u00f3polis na 15\u00b0 posi\u00e7\u00e3o a n\u00edvel de Piau\u00ed e a 3\u00b0 colocada a n\u00edvel regional do Vale Sambito.<\/p>\n<p>A Secret\u00e1ria de Sa\u00fade, Dulce Orminda conta como se deu o in\u00edcio dos indicadores do Programa Previne Brasil e como isso foi sendo utilizado pelo munic\u00edpio para melhor a sa\u00fade b\u00e1sica.<\/p>\n<p>&#8220;O programa previne Brasil foi iniciado em novembro de 2019, a princ\u00edpio eram somente tr\u00eas indicadores que o minist\u00e9rio levava em considera\u00e7\u00e3o, mas a partir do ano de 2022 ele j\u00e1 estava contabilizando os sete indicadores e isso mostra realmente o que fazemos na sa\u00fade, implantamos o prontu\u00e1rio eletr\u00f4nico que \u00e9 uma ferramenta de extrema import\u00e2ncia para as equipes estarem trabalhando, bem como os tablets utilizado pelos ACS, onde \u00e9 feito a capta\u00e7\u00e3o ponderada cadastrando cada indiv\u00edduo da fam\u00edlia atrav\u00e9s do cart\u00e3o do SUS, dando assim uma melhor assist\u00eancia a aten\u00e7\u00e3o b\u00e1sica e com isso estamos dando qualidade aos atendimentos e prevenindo as doen\u00e7as&#8221;, explica a secret\u00e1ria.<a href=\"https:\/\/portalv1.com.br\/app\/wp-content\/uploads\/2022\/10\/WhatsApp-Image-2022-10-07-at-17.58.47.jpeg\"><img loading=\"lazy\" decoding=\"async\" class=\"aligncenter size-large wp-image-130887\" src=\"https:\/\/portalv1.com.br\/app\/wp-content\/uploads\/2022\/10\/WhatsApp-Image-2022-10-07-at-17.58.47-640x640.jpeg\" alt=\"\" width=\"600\" height=\"600\" srcset=\"https:\/\/portalv1.com.br\/app\/wp-content\/uploads\/2022\/10\/WhatsApp-Image-2022-10-07-at-17.58.47-640x640.jpeg 640w, https:\/\/portalv1.com.br\/app\/wp-content\/uploads\/2022\/10\/WhatsApp-Image-2022-10-07-at-17.58.47-300x300.jpeg 300w, https:\/\/portalv1.com.br\/app\/wp-content\/uploads\/2022\/10\/WhatsApp-Image-2022-10-07-at-17.58.47-100x100.jpeg 100w, https:\/\/portalv1.com.br\/app\/wp-content\/uploads\/2022\/10\/WhatsApp-Image-2022-10-07-at-17.58.47-768x768.jpeg 768w, https:\/\/portalv1.com.br\/app\/wp-content\/uploads\/2022\/10\/WhatsApp-Image-2022-10-07-at-17.58.47.jpeg 1000w\" sizes=\"auto, (max-width: 600px) 100vw, 600px\" \/><\/a><\/p>\n<p>Os n\u00fameros positivos foram comemorados tamb\u00e9m pela secret\u00e1ria de administra\u00e7\u00e3o Regiane Morais que afirmou que o resultado reflete o trabalho e o compromisso da gest\u00e3o tamb\u00e9m na \u00e1rea da sa\u00fade.<\/p>\n<p>Satisfeito com o resultado que foi alcan\u00e7ado com o Previne Brasil, o prefeito Paulo C\u00e9sar destaca o empenho de todos da gest\u00e3o. &#8220;Esse resultado \u00e9 um certificado do trabalho duro e muito esfor\u00e7o de toda a Gest\u00e3o, profissionais e colaboradores da sa\u00fade, sempre visando o bem-estar e evoluindo de forma humanizada e com resolutividade a todos os francinopolitanos&#8221;, disse o prefeito.<\/p>\n<p>O Programa Previne Brasil \u00e9 uma nova forma de financiamento da Aten\u00e7\u00e3o Prim\u00e1ria em Sa\u00fade, estabelecendo indicadores que mede o desempenho e qualidade da aten\u00e7\u00e3o prim\u00e1ria em sa\u00fade, por todo o Brasil, os indicadores envolvem o cuidado sistematizados com Sa\u00fade da Mulher, Sa\u00fade Bucal, Pr\u00e9-Natal, Sa\u00fade da Crian\u00e7a e Doen\u00e7as Cr\u00f4nicas (Hipertens\u00e3o Arterial e Diabetes Melittus).<\/p>\n<p>&nbsp;<\/p>\n<p>&nbsp;<\/p>\n<p>&nbsp;<\/p>\n","protected":false},"excerpt":{"rendered":"<p>O munic\u00edpio de Francin\u00f3polis vem se destacando na atua\u00e7\u00e3o de pol\u00edticas p\u00fablicas voltadas para sa\u00fade. A gest\u00e3o do prefeito Paulo C\u00e9sar, tem investido prioritariamente na qualidade do servi\u00e7o com financiamento&#8230;<\/p>\n","protected":false},"author":1,"featured_media":109628,"comment_status":"open","ping_status":"open","sticky":false,"template":"","format":"standard","meta":{"ngg_post_thumbnail":0,"footnotes":""},"categories":[243],"tags":[],"class_list":["post-130886","post","type-post","status-publish","format-standard","has-post-thumbnail","hentry","category-geral"],"views":319,"meta_data":{"thumb":"https:\/\/portalv1.com.br\/app\/wp-content\/uploads\/2022\/01\/paulo.jpg","imagem":{"fullsize":{"url":"https:\/\/portalv1.com.br\/app\/wp-content\/uploads\/2022\/01\/paulo.jpg","width":1024,"height":683},"medium":{"url":"https:\/\/portalv1.com.br\/app\/wp-content\/uploads\/2022\/01\/paulo-300x200.jpg","width":300,"height":200},"large":{"url":"https:\/\/portalv1.com.br\/app\/wp-content\/uploads\/2022\/01\/paulo-640x427.jpg","width":640,"height":427},"thumbnail":{"url":"https:\/\/portalv1.com.br\/app\/wp-content\/uploads\/2022\/01\/paulo-100x100.jpg","width":100,"height":100},"medium_large":{"url":"https:\/\/portalv1.com.br\/app\/wp-content\/uploads\/2022\/01\/paulo-768x512.jpg","width":768,"height":512}},"data":{"simple":"07\/10\/2022","date_time":"07\/10\/2022 17:21:12","date":"h\u00e1 4 anos"},"chapeu":"Investimentos ","source":"slide"},"_links":{"self":[{"href":"https:\/\/portalv1.com.br\/api\/wp\/v2\/posts\/130886","targetHints":{"allow":["GET"]}}],"collection":[{"href":"https:\/\/portalv1.com.br\/api\/wp\/v2\/posts"}],"about":[{"href":"https:\/\/portalv1.com.br\/api\/wp\/v2\/types\/post"}],"author":[{"embeddable":true,"href":"https:\/\/portalv1.com.br\/api\/wp\/v2\/users\/1"}],"replies":[{"embeddable":true,"href":"https:\/\/portalv1.com.br\/api\/wp\/v2\/comments?post=130886"}],"version-history":[{"count":0,"href":"https:\/\/portalv1.com.br\/api\/wp\/v2\/posts\/130886\/revisions"}],"wp:featuredmedia":[{"embeddable":true,"href":"https:\/\/portalv1.com.br\/api\/wp\/v2\/media\/109628"}],"wp:attachment":[{"href":"https:\/\/portalv1.com.br\/api\/wp\/v2\/media?parent=130886"}],"wp:term":[{"taxonomy":"category","embeddable":true,"href":"https:\/\/portalv1.com.br\/api\/wp\/v2\/categories?post=130886"},{"taxonomy":"post_tag","embeddable":true,"href":"https:\/\/portalv1.com.br\/api\/wp\/v2\/tags?post=130886"}],"curies":[{"name":"wp","href":"https:\/\/api.w.org\/{rel}","templated":true}]}}