{"id":13120,"date":"2012-05-17T14:33:41","date_gmt":"2012-05-17T17:33:41","guid":{"rendered":"https:\/\/portalv1.com.br\/?p=13120"},"modified":"2012-05-20T22:47:44","modified_gmt":"2012-05-21T01:47:44","slug":"eleicao-ja-comecou-em-valenca-denuncia-vereadores","status":"publish","type":"post","link":"https:\/\/portalv1.com.br\/eleicao-ja-comecou-em-valenca-denuncia-vereadores\/","title":{"rendered":"Elei\u00e7\u00e3o j\u00e1 come\u00e7ou em Valen\u00e7a denuncia vereadores"},"content":{"rendered":"<figure id=\"attachment_11378\" aria-describedby=\"caption-attachment-11378\" style=\"width: 300px\" class=\"wp-caption alignright\"><a href=\"https:\/\/portalv1.com.br\/app\/wp-content\/uploads\/2011\/12\/vereadores.jpg\"><img loading=\"lazy\" decoding=\"async\" class=\"size-full wp-image-11378\" title=\"vereadores\" src=\"https:\/\/portalv1.com.br\/app\/wp-content\/uploads\/2011\/12\/vereadores.jpg\" alt=\"\" width=\"300\" height=\"183\" \/><\/a><figcaption id=\"caption-attachment-11378\" class=\"wp-caption-text\">Vereadores<\/figcaption><\/figure>\n<p>Os vereadores de Valen\u00e7a est\u00e3o preocupados com a antecipa\u00e7\u00e3o da campanha pol\u00edtica em Valen\u00e7a. Nessa segunda-feira (14), os vereadores Lindomar Am\u00e2ncio, Joaquim Filho e Ielva Mel\u00e3o se mostraram preocupados e denunciaram alguns fatos que antecede ao pleito eleitoral. S\u00e3o denuncias de utiliza\u00e7\u00e3o da maquina administrativa e at\u00e9 em programas de combate a seca em favor de pr\u00e9-candidatos.<\/p>\n<p>Na tribuna, o vereador Lindomar Am\u00e2ncio afirmou que est\u00e1 preocupado com a condu\u00e7\u00e3o do per\u00edodo pr\u00e9-eleitoral em Valen\u00e7a. Ele informou que os pol\u00edticos n\u00e3o est\u00e3o atendendo para a legisla\u00e7\u00e3o eleitoral e com isso est\u00e3o desrespeitando as leis, que regem o processo. Lindomar Am\u00e2ncio afirmou que existe uma abordagem di\u00e1ria e intensiva dos pr\u00e9-candidatos, principalmente daqueles ligados ao Executivo, que est\u00e3o burlando a legisla\u00e7\u00e3o. Outra denuncia do vereador \u00e9 com a falta de transpar\u00eancia do projeto de distribui\u00e7\u00e3o das 50 casas oferecidas pelo Programa Minha Casa Minha Vida. Lindomar Am\u00e2ncio colocou duvidas ainda sobre a transpar\u00eancia do teste seletivo realizado pela prefeitura no final de semana passado.<\/p>\n<p>O vereador Joaquim Filho tamb\u00e9m pediu agilidade da Justi\u00e7a Eleitoral no combate \u00e0 campanha extempor\u00e2nea no munic\u00edpio. Joaquim Filho lamentou ainda a pol\u00edtica rasteira adotada pelo prefeito municipal para agredir o pr\u00e9-candidato do PMDB Rubens Alencar. Ele enumerou os epis\u00f3dios da inaugura\u00e7\u00e3o do IFPI e mais recentemente em uma entrevista na emissora a emissora presidida por familiares do prefeito, onde o prefeito Alc\u00e2ntara fez insinua\u00e7\u00f5es de que o pr\u00e9-candidato estaria amea\u00e7ando os moradores Residencial do Raul Alencar. Joaquim Filho afirmou que em todas as denuncias o prefeito aproveita o fato do seu advers\u00e1rio n\u00e3o ter a oportunidade para se defender.<\/p>\n<p>Ele pediu que a Justi\u00e7a Eleitoral tome as providencias necess\u00e1rias contra a emissora local, que vem sistematicamente favorecendo a prefeitura e criticando a oposi\u00e7\u00e3o em Valen\u00e7a. Disse ainda que a prefeitura est\u00e1 promovendo um festival de contrata\u00e7\u00f5es de pessoas ligadas aos seus pr\u00e9-candidatos e presidentes de partidos pol\u00edticos que hora se aliam ao seu grupo pol\u00edtico. Joaquim Filho pediu ainda que a prefeitura olhe a dengue que est\u00e1 tomando de conta de Valen\u00e7a, juntamente com o calazar. Denunciou ainda que pessoas est\u00e3o sendo obrigadas a dormir na rua para ter acesso a sa\u00fade no munic\u00edpio. Por ultimo ele afirmou que a prefeitura gastou R$ 900 reais na compra de um tambor de 200 litros em uma loja local, quando na realidade o tambor custa apenas R$ 45 reais.<\/p>\n<p>No mesmo tom, a presidenta Ielva Mel\u00e3o denunciou que a prefeitura est\u00e1 usando programas de combate a seca como pro exemplo, a distribui\u00e7\u00e3o de cestas para se beneficiar politicamente, a vereadora lamentou a informa\u00e7\u00e3o e conclamou o gestor municipal a n\u00e3o enveredar por esse caminho. Ela tamb\u00e9m afirmou que as casas do Programa Minha Casa Minha Vida est\u00e3o sendo distribu\u00eddas por assessores e vereadores do prefeito, quando o mais justo seria que a prefeitura realizasse um cadastro transparente para beneficiar a todos indistintamente.<\/p>\n<p>A presidenta tamb\u00e9m alertou ao prefeito sobre os perigos de anunciar novas emendas para o munic\u00edpio. O problema de acordo com Ielva Mel\u00e3o \u00e9 que o prefeito anuncia as emendas colocadas esse ano como se as mesmas j\u00e1 fossem ser liberadas, quando na realidade elas s\u00f3 ser\u00e3o liberadas nos pr\u00f3ximos anos. Os vereadores Eliseu Fran\u00e7a e Cei\u00e7a Dias da bancada governista afirmaram que eles n\u00e3o foram beneficiados com as indica\u00e7\u00f5es das casas. Ou\u00e7a os pronunciamentos dos tr\u00eas vereadores na Tribuna da C\u00e2mara nesta segunda-feira.<\/p>\n<p>Lindomar Am\u00e2ncio<br \/>\n<object width=\"420\" height=\"40\" classid=\"clsid:d27cdb6e-ae6d-11cf-96b8-444553540000\" codebase=\"http:\/\/download.macromedia.com\/pub\/shockwave\/cabs\/flash\/swflash.cab#version=6,0,40,0\"><param name=\"src\" value=\"http:\/\/www.mp3tube.com.br\/embed\/90a884137546353e09eb\/3138372e34312e39372e323438\" \/><param name=\"allowfullscreen\" value=\"true\" \/><param name=\"allowscriptaccess\" value=\"always\" \/><embed width=\"420\" height=\"40\" type=\"application\/x-shockwave-flash\" src=\"http:\/\/www.mp3tube.com.br\/embed\/90a884137546353e09eb\/3138372e34312e39372e323438\" allowfullscreen=\"true\" allowscriptaccess=\"always\" \/><\/object><\/p>\n<p>Joaquim Filho<br \/>\n<object width=\"420\" height=\"40\" classid=\"clsid:d27cdb6e-ae6d-11cf-96b8-444553540000\" codebase=\"http:\/\/download.macromedia.com\/pub\/shockwave\/cabs\/flash\/swflash.cab#version=6,0,40,0\"><param name=\"src\" value=\"http:\/\/www.mp3tube.com.br\/embed\/9cf17fae1dcd16df71fd\/3138372e34312e39372e323438\" \/><param name=\"allowfullscreen\" value=\"true\" \/><param name=\"allowscriptaccess\" value=\"always\" \/><embed width=\"420\" height=\"40\" type=\"application\/x-shockwave-flash\" src=\"http:\/\/www.mp3tube.com.br\/embed\/9cf17fae1dcd16df71fd\/3138372e34312e39372e323438\" allowfullscreen=\"true\" allowscriptaccess=\"always\" \/><\/object><\/p>\n<p>Ielva Mel\u00e3o<br \/>\n<object width=\"420\" height=\"40\" classid=\"clsid:d27cdb6e-ae6d-11cf-96b8-444553540000\" codebase=\"http:\/\/download.macromedia.com\/pub\/shockwave\/cabs\/flash\/swflash.cab#version=6,0,40,0\"><param name=\"src\" value=\"http:\/\/www.mp3tube.com.br\/embed\/a85910ad8476f5f7efb2\/3138372e34312e39372e323438\" \/><param name=\"allowfullscreen\" value=\"true\" \/><param name=\"allowscriptaccess\" value=\"always\" \/><embed width=\"420\" height=\"40\" type=\"application\/x-shockwave-flash\" src=\"http:\/\/www.mp3tube.com.br\/embed\/a85910ad8476f5f7efb2\/3138372e34312e39372e323438\" allowfullscreen=\"true\" allowscriptaccess=\"always\" \/><\/object><\/p>\n","protected":false},"excerpt":{"rendered":"<p>Os vereadores de Valen\u00e7a est\u00e3o preocupados com a antecipa\u00e7\u00e3o da campanha pol\u00edtica em Valen\u00e7a. Nessa segunda-feira (14), os vereadores Lindomar Am\u00e2ncio, Joaquim Filho e Ielva Mel\u00e3o se mostraram preocupados e&#8230;<\/p>\n","protected":false},"author":1,"featured_media":11378,"comment_status":"open","ping_status":"open","sticky":false,"template":"","format":"standard","meta":{"ngg_post_thumbnail":0,"footnotes":""},"categories":[12],"tags":[],"class_list":["post-13120","post","type-post","status-publish","format-standard","has-post-thumbnail","hentry","category-valenca-news"],"views":1235,"meta_data":{"thumb":"https:\/\/portalv1.com.br\/app\/wp-content\/uploads\/2011\/12\/vereadores.jpg","imagem":{"fullsize":{"url":"https:\/\/portalv1.com.br\/app\/wp-content\/uploads\/2011\/12\/vereadores.jpg","width":"300","height":"183"},"thumbnail":{"url":"https:\/\/portalv1.com.br\/app\/wp-content\/uploads\/2011\/12\/vereadores-100x100.jpg","width":"100","height":"100"},"post-thumbnail":{"url":"https:\/\/portalv1.com.br\/app\/wp-content\/uploads\/2011\/12\/vereadores-100x100.jpg","width":"100","height":"100"},"tecnologia":{"url":"https:\/\/portalv1.com.br\/app\/wp-content\/uploads\/2011\/12\/vereadores-230x136.jpg","width":"230","height":"136"}},"data":{"simple":"17\/05\/2012","date_time":"17\/05\/2012 11:33:41","date":"h\u00e1 14 anos"},"chapeu":"","source":""},"_links":{"self":[{"href":"https:\/\/portalv1.com.br\/api\/wp\/v2\/posts\/13120","targetHints":{"allow":["GET"]}}],"collection":[{"href":"https:\/\/portalv1.com.br\/api\/wp\/v2\/posts"}],"about":[{"href":"https:\/\/portalv1.com.br\/api\/wp\/v2\/types\/post"}],"author":[{"embeddable":true,"href":"https:\/\/portalv1.com.br\/api\/wp\/v2\/users\/1"}],"replies":[{"embeddable":true,"href":"https:\/\/portalv1.com.br\/api\/wp\/v2\/comments?post=13120"}],"version-history":[{"count":0,"href":"https:\/\/portalv1.com.br\/api\/wp\/v2\/posts\/13120\/revisions"}],"wp:featuredmedia":[{"embeddable":true,"href":"https:\/\/portalv1.com.br\/api\/wp\/v2\/media\/11378"}],"wp:attachment":[{"href":"https:\/\/portalv1.com.br\/api\/wp\/v2\/media?parent=13120"}],"wp:term":[{"taxonomy":"category","embeddable":true,"href":"https:\/\/portalv1.com.br\/api\/wp\/v2\/categories?post=13120"},{"taxonomy":"post_tag","embeddable":true,"href":"https:\/\/portalv1.com.br\/api\/wp\/v2\/tags?post=13120"}],"curies":[{"name":"wp","href":"https:\/\/api.w.org\/{rel}","templated":true}]}}