{"id":13129,"date":"2012-05-20T22:43:59","date_gmt":"2012-05-21T01:43:59","guid":{"rendered":"https:\/\/portalv1.com.br\/?p=13129"},"modified":"2012-05-21T09:36:40","modified_gmt":"2012-05-21T12:36:40","slug":"residencial-jaime-lima-verde-recebera-calcamento","status":"publish","type":"post","link":"https:\/\/portalv1.com.br\/residencial-jaime-lima-verde-recebera-calcamento\/","title":{"rendered":"Residencial Jaime Lima Verde receber\u00e1 cal\u00e7amento"},"content":{"rendered":"<figure id=\"attachment_13130\" aria-describedby=\"caption-attachment-13130\" style=\"width: 300px\" class=\"wp-caption alignright\"><a href=\"https:\/\/portalv1.com.br\/app\/wp-content\/uploads\/2012\/05\/jaime.jpg\"><img loading=\"lazy\" decoding=\"async\" class=\"size-full wp-image-13130\" title=\"jaime\" src=\"https:\/\/portalv1.com.br\/app\/wp-content\/uploads\/2012\/05\/jaime.jpg\" alt=\"\" width=\"300\" height=\"225\" \/><\/a><figcaption id=\"caption-attachment-13130\" class=\"wp-caption-text\">A obra ser\u00e1 feita com verbas do deputado Marcelo Castro<\/figcaption><\/figure>\n<p>O presidente da Funda\u00e7\u00e3o Raul Alencar, Rubens Alencar esteve neste final de semana na companhia do vereador Joaquim Filho e do empres\u00e1rio Stenio Rommel (SR Empreendimentos) visitando o Residencial Jaime Lima Verde, realizando a medi\u00e7\u00e3o da \u00e1rea que ir\u00e1 receber a pavimenta\u00e7\u00e3o poli\u00e9drica (cal\u00e7amento). Os recursos para a obra foram garantidos pelo deputado federal Marcelo Castro e ter\u00e1 inicio nos pr\u00f3ximos meses.<\/p>\n<p>Na oportunidade Rubens Alencar e o vereador Joaquim Filho garantiram que nos pr\u00f3ximos dias quem ser\u00e1 pavimentado ser\u00e1 o residencial Raul Alencar, que fica as margens da PI 469, sentido Lagoa do Sitio. A obra foi garantida pelo senador Jo\u00e3o Vicente Claudino. Em seguida, as lideran\u00e7as foram visitar as instala\u00e7\u00f5es da Radio Confedera\u00e7\u00e3o Valenciana.<\/p>\n<p>O pr\u00e9dio da emissora j\u00e1 foi constru\u00eddo e nessa semana ser\u00e1 feita as cavas para receber a fia\u00e7\u00e3o. Segundo o senador Jo\u00e3o Vicente Claudino que esteve nesse final de semana participando de solenidade em Pimenteiras e \u00e9 uma das pessoas envolvidas no retorno da emissora, ela estar\u00e1 funcionando no mais tardar no m\u00eas de julho.<\/p>\n<p><strong>\u00a0<div class=\"ngg-galleryoverview\" data-widget=\"Galeria\" data-props='{&quot;galeria&quot;:{&quot;gallery_id&quot;:873,&quot;total&quot;:3,&quot;max_page&quot;:1,&quot;page&quot;:1,&quot;images&quot;:[{&quot;pid&quot;:16087,&quot;imageURL&quot;:&quot;https:\\\/\\\/portalv1.com.br\\\/app\\\/wp-content\\\/gallery\\\/radio\\\/portalv1-001.jpg?t=1763273804&quot;,&quot;thumbnailURL&quot;:&quot;https:\\\/\\\/portalv1.com.br\\\/app\\\/wp-content\\\/gallery\\\/radio\\\/thumbs\\\/thumbs_portalv1-001.jpg?t=1763273804&quot;,&quot;description&quot;:&quot; &quot;,&quot;alttext&quot;:&quot;portalv1-001&quot;,&quot;style&quot;:&quot;&quot;},{&quot;pid&quot;:16088,&quot;imageURL&quot;:&quot;https:\\\/\\\/portalv1.com.br\\\/app\\\/wp-content\\\/gallery\\\/radio\\\/portalv1-004.jpg?t=1763273805&quot;,&quot;thumbnailURL&quot;:&quot;https:\\\/\\\/portalv1.com.br\\\/app\\\/wp-content\\\/gallery\\\/radio\\\/thumbs\\\/thumbs_portalv1-004.jpg?t=1763273805&quot;,&quot;description&quot;:&quot; &quot;,&quot;alttext&quot;:&quot;portalv1-004&quot;,&quot;style&quot;:&quot;&quot;},{&quot;pid&quot;:16089,&quot;imageURL&quot;:&quot;https:\\\/\\\/portalv1.com.br\\\/app\\\/wp-content\\\/gallery\\\/radio\\\/portalv1-018.jpg?t=1763273805&quot;,&quot;thumbnailURL&quot;:&quot;https:\\\/\\\/portalv1.com.br\\\/app\\\/wp-content\\\/gallery\\\/radio\\\/thumbs\\\/thumbs_portalv1-018.jpg?t=1763273805&quot;,&quot;description&quot;:&quot; &quot;,&quot;alttext&quot;:&quot;portalv1-018&quot;,&quot;style&quot;:&quot;&quot;}]}}'><\/div><\/strong>.<\/p>\n","protected":false},"excerpt":{"rendered":"<p>O presidente da Funda\u00e7\u00e3o Raul Alencar, Rubens Alencar esteve neste final de semana na companhia do vereador Joaquim Filho e do empres\u00e1rio Stenio Rommel (SR Empreendimentos) visitando o Residencial Jaime&#8230;<\/p>\n","protected":false},"author":1,"featured_media":13130,"comment_status":"open","ping_status":"open","sticky":false,"template":"","format":"standard","meta":{"ngg_post_thumbnail":0,"footnotes":""},"categories":[243],"tags":[],"class_list":["post-13129","post","type-post","status-publish","format-standard","has-post-thumbnail","hentry","category-geral"],"views":1221,"meta_data":{"thumb":"https:\/\/portalv1.com.br\/app\/wp-content\/uploads\/2012\/05\/jaime.jpg","imagem":{"fullsize":{"url":"https:\/\/portalv1.com.br\/app\/wp-content\/uploads\/2012\/05\/jaime.jpg","width":"300","height":"225"},"thumbnail":{"url":"https:\/\/portalv1.com.br\/app\/wp-content\/uploads\/2012\/05\/jaime-100x100.jpg","width":"100","height":"100"},"post-thumbnail":{"url":"https:\/\/portalv1.com.br\/app\/wp-content\/uploads\/2012\/05\/jaime-100x100.jpg","width":"100","height":"100"},"imgpadrao":{"url":"https:\/\/portalv1.com.br\/app\/wp-content\/uploads\/2012\/05\/jaime-300x183.jpg","width":"300","height":"183"},"tecnologia":{"url":"https:\/\/portalv1.com.br\/app\/wp-content\/uploads\/2012\/05\/jaime-230x136.jpg","width":"230","height":"136"}},"data":{"simple":"20\/05\/2012","date_time":"20\/05\/2012 19:43:59","date":"h\u00e1 14 anos"},"chapeu":"","source":""},"_links":{"self":[{"href":"https:\/\/portalv1.com.br\/api\/wp\/v2\/posts\/13129","targetHints":{"allow":["GET"]}}],"collection":[{"href":"https:\/\/portalv1.com.br\/api\/wp\/v2\/posts"}],"about":[{"href":"https:\/\/portalv1.com.br\/api\/wp\/v2\/types\/post"}],"author":[{"embeddable":true,"href":"https:\/\/portalv1.com.br\/api\/wp\/v2\/users\/1"}],"replies":[{"embeddable":true,"href":"https:\/\/portalv1.com.br\/api\/wp\/v2\/comments?post=13129"}],"version-history":[{"count":0,"href":"https:\/\/portalv1.com.br\/api\/wp\/v2\/posts\/13129\/revisions"}],"wp:featuredmedia":[{"embeddable":true,"href":"https:\/\/portalv1.com.br\/api\/wp\/v2\/media\/13130"}],"wp:attachment":[{"href":"https:\/\/portalv1.com.br\/api\/wp\/v2\/media?parent=13129"}],"wp:term":[{"taxonomy":"category","embeddable":true,"href":"https:\/\/portalv1.com.br\/api\/wp\/v2\/categories?post=13129"},{"taxonomy":"post_tag","embeddable":true,"href":"https:\/\/portalv1.com.br\/api\/wp\/v2\/tags?post=13129"}],"curies":[{"name":"wp","href":"https:\/\/api.w.org\/{rel}","templated":true}]}}