{"id":13131,"date":"2012-05-20T22:46:25","date_gmt":"2012-05-21T01:46:25","guid":{"rendered":"https:\/\/portalv1.com.br\/?p=13131"},"modified":"2012-05-22T18:08:59","modified_gmt":"2012-05-22T21:08:59","slug":"secretaria-de-saude-nao-divulga-numeros-de-casos-de-dengue","status":"publish","type":"post","link":"https:\/\/portalv1.com.br\/secretaria-de-saude-nao-divulga-numeros-de-casos-de-dengue\/","title":{"rendered":"Quantos valencianos est\u00e3o infectados pelo v\u00edrus da dengue?"},"content":{"rendered":"<figure id=\"attachment_13132\" aria-describedby=\"caption-attachment-13132\" style=\"width: 300px\" class=\"wp-caption alignright\"><a href=\"https:\/\/portalv1.com.br\/app\/wp-content\/uploads\/2012\/05\/ariana.jpg\"><img loading=\"lazy\" decoding=\"async\" class=\"size-full wp-image-13132\" title=\"ariana\" src=\"https:\/\/portalv1.com.br\/app\/wp-content\/uploads\/2012\/05\/ariana.jpg\" alt=\"\" width=\"300\" height=\"225\" \/><\/a><figcaption id=\"caption-attachment-13132\" class=\"wp-caption-text\">Secret\u00e1ria de Sa\u00fade Ariana Rosa entre o prefeito Alcantara e o ex-secretario de sa\u00fade Walfredo Filho<\/figcaption><\/figure>\n<p>A Secret\u00e1ria Municipal de Sa\u00fade Ariana Rosa foi procurada via telefone pela reda\u00e7\u00e3o do portalv1, na manha da ultima quinta-feira (17) para informar sobre as a\u00e7\u00f5es, que est\u00e3o sendo feitas pela secretaria de sa\u00fade no combate a dengue que em Valen\u00e7a. A mat\u00e9ria visava esclarecer as a\u00e7\u00f5es desenvolvidas pela secretaria devido ao grande numero de pessoas que superlotam o hospital e postos de sa\u00fade com sintomas de dengue.<\/p>\n<p>No contato, a secretaria disse, que iria se informar dos n\u00fameros j\u00e1 registrados no munic\u00edpio e sobre as a\u00e7\u00f5es que a sua pasta estava executando para o combate ao mosquito transmissor do v\u00edrus da dengue. Na oportunidade ela afirmou que a Secretaria de Sa\u00fade estava com o carro fumac\u00ea nas ruas de Valen\u00e7a, mais que iria retornar a liga\u00e7\u00e3o para a reda\u00e7\u00e3o do portalv1 com os n\u00fameros da dengue em Valen\u00e7a.<\/p>\n<p>Passados dois dias \u00fateis, depois do contato com a secret\u00e1ria, o portalv1 ainda espera a liga\u00e7\u00e3o da secretaria com as devidasa \u00e7\u00f5es\u00a0 tomadas pela secretaria de sa\u00fade do munic\u00edpio para combater as a\u00e7\u00f5es e os n\u00fameros de valencianos j\u00e1 infectados. Na sexta-feira (18) durante mais uma entrevista a emissora local, o prefeito Alc\u00e2ntara, al\u00e9m de convidar a popula\u00e7\u00e3o para a festa de seu genro no Crovapi disse que o trabalho na Secretaria de Sa\u00fade est\u00e1 sendo executado de forma positiva.<\/p>\n<p>Antes o prefeito havia informado que a popula\u00e7\u00e3o iria se surpreender com o trabalho da nova secretaria de sa\u00fade que substituiu o vereador Walfredo Filho que teve que retornar a c\u00e2mara municipal. Em fevereiro o Instituto de Pesquisa Captavox divulgou uma pesquisa, onde 75,33% dos entrevistados classificavam a gest\u00e3o da sa\u00fade como p\u00e9ssima ou razo\u00e1vel.<\/p>\n<p>A pauta com a secret\u00e1ria de sa\u00fade teria al\u00e9m da dengue, a as denuncias falta de medicamentos na secret\u00e1ria, os n\u00fameros de casos de calasar em Valen\u00e7a e o fato das pessoas serem obrigadas a dormir em filas para ser atendidas. Esses temas fizeram parte de discursos na ultima sess\u00e3o da c\u00e2mara de vereadores. Bem como a presen\u00e7a dos profissionais nos postos de sa\u00fade e na zona rural.<\/p>\n<p>&nbsp;<\/p>\n<p>&nbsp;<\/p>\n<p><strong>O que \u00e9 dengue<br \/>\n<\/strong>A dengue \u00e9 uma doen\u00e7a causada por qualquer um dos quatro v\u00edrus DEN-1, DEN-2, DEN-3, ou DEN-4, transmitidos para humanos atrav\u00e9s da picada de mosquito infectado. No hemisf\u00e9rio ocidental, o mosquito Aedes aegypti \u00e9 o principal transmissor dos v\u00edrus da dengue. Estima-se que mais de 100 milh\u00f5es de casos de dengue ocorram mundialmente todos os anos.<\/p>\n<p><strong>Como a dengue e febre hemorr\u00e1gica do dengue s\u00e3o transmitidas<br \/>\n<\/strong>A dengue \u00e9 transmitida para pessoas pela picada do mosquito Aedes infectado pelo v\u00edrus da doen\u00e7a. O mosquito fica infectado pela dengue quando pica algu\u00e9m com a doen\u00e7a, e depois de em torno de uma semana pode transmitir o v\u00edrus ao picar uma pessoa saud\u00e1vel. Dengue n\u00e3o pode ser transmitida diretamente de pessoa para pessoa.<\/p>\n<p><strong>Quais s\u00e3o os sintomas da dengue<br \/>\n<\/strong>Os principais sintomas da dengue s\u00e3o febre alta, dor de cabe\u00e7a forte, costas doloridas, dor nas articula\u00e7\u00f5es, v\u00f4mito, dor nos olhos e erup\u00e7\u00f5es na pele. A dengue hemorr\u00e1gica \u00e9 caracterizada por febre que dura de 2 a 7 dias, com sintomas gerais que podem ocorrer em muitas outras doen\u00e7as (n\u00e1usea, v\u00f4mito, dor abdominal, dor de cabe\u00e7a). Esse est\u00e1gio \u00e9 seguido por manifesta\u00e7\u00f5es hemorr\u00e1gicas, tend\u00eancia de machucar-se facilmente ou outros tipos de hemorragias na pele, nariz ou gengiva sangrando, e possivelmente sangramento interno. Os vasos sangu\u00edneos capilares tornam-se excessivamente perme\u00e1veis, permitindo que componentes do fluido escapem. Isso pode ocasionar falha do sistema circulat\u00f3rio e choque, seguido de morte se a falha no sistema circulat\u00f3rio n\u00e3o for corrigida.<\/p>\n<p><strong>Como \u00e9 o tratamento para dengue<br \/>\n<\/strong>N\u00e3o h\u00e1 medica\u00e7\u00e3o espec\u00edfica para tratamento da infec\u00e7\u00e3o de dengue. Pessoas que suspeitarem que tenham dengue devem tomar analg\u00e9sicos com acetaminofen e evitar aqueles que contenham aspirina. Deve-se tamb\u00e9m descansar, beber bastante l\u00edquido e consultar um m\u00e9dico.<\/p>\n<p><strong>Como pode-se diminuir o risco de contrair dengue<br \/>\n<\/strong>N\u00e3o h\u00e1 vacina para prevenir dengue. As melhores medidas preventivas para pessoas que vivem em \u00e1reas onde existe o mosquito Aedes aegypti \u00e9 eliminar os lugares onde ele coloca os ovos, geralmente recipientes quem cont\u00eam \u00e1gua. Objetos que ret\u00eam \u00e1gua da chuva ou usados para armazenar \u00e1gua (recipientes pl\u00e1sticos, pneus usados, baldes, etc) devem ser cobertos ou descartados apropriadamente. Recipientes para animais beberem e vasos de plantas devem ser esvaziados e lavados pelo menos uma vez por semana. Isso elimina os ovos e larvas do mosquito. Para aqueles que viajarem ou vivem em \u00e1reas com dengue, o risco de ser mordido por mosquitos dentro de casa \u00e9 reduzido ao usar ar condicionado e fechar portas e janelas. A aplica\u00e7\u00e3o de repelentes de mosquitos tamb\u00e9m diminui as chances de ser picado.<\/p>\n<p>Fonte: Captavox (<strong>protocolo PI00011\/2012<\/strong>)<\/p>\n","protected":false},"excerpt":{"rendered":"<p>A Secret\u00e1ria Municipal de Sa\u00fade Ariana Rosa foi procurada via telefone pela reda\u00e7\u00e3o do portalv1, na manha da ultima quinta-feira (17) para informar sobre as a\u00e7\u00f5es, que est\u00e3o sendo feitas&#8230;<\/p>\n","protected":false},"author":1,"featured_media":13132,"comment_status":"open","ping_status":"open","sticky":false,"template":"","format":"standard","meta":{"ngg_post_thumbnail":0,"footnotes":""},"categories":[12],"tags":[],"class_list":["post-13131","post","type-post","status-publish","format-standard","has-post-thumbnail","hentry","category-valenca-news"],"views":1161,"meta_data":{"thumb":"https:\/\/portalv1.com.br\/app\/wp-content\/uploads\/2012\/05\/ariana.jpg","imagem":{"fullsize":{"url":"https:\/\/portalv1.com.br\/app\/wp-content\/uploads\/2012\/05\/ariana.jpg","width":"300","height":"225"},"thumbnail":{"url":"https:\/\/portalv1.com.br\/app\/wp-content\/uploads\/2012\/05\/ariana-100x100.jpg","width":"100","height":"100"},"post-thumbnail":{"url":"https:\/\/portalv1.com.br\/app\/wp-content\/uploads\/2012\/05\/ariana-100x100.jpg","width":"100","height":"100"},"imgpadrao":{"url":"https:\/\/portalv1.com.br\/app\/wp-content\/uploads\/2012\/05\/ariana-300x183.jpg","width":"300","height":"183"},"tecnologia":{"url":"https:\/\/portalv1.com.br\/app\/wp-content\/uploads\/2012\/05\/ariana-230x136.jpg","width":"230","height":"136"}},"data":{"simple":"20\/05\/2012","date_time":"20\/05\/2012 19:46:25","date":"h\u00e1 14 anos"},"chapeu":"","source":""},"_links":{"self":[{"href":"https:\/\/portalv1.com.br\/api\/wp\/v2\/posts\/13131","targetHints":{"allow":["GET"]}}],"collection":[{"href":"https:\/\/portalv1.com.br\/api\/wp\/v2\/posts"}],"about":[{"href":"https:\/\/portalv1.com.br\/api\/wp\/v2\/types\/post"}],"author":[{"embeddable":true,"href":"https:\/\/portalv1.com.br\/api\/wp\/v2\/users\/1"}],"replies":[{"embeddable":true,"href":"https:\/\/portalv1.com.br\/api\/wp\/v2\/comments?post=13131"}],"version-history":[{"count":0,"href":"https:\/\/portalv1.com.br\/api\/wp\/v2\/posts\/13131\/revisions"}],"wp:featuredmedia":[{"embeddable":true,"href":"https:\/\/portalv1.com.br\/api\/wp\/v2\/media\/13132"}],"wp:attachment":[{"href":"https:\/\/portalv1.com.br\/api\/wp\/v2\/media?parent=13131"}],"wp:term":[{"taxonomy":"category","embeddable":true,"href":"https:\/\/portalv1.com.br\/api\/wp\/v2\/categories?post=13131"},{"taxonomy":"post_tag","embeddable":true,"href":"https:\/\/portalv1.com.br\/api\/wp\/v2\/tags?post=13131"}],"curies":[{"name":"wp","href":"https:\/\/api.w.org\/{rel}","templated":true}]}}