{"id":131444,"date":"2022-10-17T13:40:39","date_gmt":"2022-10-17T16:40:39","guid":{"rendered":"https:\/\/portalv1.com.br\/?p=131444"},"modified":"2022-10-17T13:40:39","modified_gmt":"2022-10-17T16:40:39","slug":"prefeito-marcelo-costa-antecipa-feriado-do-dia-do-servidor-publico-em-valenca","status":"publish","type":"post","link":"https:\/\/portalv1.com.br\/prefeito-marcelo-costa-antecipa-feriado-do-dia-do-servidor-publico-em-valenca\/","title":{"rendered":"Prefeito Marcelo Costa antecipa feriado do Dia do Servidor Publico em Valen\u00e7a"},"content":{"rendered":"<p>O prefeito Marcelo Costa assinou decreto antecipando as comemora\u00e7\u00f5es do dia 28 de outubro de 2022, Dia do Servidor P\u00fablico, para esta quinta-feira, dia 20 de outubro.<\/p>\n<p>Al\u00e9m de conceder ponto facultativo na quinta-feira, o Decreto 32\/22 tamb\u00e9m estabelece ponto facultativo na sexta-feira, 21 de outubro. Na quarta-feira, dia 19 de outubro tamb\u00e9m \u00e9 feriado estadual (Dia do Piau\u00ed).<\/p>\n<p>As atividades essenciais de sa\u00fade e limpeza p\u00fablica manter\u00e3o os servi\u00e7os em atividade m\u00ednima e indispens\u00e1vel \u00e0 popula\u00e7\u00e3o, sobre os quais decidir\u00e1 o \u00f3rg\u00e3o competente acerca do seu funcionamento diz o decreto.&nbsp;<a href=\"https:\/\/portalv1.com.br\/app\/wp-content\/uploads\/2022\/10\/Decreto-Ponto-Facultativo-Dia-do-Servidor.pdf\">Veja o decreto <\/a><\/p>\n<p>&nbsp;<\/p>\n<p>&nbsp;<\/p>\n","protected":false},"excerpt":{"rendered":"<p>O prefeito Marcelo Costa assinou decreto antecipando as comemora\u00e7\u00f5es do dia 28 de outubro de 2022, Dia do Servidor P\u00fablico, para esta quinta-feira, dia 20 de outubro. Al\u00e9m de conceder&#8230;<\/p>\n","protected":false},"author":1,"featured_media":85639,"comment_status":"open","ping_status":"open","sticky":false,"template":"","format":"standard","meta":{"ngg_post_thumbnail":0,"footnotes":""},"categories":[243],"tags":[],"class_list":["post-131444","post","type-post","status-publish","format-standard","has-post-thumbnail","hentry","category-geral"],"views":868,"meta_data":{"thumb":"https:\/\/portalv1.com.br\/app\/wp-content\/uploads\/2020\/04\/IMG_9651-Copy.jpg","imagem":{"fullsize":{"url":"https:\/\/portalv1.com.br\/app\/wp-content\/uploads\/2020\/04\/IMG_9651-Copy.jpg","width":640,"height":427},"medium":{"url":"https:\/\/portalv1.com.br\/app\/wp-content\/uploads\/2020\/04\/IMG_9651-Copy-300x200.jpg","width":300,"height":200},"thumbnail":{"url":"https:\/\/portalv1.com.br\/app\/wp-content\/uploads\/2020\/04\/IMG_9651-Copy-100x100.jpg","width":100,"height":100}},"data":{"simple":"17\/10\/2022","date_time":"17\/10\/2022 10:40:39","date":"h\u00e1 4 anos"},"chapeu":"Veja decreto","source":"m_destacada"},"_links":{"self":[{"href":"https:\/\/portalv1.com.br\/api\/wp\/v2\/posts\/131444","targetHints":{"allow":["GET"]}}],"collection":[{"href":"https:\/\/portalv1.com.br\/api\/wp\/v2\/posts"}],"about":[{"href":"https:\/\/portalv1.com.br\/api\/wp\/v2\/types\/post"}],"author":[{"embeddable":true,"href":"https:\/\/portalv1.com.br\/api\/wp\/v2\/users\/1"}],"replies":[{"embeddable":true,"href":"https:\/\/portalv1.com.br\/api\/wp\/v2\/comments?post=131444"}],"version-history":[{"count":0,"href":"https:\/\/portalv1.com.br\/api\/wp\/v2\/posts\/131444\/revisions"}],"wp:featuredmedia":[{"embeddable":true,"href":"https:\/\/portalv1.com.br\/api\/wp\/v2\/media\/85639"}],"wp:attachment":[{"href":"https:\/\/portalv1.com.br\/api\/wp\/v2\/media?parent=131444"}],"wp:term":[{"taxonomy":"category","embeddable":true,"href":"https:\/\/portalv1.com.br\/api\/wp\/v2\/categories?post=131444"},{"taxonomy":"post_tag","embeddable":true,"href":"https:\/\/portalv1.com.br\/api\/wp\/v2\/tags?post=131444"}],"curies":[{"name":"wp","href":"https:\/\/api.w.org\/{rel}","templated":true}]}}