{"id":13145,"date":"2012-05-22T18:06:33","date_gmt":"2012-05-22T21:06:33","guid":{"rendered":"https:\/\/portalv1.com.br\/?p=13145"},"modified":"2012-05-23T12:41:04","modified_gmt":"2012-05-23T15:41:04","slug":"servidora-da-7a-gre-e-demitida-por-nao-votar-no-candidato-do-prefeito","status":"publish","type":"post","link":"https:\/\/portalv1.com.br\/servidora-da-7a-gre-e-demitida-por-nao-votar-no-candidato-do-prefeito\/","title":{"rendered":"Servidora da 7\u00aa GRE \u00e9 demitida por n\u00e3o votar no candidato do prefeito"},"content":{"rendered":"<figure id=\"attachment_5622\" aria-describedby=\"caption-attachment-5622\" style=\"width: 300px\" class=\"wp-caption alignright\"><a href=\"https:\/\/portalv1.com.br\/app\/wp-content\/uploads\/2010\/10\/plenario.jpg\"><img loading=\"lazy\" decoding=\"async\" class=\"size-full wp-image-5622\" title=\"plenario\" src=\"https:\/\/portalv1.com.br\/app\/wp-content\/uploads\/2010\/10\/plenario.jpg\" alt=\"\" width=\"300\" height=\"183\" \/><\/a><figcaption id=\"caption-attachment-5622\" class=\"wp-caption-text\">Vereadores no plenario<\/figcaption><\/figure>\n<p>A demiss\u00e3o da servidora Gislene Oliveira da 7\u00aa Gerencia Regional de Educa\u00e7\u00e3o (7\u00aa GRE) foi veementemente criticada na sess\u00e3o da C\u00e2mara Municipal desta segunda-feira (21) pelos vereadores Ielva Mel\u00e3o (PPS), Lindomar Am\u00e2ncio (PRTB), Joaquim Filho (PTB), Gilmar Barbosa (PC do B) \u00a0e Tico Adriano (PMDB). O problema segundo os parlamentares \u00e9 que a demiss\u00e3o foi gerada pelo simples fato da servidora n\u00e3o acompanhar politicamente a pr\u00e9-candidatura do vereador Walfredo Filho, sobrinho do prefeito Alc\u00e2ntara.<\/p>\n<p>A primeira a criticar foi \u00e0 presidenta Ielva Mel\u00e3o, que \u00e9 funcionaria da 7\u00aa GRE e confidenciou que trabalha na 7\u00aa GRE, desde 1991 e nunca viu na regional funcion\u00e1rios t\u00e3o apavorados. Ielva Mel\u00e3o afirmou que a prestadora de servi\u00e7o trabalhava na 7\u00aa GRE h\u00e1 quase oito anos. Ielva Mel\u00e3o informou que a servidora recebeu sua demiss\u00e3o em casa das m\u00e3os de terceiros juntamente com um recado de que sua demiss\u00e3o era por determina\u00e7\u00e3o do prefeito municipal.<\/p>\n<p>A presidenta criticou a forma da demiss\u00e3o \u201cEla deveria ser trocada por uma pessoa concursada para justificar ou pelo menos passado por um teste seletivo ou trocada por um terceirizado, n\u00e3o foi de livre escolha do patr\u00e3o maior do nosso munic\u00edpio\u201d disse. A mudan\u00e7a foi classificada como parcial e eleitoreira e sem nenhum crit\u00e9rio t\u00e9cnico pela presidenta.<\/p>\n<p>Na discuss\u00e3o, o vereador Joaquim Filho lembrou que a servidora votou no prefeito Alc\u00e2ntara nas elei\u00e7\u00f5es municipais contrariando sua fam\u00edlia e o seu partido, o PT e agora porque n\u00e3o vai votar no candidato do prefeito \u00e9 posta para fora sem nenhuma comunica\u00e7\u00e3o ou respeito. O vereador Walfredo Filho (PSB) disse que a discuss\u00e3o dos seus pares era demag\u00f3gica e que o cargo \u00e9 de livre nomea\u00e7\u00e3o e que \u00e9 natural esse tipo de substitui\u00e7\u00e3o. Ele afirmou que essa mesma troca acontece no Poder Legislativo e que n\u00e3o iria votar favor\u00e1vel a mo\u00e7\u00e3o.<\/p>\n<p>O vereador Gilmar Barbosa contradisse o colega ao afirmar que na c\u00e2mara n\u00e3o \u00e9 a mesma coisa do estado. Ele revelou ainda outros tipos de persegui\u00e7\u00e3o pol\u00edtica que vem sendo feito pela gest\u00e3o municipal. \u201cEu encontrei fornecedores da prefeitura que est\u00e3o sendo obrigados a colocar adesivo, porque se n\u00e3o colocar n\u00e3o recebe o pagamento. Eles disseram que v\u00e3o receber o pagamento e n\u00e3o v\u00e3o votar\u201d afirmou.<\/p>\n<p>O vereador Lindomar Am\u00e2ncio tamb\u00e9m fez suas revela\u00e7\u00f5es antes de condenar a atitude eleitoreira. \u201cEu presenciei um fato pior do que esse, um servidor que foi colocado na parede ou toma posi\u00e7\u00e3o ou sai\u201d disse.<\/p>\n<p>Ao final os cinco vereadores aprovaram uma Mo\u00e7\u00e3o de Repudio contra a diretora de Unidade de Gest\u00e3o de Pessoa da 7\u00aa GRE Maria Marilene do Nascimento Lima. Os vereadores Walfredo Filho, Pedro Ribalta e Eliseu Fran\u00e7a votaram contra a mo\u00e7\u00e3o que ser\u00e1 encaminhada para o Secretario estadual de Educa\u00e7\u00e3o Atila Lira, Minist\u00e9rio Publico e os ve\u00edculos de comunica\u00e7\u00e3o do estado e do munic\u00edpio. \u00a0Ou\u00e7a parte da discuss\u00e3o da vota\u00e7\u00e3o da Mo\u00e7\u00e3o de Repudio.<\/p>\n<p><object width=\"420\" height=\"40\" classid=\"clsid:d27cdb6e-ae6d-11cf-96b8-444553540000\" codebase=\"http:\/\/download.macromedia.com\/pub\/shockwave\/cabs\/flash\/swflash.cab#version=6,0,40,0\"><param name=\"src\" value=\"http:\/\/www.mp3tube.com.br\/embed\/38826127f093500461d9\/3138372e34312e38372e323435\" \/><param name=\"allowfullscreen\" value=\"true\" \/><param name=\"allowscriptaccess\" value=\"always\" \/><embed width=\"420\" height=\"40\" type=\"application\/x-shockwave-flash\" src=\"http:\/\/www.mp3tube.com.br\/embed\/38826127f093500461d9\/3138372e34312e38372e323435\" allowfullscreen=\"true\" allowscriptaccess=\"always\" \/><\/object><\/p>\n","protected":false},"excerpt":{"rendered":"<p>A demiss\u00e3o da servidora Gislene Oliveira da 7\u00aa Gerencia Regional de Educa\u00e7\u00e3o (7\u00aa GRE) foi veementemente criticada na sess\u00e3o da C\u00e2mara Municipal desta segunda-feira (21) pelos vereadores Ielva Mel\u00e3o (PPS),&#8230;<\/p>\n","protected":false},"author":1,"featured_media":5622,"comment_status":"open","ping_status":"open","sticky":false,"template":"","format":"standard","meta":{"ngg_post_thumbnail":0,"footnotes":""},"categories":[12],"tags":[],"class_list":["post-13145","post","type-post","status-publish","format-standard","has-post-thumbnail","hentry","category-valenca-news"],"views":2902,"meta_data":{"thumb":"https:\/\/portalv1.com.br\/app\/wp-content\/uploads\/2010\/10\/plenario.jpg","imagem":{"fullsize":{"url":"https:\/\/portalv1.com.br\/app\/wp-content\/uploads\/2010\/10\/plenario.jpg","width":"300","height":"183"},"thumbnail":{"url":"https:\/\/portalv1.com.br\/app\/wp-content\/uploads\/2010\/10\/plenario-150x150.jpg","width":"150","height":"150"}},"data":{"simple":"22\/05\/2012","date_time":"22\/05\/2012 15:06:33","date":"h\u00e1 14 anos"},"chapeu":"","source":""},"_links":{"self":[{"href":"https:\/\/portalv1.com.br\/api\/wp\/v2\/posts\/13145","targetHints":{"allow":["GET"]}}],"collection":[{"href":"https:\/\/portalv1.com.br\/api\/wp\/v2\/posts"}],"about":[{"href":"https:\/\/portalv1.com.br\/api\/wp\/v2\/types\/post"}],"author":[{"embeddable":true,"href":"https:\/\/portalv1.com.br\/api\/wp\/v2\/users\/1"}],"replies":[{"embeddable":true,"href":"https:\/\/portalv1.com.br\/api\/wp\/v2\/comments?post=13145"}],"version-history":[{"count":0,"href":"https:\/\/portalv1.com.br\/api\/wp\/v2\/posts\/13145\/revisions"}],"wp:featuredmedia":[{"embeddable":true,"href":"https:\/\/portalv1.com.br\/api\/wp\/v2\/media\/5622"}],"wp:attachment":[{"href":"https:\/\/portalv1.com.br\/api\/wp\/v2\/media?parent=13145"}],"wp:term":[{"taxonomy":"category","embeddable":true,"href":"https:\/\/portalv1.com.br\/api\/wp\/v2\/categories?post=13145"},{"taxonomy":"post_tag","embeddable":true,"href":"https:\/\/portalv1.com.br\/api\/wp\/v2\/tags?post=13145"}],"curies":[{"name":"wp","href":"https:\/\/api.w.org\/{rel}","templated":true}]}}