{"id":13148,"date":"2012-05-23T09:10:27","date_gmt":"2012-05-23T12:10:27","guid":{"rendered":"https:\/\/portalv1.com.br\/?p=13148"},"modified":"2012-05-28T09:11:38","modified_gmt":"2012-05-28T12:11:38","slug":"prefeitura-aluga-predios-publicos-para-estacionamento-privado-veja-fotos","status":"publish","type":"post","link":"https:\/\/portalv1.com.br\/prefeitura-aluga-predios-publicos-para-estacionamento-privado-veja-fotos\/","title":{"rendered":"Prefeitura aluga pr\u00e9dios p\u00fablicos para estacionamento privado. Veja fotos"},"content":{"rendered":"<figure id=\"attachment_13149\" aria-describedby=\"caption-attachment-13149\" style=\"width: 300px\" class=\"wp-caption alignright\"><a href=\"https:\/\/portalv1.com.br\/app\/wp-content\/uploads\/2012\/05\/estacinamento.jpg\"><img loading=\"lazy\" decoding=\"async\" class=\"size-full wp-image-13149\" title=\"estacinamento\" src=\"https:\/\/portalv1.com.br\/app\/wp-content\/uploads\/2012\/05\/estacinamento.jpg\" alt=\"\" width=\"300\" height=\"225\" \/><\/a><figcaption id=\"caption-attachment-13149\" class=\"wp-caption-text\">O vereador Joaquim Filho mostrou fotos dos carros e motos entrando nos pr\u00e9dios p\u00fablicos.<\/figcaption><\/figure>\n<p>Os vereadores Joaquim Filho (PTB) e Lindomar Am\u00e2ncio (PRTB) aprovaram requerimentos denunciando a prefeitura municipal ao Minist\u00e9rio Publico por favorecer pessoas ligadas politicamente ao seu grupo pol\u00edtico de utilizarem indevidamente as depend\u00eancias do est\u00e1dio municipal e da Creche do pro-infancia na ultima sexta-feira (18) para servir de estacionamento privado.<\/p>\n<p>Segundo os dois vereadores, o prefeito consentiu que pessoas do seu grupo pol\u00edtico utilizasse as depend\u00eancias dos dois pr\u00e9dios p\u00fablicos para ganharem dinheiro durante a realiza\u00e7\u00e3o de uma festa privada.<\/p>\n<p>Segundo os vereadores eram cobrados nos pr\u00e9dios p\u00fablicos dois reais de cada moto e cinco reais dos carros. O vereador Lindomar Am\u00e2ncio convocou os secret\u00e1rios de administra\u00e7\u00e3o ou de obras para esclarecer o episodio j\u00e1 na pr\u00f3xima sess\u00e3o. O vereador quer saber os motivos que levaram a prefeitura a vender temporariamente os dois pr\u00e9dios p\u00fablicos. O vereador disse em seu requerimento que a a\u00e7\u00e3o \u00e9 criminosa e que o dinheiro deve ser devolvido individualmente ou repassado para institui\u00e7\u00f5es filantr\u00f3picas.<\/p>\n<p>J\u00e1 o vereador Joaquim Filho denunciou o episodio direto ao Minist\u00e9rio Publico observando que caso n\u00e3o seja resolvido aqui em Valen\u00e7a denunciar\u00e1 as autoridades estaduais. O vereador justificou seu pedido anexando fotos dos carros e motos no entrando no est\u00e1dio municipal durante o evento privado. A presidenta Ielva Mel\u00e3o tamb\u00e9m criticou a libera\u00e7\u00e3o.<\/p>\n<p>De acordo com a Ielva Mel\u00e3o afirmou que os requerimentos mostram sobre tudo que o Legislativo est\u00e1 atento aos desmandos administrativos e que a popula\u00e7\u00e3o come\u00e7a a enxergar esses atropelos, onde o grande prejudicado \u00e9 a popula\u00e7\u00e3o mais carente do munic\u00edpio. Os requerimentos foram aprovados inclusive com os votos dos vereadores da base do prefeito municipal.<\/p>\n<p><strong><div class=\"ngg-galleryoverview\" data-widget=\"Galeria\" data-props='{&quot;galeria&quot;:{&quot;gallery_id&quot;:876,&quot;total&quot;:6,&quot;max_page&quot;:1,&quot;page&quot;:1,&quot;images&quot;:[{&quot;pid&quot;:16092,&quot;imageURL&quot;:&quot;https:\\\/\\\/portalv1.com.br\\\/app\\\/wp-content\\\/gallery\\\/estacionamento\\\/portalv1-123.jpg?t=1760043903&quot;,&quot;thumbnailURL&quot;:&quot;https:\\\/\\\/portalv1.com.br\\\/app\\\/wp-content\\\/gallery\\\/estacionamento\\\/thumbs\\\/thumbs_portalv1-123.jpg?t=1760043903&quot;,&quot;description&quot;:&quot; &quot;,&quot;alttext&quot;:&quot;portalv1-123&quot;,&quot;style&quot;:&quot;&quot;},{&quot;pid&quot;:16093,&quot;imageURL&quot;:&quot;https:\\\/\\\/portalv1.com.br\\\/app\\\/wp-content\\\/gallery\\\/estacionamento\\\/portalv1-124.jpg?t=1760043903&quot;,&quot;thumbnailURL&quot;:&quot;https:\\\/\\\/portalv1.com.br\\\/app\\\/wp-content\\\/gallery\\\/estacionamento\\\/thumbs\\\/thumbs_portalv1-124.jpg?t=1760043903&quot;,&quot;description&quot;:&quot; &quot;,&quot;alttext&quot;:&quot;portalv1-124&quot;,&quot;style&quot;:&quot;&quot;},{&quot;pid&quot;:16094,&quot;imageURL&quot;:&quot;https:\\\/\\\/portalv1.com.br\\\/app\\\/wp-content\\\/gallery\\\/estacionamento\\\/portalv1-125.jpg?t=1760043904&quot;,&quot;thumbnailURL&quot;:&quot;https:\\\/\\\/portalv1.com.br\\\/app\\\/wp-content\\\/gallery\\\/estacionamento\\\/thumbs\\\/thumbs_portalv1-125.jpg?t=1760043904&quot;,&quot;description&quot;:&quot; &quot;,&quot;alttext&quot;:&quot;portalv1-125&quot;,&quot;style&quot;:&quot;&quot;},{&quot;pid&quot;:16095,&quot;imageURL&quot;:&quot;https:\\\/\\\/portalv1.com.br\\\/app\\\/wp-content\\\/gallery\\\/estacionamento\\\/portalv1-129.jpg?t=1760043903&quot;,&quot;thumbnailURL&quot;:&quot;https:\\\/\\\/portalv1.com.br\\\/app\\\/wp-content\\\/gallery\\\/estacionamento\\\/thumbs\\\/thumbs_portalv1-129.jpg?t=1760043903&quot;,&quot;description&quot;:&quot; &quot;,&quot;alttext&quot;:&quot;portalv1-129&quot;,&quot;style&quot;:&quot;&quot;},{&quot;pid&quot;:16096,&quot;imageURL&quot;:&quot;https:\\\/\\\/portalv1.com.br\\\/app\\\/wp-content\\\/gallery\\\/estacionamento\\\/portalv1-134.jpg?t=1760043903&quot;,&quot;thumbnailURL&quot;:&quot;https:\\\/\\\/portalv1.com.br\\\/app\\\/wp-content\\\/gallery\\\/estacionamento\\\/thumbs\\\/thumbs_portalv1-134.jpg?t=1760043903&quot;,&quot;description&quot;:&quot; &quot;,&quot;alttext&quot;:&quot;portalv1-134&quot;,&quot;style&quot;:&quot;&quot;},{&quot;pid&quot;:16097,&quot;imageURL&quot;:&quot;https:\\\/\\\/portalv1.com.br\\\/app\\\/wp-content\\\/gallery\\\/estacionamento\\\/portalv1.jpg?t=1760043903&quot;,&quot;thumbnailURL&quot;:&quot;https:\\\/\\\/portalv1.com.br\\\/app\\\/wp-content\\\/gallery\\\/estacionamento\\\/thumbs\\\/thumbs_portalv1.jpg?t=1760043903&quot;,&quot;description&quot;:&quot; &quot;,&quot;alttext&quot;:&quot;portalv1&quot;,&quot;style&quot;:&quot;&quot;}]}}'><\/div><\/strong>.<em><\/em><\/p>\n<p>Ou\u00e7a parte dos pronunciamentos em rela\u00e7\u00e3o a denuncia dos vereadores<\/p>\n<p><object width=\"420\" height=\"40\" classid=\"clsid:d27cdb6e-ae6d-11cf-96b8-444553540000\" codebase=\"http:\/\/download.macromedia.com\/pub\/shockwave\/cabs\/flash\/swflash.cab#version=6,0,40,0\"><param name=\"src\" value=\"http:\/\/www.mp3tube.com.br\/embed\/614b58a7dc45c9d01df1\/3138372e34312e39302e3839\" \/><param name=\"allowfullscreen\" value=\"true\" \/><param name=\"allowscriptaccess\" value=\"always\" \/><embed width=\"420\" height=\"40\" type=\"application\/x-shockwave-flash\" src=\"http:\/\/www.mp3tube.com.br\/embed\/614b58a7dc45c9d01df1\/3138372e34312e39302e3839\" allowfullscreen=\"true\" allowscriptaccess=\"always\" \/><\/object><\/p>\n","protected":false},"excerpt":{"rendered":"<p>Os vereadores Joaquim Filho (PTB) e Lindomar Am\u00e2ncio (PRTB) aprovaram requerimentos denunciando a prefeitura municipal ao Minist\u00e9rio Publico por favorecer pessoas ligadas politicamente ao seu grupo pol\u00edtico de utilizarem indevidamente&#8230;<\/p>\n","protected":false},"author":1,"featured_media":13149,"comment_status":"open","ping_status":"open","sticky":false,"template":"","format":"standard","meta":{"ngg_post_thumbnail":0,"footnotes":""},"categories":[245],"tags":[],"class_list":["post-13148","post","type-post","status-publish","format-standard","has-post-thumbnail","hentry","category-entretenimento"],"views":1503,"meta_data":{"thumb":"https:\/\/portalv1.com.br\/app\/wp-content\/uploads\/2012\/05\/estacinamento.jpg","imagem":{"fullsize":{"url":"https:\/\/portalv1.com.br\/app\/wp-content\/uploads\/2012\/05\/estacinamento.jpg","width":"300","height":"225"},"thumbnail":{"url":"https:\/\/portalv1.com.br\/app\/wp-content\/uploads\/2012\/05\/estacinamento-100x100.jpg","width":"100","height":"100"},"post-thumbnail":{"url":"https:\/\/portalv1.com.br\/app\/wp-content\/uploads\/2012\/05\/estacinamento-100x100.jpg","width":"100","height":"100"},"imgpadrao":{"url":"https:\/\/portalv1.com.br\/app\/wp-content\/uploads\/2012\/05\/estacinamento-300x183.jpg","width":"300","height":"183"},"tecnologia":{"url":"https:\/\/portalv1.com.br\/app\/wp-content\/uploads\/2012\/05\/estacinamento-230x136.jpg","width":"230","height":"136"}},"data":{"simple":"23\/05\/2012","date_time":"23\/05\/2012 06:10:27","date":"h\u00e1 14 anos"},"chapeu":"","source":""},"_links":{"self":[{"href":"https:\/\/portalv1.com.br\/api\/wp\/v2\/posts\/13148","targetHints":{"allow":["GET"]}}],"collection":[{"href":"https:\/\/portalv1.com.br\/api\/wp\/v2\/posts"}],"about":[{"href":"https:\/\/portalv1.com.br\/api\/wp\/v2\/types\/post"}],"author":[{"embeddable":true,"href":"https:\/\/portalv1.com.br\/api\/wp\/v2\/users\/1"}],"replies":[{"embeddable":true,"href":"https:\/\/portalv1.com.br\/api\/wp\/v2\/comments?post=13148"}],"version-history":[{"count":0,"href":"https:\/\/portalv1.com.br\/api\/wp\/v2\/posts\/13148\/revisions"}],"wp:featuredmedia":[{"embeddable":true,"href":"https:\/\/portalv1.com.br\/api\/wp\/v2\/media\/13149"}],"wp:attachment":[{"href":"https:\/\/portalv1.com.br\/api\/wp\/v2\/media?parent=13148"}],"wp:term":[{"taxonomy":"category","embeddable":true,"href":"https:\/\/portalv1.com.br\/api\/wp\/v2\/categories?post=13148"},{"taxonomy":"post_tag","embeddable":true,"href":"https:\/\/portalv1.com.br\/api\/wp\/v2\/tags?post=13148"}],"curies":[{"name":"wp","href":"https:\/\/api.w.org\/{rel}","templated":true}]}}