{"id":13218,"date":"2012-06-05T00:20:29","date_gmt":"2012-06-05T03:20:29","guid":{"rendered":"https:\/\/portalv1.com.br\/?p=13218"},"modified":"2012-06-05T22:14:45","modified_gmt":"2012-06-06T01:14:45","slug":"imprensa-estadual-destaca-a-cidade-de-valenca","status":"publish","type":"post","link":"https:\/\/portalv1.com.br\/imprensa-estadual-destaca-a-cidade-de-valenca\/","title":{"rendered":"Imprensa estadual destaca a cidade de Valen\u00e7a"},"content":{"rendered":"<figure id=\"attachment_1507\" aria-describedby=\"caption-attachment-1507\" style=\"width: 300px\" class=\"wp-caption alignright\"><a href=\"https:\/\/portalv1.com.br\/app\/wp-content\/uploads\/2009\/11\/valen\u00e7a.jpg\"><img loading=\"lazy\" decoding=\"async\" class=\"size-full wp-image-1507\" title=\"valen\u00e7a\" src=\"https:\/\/portalv1.com.br\/app\/wp-content\/uploads\/2009\/11\/valen\u00e7a.jpg\" alt=\"\" width=\"300\" height=\"183\" \/><\/a><figcaption id=\"caption-attachment-1507\" class=\"wp-caption-text\">Vista da cidade de Valen\u00e7a<\/figcaption><\/figure>\n<p>A cidade de Valen\u00e7a foi destacada nessa semana pelos meios de comunica\u00e7\u00e3o do estado. No domingo o Jornal O Dia dedicou uma pagina completa sobre a Festa do Divino Esp\u00edrito Santo. Na mat\u00e9ria os jornalistas destacaram a beleza e a tradi\u00e7\u00e3o do festejo que movimenta grande parte da regi\u00e3o valenciana e esse ano teve a frente o casal Jos\u00e9 Igreja e Auxiliadora Veloso.<\/p>\n<p>Nesta segunda-feira (03), o jornalista Silas Freire da TV Meio Norte leu na integra uma mo\u00e7\u00e3o de repudio aprovada na C\u00e2mara de Valen\u00e7a contra a demiss\u00e3o da colaboradora da 7\u00aa Regional de Educa\u00e7\u00e3o Girlene Oliveira, que segundo os vereadores Ielva Mel\u00e3o (PPS), Lindomar Am\u00e2ncio (PRTB), Joaquim Filho (PTB), Gilmar Barbosa (PC do B)\u00a0e Tico Adriano (PMDB) teve como \u00fanica motiva\u00e7\u00e3o o fato da mesma n\u00e3o apoiar o candidato do prefeito.<\/p>\n<p>A mo\u00e7\u00e3o seguiu para outros \u00f3rg\u00e3os, incluindo o secret\u00e1rio estadual de educa\u00e7\u00e3o Atila Lira. Na semana passada o n\u00e3o pagamento por parte da prefeitura a Construtora RH tamb\u00e9m foi reproduzida na imprensa do estado. \u00a0<em><\/em><\/p>\n","protected":false},"excerpt":{"rendered":"<p>A cidade de Valen\u00e7a foi destacada nessa semana pelos meios de comunica\u00e7\u00e3o do estado. No domingo o Jornal O Dia dedicou uma pagina completa sobre a Festa do Divino Esp\u00edrito&#8230;<\/p>\n","protected":false},"author":1,"featured_media":1507,"comment_status":"open","ping_status":"open","sticky":false,"template":"","format":"standard","meta":{"ngg_post_thumbnail":0,"footnotes":""},"categories":[12],"tags":[712,944],"class_list":["post-13218","post","type-post","status-publish","format-standard","has-post-thumbnail","hentry","category-valenca-news","tag-meio-norte","tag-o-dia"],"views":941,"meta_data":{"thumb":"https:\/\/portalv1.com.br\/app\/wp-content\/uploads\/2009\/11\/valen\u00e7a.jpg","imagem":{"fullsize":{"url":"https:\/\/portalv1.com.br\/app\/wp-content\/uploads\/2009\/11\/valen\u00e7a.jpg","width":300,"height":183},"thumbnail":{"url":"https:\/\/portalv1.com.br\/app\/wp-content\/uploads\/2009\/11\/valen\u00e7a-100x100.jpg","width":100,"height":100}},"data":{"simple":"04\/06\/2012","date_time":"04\/06\/2012 21:20:29","date":"h\u00e1 14 anos"},"chapeu":"","source":""},"_links":{"self":[{"href":"https:\/\/portalv1.com.br\/api\/wp\/v2\/posts\/13218","targetHints":{"allow":["GET"]}}],"collection":[{"href":"https:\/\/portalv1.com.br\/api\/wp\/v2\/posts"}],"about":[{"href":"https:\/\/portalv1.com.br\/api\/wp\/v2\/types\/post"}],"author":[{"embeddable":true,"href":"https:\/\/portalv1.com.br\/api\/wp\/v2\/users\/1"}],"replies":[{"embeddable":true,"href":"https:\/\/portalv1.com.br\/api\/wp\/v2\/comments?post=13218"}],"version-history":[{"count":0,"href":"https:\/\/portalv1.com.br\/api\/wp\/v2\/posts\/13218\/revisions"}],"wp:featuredmedia":[{"embeddable":true,"href":"https:\/\/portalv1.com.br\/api\/wp\/v2\/media\/1507"}],"wp:attachment":[{"href":"https:\/\/portalv1.com.br\/api\/wp\/v2\/media?parent=13218"}],"wp:term":[{"taxonomy":"category","embeddable":true,"href":"https:\/\/portalv1.com.br\/api\/wp\/v2\/categories?post=13218"},{"taxonomy":"post_tag","embeddable":true,"href":"https:\/\/portalv1.com.br\/api\/wp\/v2\/tags?post=13218"}],"curies":[{"name":"wp","href":"https:\/\/api.w.org\/{rel}","templated":true}]}}