{"id":13240,"date":"2012-06-07T23:16:38","date_gmt":"2012-06-08T02:16:38","guid":{"rendered":"https:\/\/portalv1.com.br\/?p=13240"},"modified":"2012-06-10T13:13:00","modified_gmt":"2012-06-10T16:13:00","slug":"valenca-aplica-maior-goleada-da-copa-tv-picos-de-futsal-veja-resumo","status":"publish","type":"post","link":"https:\/\/portalv1.com.br\/valenca-aplica-maior-goleada-da-copa-tv-picos-de-futsal-veja-resumo\/","title":{"rendered":"Valen\u00e7a aplica maior goleada da Copa TV Picos de futsal. Veja resumo"},"content":{"rendered":"<figure id=\"attachment_10882\" aria-describedby=\"caption-attachment-10882\" style=\"width: 300px\" class=\"wp-caption alignright\"><a href=\"https:\/\/portalv1.com.br\/app\/wp-content\/uploads\/2011\/11\/bita.jpg\"><img loading=\"lazy\" decoding=\"async\" class=\"size-full wp-image-10882\" title=\"bita\" src=\"https:\/\/portalv1.com.br\/app\/wp-content\/uploads\/2011\/11\/bita.jpg\" alt=\"\" width=\"300\" height=\"183\" \/><\/a><figcaption id=\"caption-attachment-10882\" class=\"wp-caption-text\">O valenciano Bita \u00e9 quem coordena a competi\u00e7\u00e3o interestadual<\/figcaption><\/figure>\n<p>A Sele\u00e7\u00e3o Valenciana de Futsal \u00e9 dona da maior goleada da II Copa TV Picos realizada em Picos pela Liga Esportiva Amadora de Picos e pela TV Picos. Nosso selecionado goleou a equipe de Alegrete do Piau\u00ed por 13 x 04. A segunda maior goleada foi \u00e0 imposta pela equipe do Santos Trindade que aplicou 12 X 01 na Kildery Const.<\/p>\n<p>Neste domingo (10) e ter\u00e7a-feira (12) acontece a 15\u00aa e 16\u00aa rodadas da competi\u00e7\u00e3o com os seguintes jogos o Caju\u00edna do deputado Marllos Sampaio enfrenta a Sele\u00e7\u00e3o de Sim\u00f5es e logo depois a equipe do Lib\u00f3rio Eventos pega Dom Expedito Lopes.<\/p>\n<p>Na ter\u00e7a-feira jogam na primeira partida Francisco Santos e SESP Pedrinhas e na partida de fundo nossa sele\u00e7\u00e3o enfrenta o Kildery Const. Veja um resumo da competi\u00e7\u00e3o at\u00e9 a 14\u00aa rodada.<\/p>\n<p><a href=\"https:\/\/portalv1.com.br\/app\/wp-content\/uploads\/2012\/06\/Clique-aqui-e-veja-o-resumo-da-Copa-TV-Picos.pdf\">Clique aqui e veja o resumo da Copa TV Picos<\/a><\/p>\n","protected":false},"excerpt":{"rendered":"<p>A Sele\u00e7\u00e3o Valenciana de Futsal \u00e9 dona da maior goleada da II Copa TV Picos realizada em Picos pela Liga Esportiva Amadora de Picos e pela TV Picos. Nosso selecionado&#8230;<\/p>\n","protected":false},"author":1,"featured_media":10882,"comment_status":"open","ping_status":"open","sticky":false,"template":"","format":"standard","meta":{"ngg_post_thumbnail":0,"footnotes":""},"categories":[12],"tags":[871],"class_list":["post-13240","post","type-post","status-publish","format-standard","has-post-thumbnail","hentry","category-valenca-news","tag-futsal"],"views":727,"meta_data":{"thumb":"https:\/\/portalv1.com.br\/app\/wp-content\/uploads\/2011\/11\/bita.jpg","imagem":{"fullsize":{"url":"https:\/\/portalv1.com.br\/app\/wp-content\/uploads\/2011\/11\/bita.jpg","width":"300","height":"183"},"thumbnail":{"url":"https:\/\/portalv1.com.br\/app\/wp-content\/uploads\/2011\/11\/bita-100x100.jpg","width":"100","height":"100"}},"data":{"simple":"07\/06\/2012","date_time":"07\/06\/2012 20:16:38","date":"h\u00e1 14 anos"},"chapeu":"","source":""},"_links":{"self":[{"href":"https:\/\/portalv1.com.br\/api\/wp\/v2\/posts\/13240","targetHints":{"allow":["GET"]}}],"collection":[{"href":"https:\/\/portalv1.com.br\/api\/wp\/v2\/posts"}],"about":[{"href":"https:\/\/portalv1.com.br\/api\/wp\/v2\/types\/post"}],"author":[{"embeddable":true,"href":"https:\/\/portalv1.com.br\/api\/wp\/v2\/users\/1"}],"replies":[{"embeddable":true,"href":"https:\/\/portalv1.com.br\/api\/wp\/v2\/comments?post=13240"}],"version-history":[{"count":0,"href":"https:\/\/portalv1.com.br\/api\/wp\/v2\/posts\/13240\/revisions"}],"wp:featuredmedia":[{"embeddable":true,"href":"https:\/\/portalv1.com.br\/api\/wp\/v2\/media\/10882"}],"wp:attachment":[{"href":"https:\/\/portalv1.com.br\/api\/wp\/v2\/media?parent=13240"}],"wp:term":[{"taxonomy":"category","embeddable":true,"href":"https:\/\/portalv1.com.br\/api\/wp\/v2\/categories?post=13240"},{"taxonomy":"post_tag","embeddable":true,"href":"https:\/\/portalv1.com.br\/api\/wp\/v2\/tags?post=13240"}],"curies":[{"name":"wp","href":"https:\/\/api.w.org\/{rel}","templated":true}]}}