{"id":13249,"date":"2012-06-09T23:57:18","date_gmt":"2012-06-10T02:57:18","guid":{"rendered":"https:\/\/portalv1.com.br\/?p=13249"},"modified":"2012-06-09T23:57:53","modified_gmt":"2012-06-10T02:57:53","slug":"tudo-pronto-para-abertura-do-salao-do-livro-do-piaui","status":"publish","type":"post","link":"https:\/\/portalv1.com.br\/tudo-pronto-para-abertura-do-salao-do-livro-do-piaui\/","title":{"rendered":"Tudo pronto para abertura do Sal\u00e3o do Livro do Piau\u00ed"},"content":{"rendered":"<figure id=\"attachment_12974\" aria-describedby=\"caption-attachment-12974\" style=\"width: 300px\" class=\"wp-caption alignright\"><a href=\"https:\/\/portalv1.com.br\/app\/wp-content\/uploads\/2012\/04\/kassiogomes.jpg\"><img loading=\"lazy\" decoding=\"async\" class=\"size-full wp-image-12974\" title=\"kassiogomes\" src=\"https:\/\/portalv1.com.br\/app\/wp-content\/uploads\/2012\/04\/kassiogomes.jpg\" alt=\"\" width=\"300\" height=\"206\" \/><\/a><figcaption id=\"caption-attachment-12974\" class=\"wp-caption-text\">O valenciano K\u00e1ssio Gomes, presidente da Funda\u00e7\u00e3o Quixote estar\u00e1 a frente da organiza\u00e7\u00e3o do SALIPI<\/figcaption><\/figure>\n<p>A cidade j\u00e1 est\u00e1 em contagem regressiva para mais uma edi\u00e7\u00e3o do Sal\u00e3o do Livro do Piau\u00ed. Este ano, a festa liter\u00e1ria inicia neste domingo (10), e segue at\u00e9 o pr\u00f3ximo dia 17 de junho, no Complexo Cultural da Pra\u00e7a Pedro II. O evento, realizado pela Funda\u00e7\u00e3o Quixote e promovido pela TV Clube, contar\u00e1 com exposi\u00e7\u00f5es, palestras, lan\u00e7amento de livros, semin\u00e1rios e apresenta\u00e7\u00f5es culturais que trar\u00e3o crian\u00e7as, jovens e adultos ao mundo encantado dos livros.<\/p>\n<p>J\u00e1 est\u00e1 tudo pronto para garantir assim a infra-estrutura necess\u00e1ria aos livreiros e ao p\u00fablico. Segundo a organiza\u00e7\u00e3o, a abertura ser\u00e1 \u00e0s 19h, no Theatro 4 de Setembro, e contar\u00e1 com o Coral Nova Vis\u00e3o, da Associa\u00e7\u00e3o dos Cegos do Piau\u00ed.<\/p>\n<p>Como parte integrante do Sal\u00e3o, ocorre o Semin\u00e1rio L\u00edngua Viva, que est\u00e1 na 15\u00aa edi\u00e7\u00e3o. Nele ser\u00e3o apresentadas palestras de grandes nomes do universo acad\u00eamico e cultural. Est\u00e3o confirmados os autores Crist\u00f3v\u00e3o Tezza, Ign\u00e1cio de Loyola Brand\u00e3o, Jos\u00e9 de Nicola e as palestrantes estrangeiras Isabel Ferreira (Angola), Roxana Pineda (Cuba) e Ana Luisa Amaral (Portugal).<\/p>\n<p>O evento homenageia, nesta edi\u00e7\u00e3o, o teatr\u00f3logo piauiense Francisco Pereira da Silva, autor da pe\u00e7a \u201cRaimunda Pinto, Sim Senhor!\u201d. Outros homenageados, neste ano, ser\u00e1 o escritor Jorge Amado, o cantor Luiz Gonzaga e o teatr\u00f3logo Nelson Rodrigues, que se estivessem vivos estariam completando 100 anos.<\/p>\n<p>E continuam abertas as inscri\u00e7\u00f5es para o 15\u00ba Semin\u00e1rio L\u00edngua Viva. Como as inscri\u00e7\u00f5es s\u00e3o limitadas, a Funda\u00e7\u00e3o Quixote, respons\u00e1vel pelo Semin\u00e1rio, sugere aos interessados que garantam suas vagas com a maior anteced\u00eancia poss\u00edvel, pelo site www.salipi.com.br .<\/p>\n<p>Fonte: portaldaclube<\/p>\n","protected":false},"excerpt":{"rendered":"<p>A cidade j\u00e1 est\u00e1 em contagem regressiva para mais uma edi\u00e7\u00e3o do Sal\u00e3o do Livro do Piau\u00ed. Este ano, a festa liter\u00e1ria inicia neste domingo (10), e segue at\u00e9 o&#8230;<\/p>\n","protected":false},"author":1,"featured_media":12974,"comment_status":"open","ping_status":"open","sticky":false,"template":"","format":"standard","meta":{"ngg_post_thumbnail":0,"footnotes":""},"categories":[243],"tags":[],"class_list":["post-13249","post","type-post","status-publish","format-standard","has-post-thumbnail","hentry","category-geral"],"views":618,"meta_data":{"thumb":"https:\/\/portalv1.com.br\/app\/wp-content\/uploads\/2012\/04\/kassiogomes.jpg","imagem":{"fullsize":{"url":"https:\/\/portalv1.com.br\/app\/wp-content\/uploads\/2012\/04\/kassiogomes.jpg","width":"300","height":"206"},"thumbnail":{"url":"https:\/\/portalv1.com.br\/app\/wp-content\/uploads\/2012\/04\/kassiogomes-100x100.jpg","width":"100","height":"100"},"post-thumbnail":{"url":"https:\/\/portalv1.com.br\/app\/wp-content\/uploads\/2012\/04\/kassiogomes-100x100.jpg","width":"100","height":"100"},"imgpadrao":{"url":"https:\/\/portalv1.com.br\/app\/wp-content\/uploads\/2012\/04\/kassiogomes-300x183.jpg","width":"300","height":"183"},"tecnologia":{"url":"https:\/\/portalv1.com.br\/app\/wp-content\/uploads\/2012\/04\/kassiogomes-230x136.jpg","width":"230","height":"136"}},"data":{"simple":"09\/06\/2012","date_time":"09\/06\/2012 20:57:18","date":"h\u00e1 14 anos"},"chapeu":"","source":""},"_links":{"self":[{"href":"https:\/\/portalv1.com.br\/api\/wp\/v2\/posts\/13249","targetHints":{"allow":["GET"]}}],"collection":[{"href":"https:\/\/portalv1.com.br\/api\/wp\/v2\/posts"}],"about":[{"href":"https:\/\/portalv1.com.br\/api\/wp\/v2\/types\/post"}],"author":[{"embeddable":true,"href":"https:\/\/portalv1.com.br\/api\/wp\/v2\/users\/1"}],"replies":[{"embeddable":true,"href":"https:\/\/portalv1.com.br\/api\/wp\/v2\/comments?post=13249"}],"version-history":[{"count":0,"href":"https:\/\/portalv1.com.br\/api\/wp\/v2\/posts\/13249\/revisions"}],"wp:featuredmedia":[{"embeddable":true,"href":"https:\/\/portalv1.com.br\/api\/wp\/v2\/media\/12974"}],"wp:attachment":[{"href":"https:\/\/portalv1.com.br\/api\/wp\/v2\/media?parent=13249"}],"wp:term":[{"taxonomy":"category","embeddable":true,"href":"https:\/\/portalv1.com.br\/api\/wp\/v2\/categories?post=13249"},{"taxonomy":"post_tag","embeddable":true,"href":"https:\/\/portalv1.com.br\/api\/wp\/v2\/tags?post=13249"}],"curies":[{"name":"wp","href":"https:\/\/api.w.org\/{rel}","templated":true}]}}