{"id":13284,"date":"2012-06-17T23:22:24","date_gmt":"2012-06-18T02:22:24","guid":{"rendered":"https:\/\/portalv1.com.br\/?p=13284"},"modified":"2012-06-19T13:19:41","modified_gmt":"2012-06-19T16:19:41","slug":"depois-das-reclamacoes-servicos-da-tim-melhoram-em-valenca","status":"publish","type":"post","link":"https:\/\/portalv1.com.br\/depois-das-reclamacoes-servicos-da-tim-melhoram-em-valenca\/","title":{"rendered":"Depois das reclama\u00e7\u00f5es servi\u00e7os da TIM melhoram em Valen\u00e7a"},"content":{"rendered":"<figure id=\"attachment_13285\" aria-describedby=\"caption-attachment-13285\" style=\"width: 300px\" class=\"wp-caption alignright\"><a href=\"https:\/\/portalv1.com.br\/app\/wp-content\/uploads\/2012\/06\/tim1.jpg\"><img loading=\"lazy\" decoding=\"async\" class=\"size-full wp-image-13285\" title=\"tim\" src=\"https:\/\/portalv1.com.br\/app\/wp-content\/uploads\/2012\/06\/tim1.jpg\" alt=\"\" width=\"300\" height=\"300\" srcset=\"https:\/\/portalv1.com.br\/app\/wp-content\/uploads\/2012\/06\/tim1.jpg 300w, https:\/\/portalv1.com.br\/app\/wp-content\/uploads\/2012\/06\/tim1-100x100.jpg 100w\" sizes=\"auto, (max-width: 300px) 100vw, 300px\" \/><\/a><figcaption id=\"caption-attachment-13285\" class=\"wp-caption-text\">Apesar ainda das dificuldades nas chamadas servi\u00e7os melhoraram em Valen\u00e7a<\/figcaption><\/figure>\n<p>Os clientes da operada de telefonia TIM voltaram a ter os servi\u00e7os de internet depois de dias sem o mesmo em Valen\u00e7a. Na semana passada o portalv1 repassou a reclama\u00e7\u00e3o de seus internautas que reclamavam da dificuldade de conex\u00e3o com a internet e para realizar as liga\u00e7\u00f5es normais usando a operadora. Juntamente com a conex\u00e3o veio tamb\u00e9m uma melhora em rela\u00e7\u00e3o \u00e0s liga\u00e7\u00f5es telef\u00f4nicas feitas usando a operadora no munic\u00edpio.<\/p>\n","protected":false},"excerpt":{"rendered":"<p>Os clientes da operada de telefonia TIM voltaram a ter os servi\u00e7os de internet depois de dias sem o mesmo em Valen\u00e7a. Na semana passada o portalv1 repassou a reclama\u00e7\u00e3o&#8230;<\/p>\n","protected":false},"author":1,"featured_media":13285,"comment_status":"open","ping_status":"open","sticky":false,"template":"","format":"standard","meta":{"ngg_post_thumbnail":0,"footnotes":""},"categories":[12],"tags":[],"class_list":["post-13284","post","type-post","status-publish","format-standard","has-post-thumbnail","hentry","category-valenca-news"],"views":786,"meta_data":{"thumb":"https:\/\/portalv1.com.br\/app\/wp-content\/uploads\/2012\/06\/tim1.jpg","imagem":{"fullsize":{"url":"https:\/\/portalv1.com.br\/app\/wp-content\/uploads\/2012\/06\/tim1.jpg","width":"300","height":"300"},"thumbnail":{"url":"https:\/\/portalv1.com.br\/app\/wp-content\/uploads\/2012\/06\/tim1-100x100.jpg","width":"100","height":"100"},"post-thumbnail":{"url":"https:\/\/portalv1.com.br\/app\/wp-content\/uploads\/2012\/06\/tim1-100x100.jpg","width":"100","height":"100"},"imgpadrao":{"url":"https:\/\/portalv1.com.br\/app\/wp-content\/uploads\/2012\/06\/tim1-300x183.jpg","width":"300","height":"183"},"tecnologia":{"url":"https:\/\/portalv1.com.br\/app\/wp-content\/uploads\/2012\/06\/tim1-230x136.jpg","width":"230","height":"136"}},"data":{"simple":"17\/06\/2012","date_time":"17\/06\/2012 20:22:24","date":"h\u00e1 14 anos"},"chapeu":"","source":""},"_links":{"self":[{"href":"https:\/\/portalv1.com.br\/api\/wp\/v2\/posts\/13284","targetHints":{"allow":["GET"]}}],"collection":[{"href":"https:\/\/portalv1.com.br\/api\/wp\/v2\/posts"}],"about":[{"href":"https:\/\/portalv1.com.br\/api\/wp\/v2\/types\/post"}],"author":[{"embeddable":true,"href":"https:\/\/portalv1.com.br\/api\/wp\/v2\/users\/1"}],"replies":[{"embeddable":true,"href":"https:\/\/portalv1.com.br\/api\/wp\/v2\/comments?post=13284"}],"version-history":[{"count":0,"href":"https:\/\/portalv1.com.br\/api\/wp\/v2\/posts\/13284\/revisions"}],"wp:featuredmedia":[{"embeddable":true,"href":"https:\/\/portalv1.com.br\/api\/wp\/v2\/media\/13285"}],"wp:attachment":[{"href":"https:\/\/portalv1.com.br\/api\/wp\/v2\/media?parent=13284"}],"wp:term":[{"taxonomy":"category","embeddable":true,"href":"https:\/\/portalv1.com.br\/api\/wp\/v2\/categories?post=13284"},{"taxonomy":"post_tag","embeddable":true,"href":"https:\/\/portalv1.com.br\/api\/wp\/v2\/tags?post=13284"}],"curies":[{"name":"wp","href":"https:\/\/api.w.org\/{rel}","templated":true}]}}