{"id":132854,"date":"2022-11-03T09:43:12","date_gmt":"2022-11-03T12:43:12","guid":{"rendered":"https:\/\/portalv1.com.br\/?p=132854"},"modified":"2022-11-03T09:43:12","modified_gmt":"2022-11-03T12:43:12","slug":"ano-letivo-pode-ser-estendido-para-janeiro-em-204-escolas-da-rede-estadual","status":"publish","type":"post","link":"https:\/\/portalv1.com.br\/ano-letivo-pode-ser-estendido-para-janeiro-em-204-escolas-da-rede-estadual\/","title":{"rendered":"Ano letivo pode ser estendido para janeiro em 204 escolas da rede estadual"},"content":{"rendered":"<p>O ano letivo de 2022 pode ser estendido para o m\u00eas de janeiro em pelo menos 204 escolas da rede estadual de ensino. A informa\u00e7\u00e3o \u00e9 da diretora de ensino e aprendizagem da Seduc, Maria Jos\u00e9 Mendes, que explica que o calend\u00e1rio de parte das escolas foi afetado pela greve dos professores estaduais, que durou 127 dias.&nbsp;<\/p>\n<p>\u201cDe 641 escolas, temos um ter\u00e7o dessas escolas que houve uma reprograma\u00e7\u00e3o do calend\u00e1rio, mas a secretaria j\u00e1 tem o planejamento da estrat\u00e9gia que \u00e9 para 2023 ter aqueles dias que n\u00e3o foram cumpridos em 2022. Aquelas escolas que n\u00e3o tiveram dias e carga hor\u00e1ria cumpridos em 2022, ter\u00e3o isso ampliado em 2023\u201d, destacou.&nbsp;<\/p>\n<p>A diretora de ensino da Seduc ainda garante que estrat\u00e9gias foram adotadas para evitar maiores preju\u00edzos aos estudantes das escolas que tiveram mudan\u00e7as no calend\u00e1rio por conta da greve.&nbsp;<\/p>\n<p>&#8220;Todos os professores e profissionais est\u00e3o hoje fazendo o cumprimento da carga hor\u00e1ria e dias letivos&#8221;, garantiu Maria Jos\u00e9 Mendes.&nbsp;<\/p>\n<p>As demais escolas, que n\u00e3o tiveram maiores preju\u00edzos por causa da greve devem encerrar o ano letivo de 2022 no dia 22 de dezembro.&nbsp;<\/p>\n<p><strong>Matr\u00edculas&nbsp;<\/strong><\/p>\n<p>O edital de matr\u00edculas para o ano letivo de 2023 j\u00e1 foi publicado. O processo acontece online, a partir de 23 de novembro.&nbsp;<\/p>\n<p>&#8220;De 23 de novembro a 23 de dezembro, teremos o processo de matr\u00edculas novas para aqueles estudantes que n\u00e3o s\u00e3o da nossa rede. Tamb\u00e9m teremos um processo para as escolas que fazem teste seletivo, de 07 a 11 de novembro. Logo depois, teremos a matr\u00edcula em si&#8221;, ressaltou a diretora de ensino.&nbsp;<\/p>\n<p>Todas as informa\u00e7\u00f5es est\u00e3o dispon\u00edveis no site da Seduc.&nbsp;<\/p>\n","protected":false},"excerpt":{"rendered":"<p>O ano letivo de 2022 pode ser estendido para o m\u00eas de janeiro em pelo menos 204 escolas da rede estadual de ensino. A informa\u00e7\u00e3o \u00e9 da diretora de ensino&#8230;<\/p>\n","protected":false},"author":1,"featured_media":108565,"comment_status":"open","ping_status":"open","sticky":false,"template":"","format":"standard","meta":{"ngg_post_thumbnail":0,"footnotes":""},"categories":[243],"tags":[],"class_list":["post-132854","post","type-post","status-publish","format-standard","has-post-thumbnail","hentry","category-geral"],"views":178,"meta_data":{"thumb":"https:\/\/portalv1.com.br\/app\/wp-content\/uploads\/2022\/01\/escola.jpg","imagem":{"fullsize":{"url":"https:\/\/portalv1.com.br\/app\/wp-content\/uploads\/2022\/01\/escola.jpg","width":790,"height":527},"medium":{"url":"https:\/\/portalv1.com.br\/app\/wp-content\/uploads\/2022\/01\/escola-300x200.jpg","width":300,"height":200},"large":{"url":"https:\/\/portalv1.com.br\/app\/wp-content\/uploads\/2022\/01\/escola-640x427.jpg","width":640,"height":427},"thumbnail":{"url":"https:\/\/portalv1.com.br\/app\/wp-content\/uploads\/2022\/01\/escola-100x100.jpg","width":100,"height":100},"medium_large":{"url":"https:\/\/portalv1.com.br\/app\/wp-content\/uploads\/2022\/01\/escola-768x512.jpg","width":768,"height":512}},"data":{"simple":"03\/11\/2022","date_time":"03\/11\/2022 06:43:12","date":"h\u00e1 3 anos"},"chapeu":"Saiba Detalhes ","source":"slide"},"_links":{"self":[{"href":"https:\/\/portalv1.com.br\/api\/wp\/v2\/posts\/132854","targetHints":{"allow":["GET"]}}],"collection":[{"href":"https:\/\/portalv1.com.br\/api\/wp\/v2\/posts"}],"about":[{"href":"https:\/\/portalv1.com.br\/api\/wp\/v2\/types\/post"}],"author":[{"embeddable":true,"href":"https:\/\/portalv1.com.br\/api\/wp\/v2\/users\/1"}],"replies":[{"embeddable":true,"href":"https:\/\/portalv1.com.br\/api\/wp\/v2\/comments?post=132854"}],"version-history":[{"count":0,"href":"https:\/\/portalv1.com.br\/api\/wp\/v2\/posts\/132854\/revisions"}],"wp:featuredmedia":[{"embeddable":true,"href":"https:\/\/portalv1.com.br\/api\/wp\/v2\/media\/108565"}],"wp:attachment":[{"href":"https:\/\/portalv1.com.br\/api\/wp\/v2\/media?parent=132854"}],"wp:term":[{"taxonomy":"category","embeddable":true,"href":"https:\/\/portalv1.com.br\/api\/wp\/v2\/categories?post=132854"},{"taxonomy":"post_tag","embeddable":true,"href":"https:\/\/portalv1.com.br\/api\/wp\/v2\/tags?post=132854"}],"curies":[{"name":"wp","href":"https:\/\/api.w.org\/{rel}","templated":true}]}}