{"id":132859,"date":"2022-11-03T12:31:59","date_gmt":"2022-11-03T15:31:59","guid":{"rendered":"https:\/\/portalv1.com.br\/?p=132859"},"modified":"2022-11-03T12:32:48","modified_gmt":"2022-11-03T15:32:48","slug":"lbv-lanca-campanha-juntos-vamos-vencer-a-fome","status":"publish","type":"post","link":"https:\/\/portalv1.com.br\/lbv-lanca-campanha-juntos-vamos-vencer-a-fome\/","title":{"rendered":"LBV lan\u00e7a campanha \u201cJuntos vamos vencer a fome\u201d"},"content":{"rendered":"<p><a href=\"https:\/\/portalv1.com.br\/app\/wp-content\/uploads\/2022\/11\/WhatsApp-Image-2022-11-03-at-12.22.57.jpeg\"><img loading=\"lazy\" decoding=\"async\" class=\"aligncenter size-large wp-image-132860\" src=\"https:\/\/portalv1.com.br\/app\/wp-content\/uploads\/2022\/11\/WhatsApp-Image-2022-11-03-at-12.22.57-640x452.jpeg\" alt=\"\" width=\"600\" height=\"424\" srcset=\"https:\/\/portalv1.com.br\/app\/wp-content\/uploads\/2022\/11\/WhatsApp-Image-2022-11-03-at-12.22.57-640x452.jpeg 640w, https:\/\/portalv1.com.br\/app\/wp-content\/uploads\/2022\/11\/WhatsApp-Image-2022-11-03-at-12.22.57-300x212.jpeg 300w, https:\/\/portalv1.com.br\/app\/wp-content\/uploads\/2022\/11\/WhatsApp-Image-2022-11-03-at-12.22.57-768x542.jpeg 768w, https:\/\/portalv1.com.br\/app\/wp-content\/uploads\/2022\/11\/WhatsApp-Image-2022-11-03-at-12.22.57.jpeg 1280w\" sizes=\"auto, (max-width: 600px) 100vw, 600px\" \/><\/a>A fome infelizmente est\u00e1 crescendo cada vez mais no Brasil e no mundo. S\u00e3o 66 milh\u00f5es de brasileiros que vivem em situa\u00e7\u00e3o de inseguran\u00e7a alimentar, segundo a Organiza\u00e7\u00e3o das Na\u00e7\u00f5es Unidas para a Alimenta\u00e7\u00e3o e a Agricultura (FAO\/ONU). Por outro lado, a Copa do Mundo est\u00e1 chegando e \u00e9 um momento de muita alegria, de uni\u00e3o e de muita torcida pela vit\u00f3ria do time do cora\u00e7\u00e3o, mas n\u00e3o podemos nos esquecer daqueles que vivem \u00e0 margem da fome e da mis\u00e9ria.<\/p>\n<p>Sempre em campo nessa luta, a Legi\u00e3o da Boa Vontade (LBV) convoca voc\u00ea para refor\u00e7ar seu time solid\u00e1rio em busca de mais uma vit\u00f3ria: o fim da fome no Brasil. Dessa forma, a Institui\u00e7\u00e3o lan\u00e7a a sua tradicional campanha Natal Permanente da LBV \u2014 Jesus, o P\u00e3o Nosso de cada dia! Juntos podemos acabar com a pobreza e as desigualdades sociais.<\/p>\n<p>A meta deste ano \u00e9 entregar, de setembro a dezembro, mais de 1,3 milh\u00e3o de refei\u00e7\u00f5es para crian\u00e7as e jovens atendidos nas unidades da LBV no Brasil. Al\u00e9m disso, a campanha tamb\u00e9m tem o prop\u00f3sito de arrecadar e entregar, neste Natal, 50 mil cestas de alimentos para milhares de fam\u00edlias atendidas pela Institui\u00e7\u00e3o e por entidades parceiras em 250 munic\u00edpios brasileiros.<\/p>\n","protected":false},"excerpt":{"rendered":"<p>A fome infelizmente est\u00e1 crescendo cada vez mais no Brasil e no mundo. S\u00e3o 66 milh\u00f5es de brasileiros que vivem em situa\u00e7\u00e3o de inseguran\u00e7a alimentar, segundo a Organiza\u00e7\u00e3o das Na\u00e7\u00f5es&#8230;<\/p>\n","protected":false},"author":1,"featured_media":132860,"comment_status":"open","ping_status":"open","sticky":false,"template":"","format":"standard","meta":{"ngg_post_thumbnail":0,"footnotes":""},"categories":[243],"tags":[],"class_list":["post-132859","post","type-post","status-publish","format-standard","has-post-thumbnail","hentry","category-geral"],"views":134,"meta_data":{"thumb":"https:\/\/portalv1.com.br\/app\/wp-content\/uploads\/2022\/11\/WhatsApp-Image-2022-11-03-at-12.22.57.jpeg","imagem":{"fullsize":{"url":"https:\/\/portalv1.com.br\/app\/wp-content\/uploads\/2022\/11\/WhatsApp-Image-2022-11-03-at-12.22.57.jpeg","width":1280,"height":904},"medium":{"url":"https:\/\/portalv1.com.br\/app\/wp-content\/uploads\/2022\/11\/WhatsApp-Image-2022-11-03-at-12.22.57-300x212.jpeg","width":300,"height":212},"large":{"url":"https:\/\/portalv1.com.br\/app\/wp-content\/uploads\/2022\/11\/WhatsApp-Image-2022-11-03-at-12.22.57-640x452.jpeg","width":640,"height":452},"thumbnail":{"url":"https:\/\/portalv1.com.br\/app\/wp-content\/uploads\/2022\/11\/WhatsApp-Image-2022-11-03-at-12.22.57-100x100.jpeg","width":100,"height":100},"medium_large":{"url":"https:\/\/portalv1.com.br\/app\/wp-content\/uploads\/2022\/11\/WhatsApp-Image-2022-11-03-at-12.22.57-768x542.jpeg","width":768,"height":542}},"data":{"simple":"03\/11\/2022","date_time":"03\/11\/2022 09:31:59","date":"h\u00e1 3 anos"},"chapeu":"Legi\u00e3o da Boa Vontade","source":"m_destacada"},"_links":{"self":[{"href":"https:\/\/portalv1.com.br\/api\/wp\/v2\/posts\/132859","targetHints":{"allow":["GET"]}}],"collection":[{"href":"https:\/\/portalv1.com.br\/api\/wp\/v2\/posts"}],"about":[{"href":"https:\/\/portalv1.com.br\/api\/wp\/v2\/types\/post"}],"author":[{"embeddable":true,"href":"https:\/\/portalv1.com.br\/api\/wp\/v2\/users\/1"}],"replies":[{"embeddable":true,"href":"https:\/\/portalv1.com.br\/api\/wp\/v2\/comments?post=132859"}],"version-history":[{"count":0,"href":"https:\/\/portalv1.com.br\/api\/wp\/v2\/posts\/132859\/revisions"}],"wp:featuredmedia":[{"embeddable":true,"href":"https:\/\/portalv1.com.br\/api\/wp\/v2\/media\/132860"}],"wp:attachment":[{"href":"https:\/\/portalv1.com.br\/api\/wp\/v2\/media?parent=132859"}],"wp:term":[{"taxonomy":"category","embeddable":true,"href":"https:\/\/portalv1.com.br\/api\/wp\/v2\/categories?post=132859"},{"taxonomy":"post_tag","embeddable":true,"href":"https:\/\/portalv1.com.br\/api\/wp\/v2\/tags?post=132859"}],"curies":[{"name":"wp","href":"https:\/\/api.w.org\/{rel}","templated":true}]}}