{"id":132904,"date":"2022-11-05T12:53:51","date_gmt":"2022-11-05T15:53:51","guid":{"rendered":"https:\/\/portalv1.com.br\/?p=132904"},"modified":"2022-11-05T12:53:51","modified_gmt":"2022-11-05T15:53:51","slug":"rafael-fonteles-anuncia-novos-nomes-para-compor-o-governo","status":"publish","type":"post","link":"https:\/\/portalv1.com.br\/rafael-fonteles-anuncia-novos-nomes-para-compor-o-governo\/","title":{"rendered":"Rafael Fonteles anuncia novos nomes para compor o Governo"},"content":{"rendered":"<figure id=\"attachment_91726\" aria-describedby=\"caption-attachment-91726\" style=\"width: 600px\" class=\"wp-caption aligncenter\"><a href=\"https:\/\/portalv1.com.br\/app\/wp-content\/uploads\/2021\/03\/rafael-fonteles-3-scaled-1.jpg\"><img loading=\"lazy\" decoding=\"async\" class=\"size-large wp-image-91726\" src=\"https:\/\/portalv1.com.br\/app\/wp-content\/uploads\/2021\/03\/rafael-fonteles-3-scaled-1-640x426.jpg\" alt=\"\" width=\"600\" height=\"399\" srcset=\"https:\/\/portalv1.com.br\/app\/wp-content\/uploads\/2021\/03\/rafael-fonteles-3-scaled-1-640x426.jpg 640w, https:\/\/portalv1.com.br\/app\/wp-content\/uploads\/2021\/03\/rafael-fonteles-3-scaled-1-300x200.jpg 300w, https:\/\/portalv1.com.br\/app\/wp-content\/uploads\/2021\/03\/rafael-fonteles-3-scaled-1-768x511.jpg 768w, https:\/\/portalv1.com.br\/app\/wp-content\/uploads\/2021\/03\/rafael-fonteles-3-scaled-1.jpg 1000w\" sizes=\"auto, (max-width: 600px) 100vw, 600px\" \/><\/a><figcaption id=\"caption-attachment-91726\" class=\"wp-caption-text\">Rafael Fonteles<\/figcaption><\/figure>\n<p>Pelo Twitter, o governador eleito do Piau\u00ed (PT), Rafael Fonteles (PT), anunciou mais dois nomes que v\u00e3o compor o Governo a partir de 2023.&nbsp; Foram anunciados o procurador do Estado e mestre em Direito, Francisco Gomes Pierot J\u00fanior, como o procurador geral do Estado do Piau\u00ed, e o jornalista Mussoline Guedes como coordenador de Comunica\u00e7\u00e3o.&nbsp;<\/p>\n<p>Agora, chega a dez o n\u00famero de secret\u00e1rios e gestores confirmados para a nova gest\u00e3o. Ant\u00f4nio Luiz \u2013 Secretaria de Sa\u00fade<\/p>\n<p>Chico Lucas \u2013 Secretaria de Seguran\u00e7a<br \/>\nWashington Bonfim \u2013 Secretaria de Planejamento<br \/>\nRegina Sousa \u2013 Secretaria de Assist\u00eancia Social e Direitos Humanos&nbsp;<br \/>\nWashington Bandeira \u2013 Secretaria de Educa\u00e7\u00e3o&nbsp;<br \/>\nEllen Gera \u2013&nbsp; Ag\u00eancia de Tecnologia da Informa\u00e7\u00e3o do Estado do Piau\u00ed<br \/>\nEmilio Junior &#8211; Secretaria de Fazenda<br \/>\nMarcelo Noleto- Secretaria de Governo<br \/>\nMussoline Guedes- Coordenadoria de Comunica\u00e7\u00e3o<br \/>\nFrancisco Pierot J\u00fanior- Procurador Geral do Estado<\/p>\n","protected":false},"excerpt":{"rendered":"<p>Pelo Twitter, o governador eleito do Piau\u00ed (PT), Rafael Fonteles (PT), anunciou mais dois nomes que v\u00e3o compor o Governo a partir de 2023.&nbsp; Foram anunciados o procurador do Estado&#8230;<\/p>\n","protected":false},"author":1,"featured_media":91726,"comment_status":"open","ping_status":"open","sticky":false,"template":"","format":"standard","meta":{"ngg_post_thumbnail":0,"footnotes":""},"categories":[243],"tags":[],"class_list":["post-132904","post","type-post","status-publish","format-standard","has-post-thumbnail","hentry","category-geral"],"views":387,"meta_data":{"thumb":"https:\/\/portalv1.com.br\/app\/wp-content\/uploads\/2021\/03\/rafael-fonteles-3-scaled-1.jpg","imagem":{"fullsize":{"url":"https:\/\/portalv1.com.br\/app\/wp-content\/uploads\/2021\/03\/rafael-fonteles-3-scaled-1.jpg","width":1000,"height":666},"medium":{"url":"https:\/\/portalv1.com.br\/app\/wp-content\/uploads\/2021\/03\/rafael-fonteles-3-scaled-1-300x200.jpg","width":300,"height":200},"large":{"url":"https:\/\/portalv1.com.br\/app\/wp-content\/uploads\/2021\/03\/rafael-fonteles-3-scaled-1-640x426.jpg","width":640,"height":426},"thumbnail":{"url":"https:\/\/portalv1.com.br\/app\/wp-content\/uploads\/2021\/03\/rafael-fonteles-3-scaled-1-100x100.jpg","width":100,"height":100},"medium_large":{"url":"https:\/\/portalv1.com.br\/app\/wp-content\/uploads\/2021\/03\/rafael-fonteles-3-scaled-1-768x511.jpg","width":768,"height":511}},"data":{"simple":"05\/11\/2022","date_time":"05\/11\/2022 09:53:51","date":"h\u00e1 3 anos"},"chapeu":"Saiba Detalhes ","source":"slide"},"_links":{"self":[{"href":"https:\/\/portalv1.com.br\/api\/wp\/v2\/posts\/132904","targetHints":{"allow":["GET"]}}],"collection":[{"href":"https:\/\/portalv1.com.br\/api\/wp\/v2\/posts"}],"about":[{"href":"https:\/\/portalv1.com.br\/api\/wp\/v2\/types\/post"}],"author":[{"embeddable":true,"href":"https:\/\/portalv1.com.br\/api\/wp\/v2\/users\/1"}],"replies":[{"embeddable":true,"href":"https:\/\/portalv1.com.br\/api\/wp\/v2\/comments?post=132904"}],"version-history":[{"count":0,"href":"https:\/\/portalv1.com.br\/api\/wp\/v2\/posts\/132904\/revisions"}],"wp:featuredmedia":[{"embeddable":true,"href":"https:\/\/portalv1.com.br\/api\/wp\/v2\/media\/91726"}],"wp:attachment":[{"href":"https:\/\/portalv1.com.br\/api\/wp\/v2\/media?parent=132904"}],"wp:term":[{"taxonomy":"category","embeddable":true,"href":"https:\/\/portalv1.com.br\/api\/wp\/v2\/categories?post=132904"},{"taxonomy":"post_tag","embeddable":true,"href":"https:\/\/portalv1.com.br\/api\/wp\/v2\/tags?post=132904"}],"curies":[{"name":"wp","href":"https:\/\/api.w.org\/{rel}","templated":true}]}}