{"id":13297,"date":"2012-06-19T16:40:48","date_gmt":"2012-06-19T19:40:48","guid":{"rendered":"https:\/\/portalv1.com.br\/?p=13297"},"modified":"2012-06-21T14:00:45","modified_gmt":"2012-06-21T17:00:45","slug":"prefeitura-nao-informa-criterios-e-projeto-das-casas-e-reprovado","status":"publish","type":"post","link":"https:\/\/portalv1.com.br\/prefeitura-nao-informa-criterios-e-projeto-das-casas-e-reprovado\/","title":{"rendered":"Prefeitura n\u00e3o informa crit\u00e9rios e projeto das casas \u00e9 reprovado"},"content":{"rendered":"<p><a href=\"https:\/\/portalv1.com.br\/app\/wp-content\/uploads\/2012\/06\/MinhaCasaMinhaVida.png\"><img loading=\"lazy\" decoding=\"async\" class=\"alignright size-full wp-image-13264\" title=\"MinhaCasaMinhaVida\" src=\"https:\/\/portalv1.com.br\/app\/wp-content\/uploads\/2012\/06\/MinhaCasaMinhaVida.png\" alt=\"\" width=\"300\" height=\"294\" \/><\/a>A Prefeitura de Valen\u00e7a n\u00e3o recuou e a C\u00e2mara Municipal rejeitou o Projeto que autoriza o munic\u00edpio a desenvolver a\u00e7\u00f5es do Programa Minha Casa Minha Vida. A vota\u00e7\u00e3o aconteceu na noite desta segunda-feira (18) durante sess\u00e3o ordin\u00e1ria do Poder Legislativo. Os cinco vereadores da oposi\u00e7\u00e3o Ielva Mel\u00e3o, Gilmar Barbosa, Joaquim Filho, Tico Adriano e Lindomar Am\u00e2ncio tiveram votos contr\u00e1rios ao projeto, sob a alega\u00e7\u00e3o de que a prefeitura municipal n\u00e3o informou ao Legislativo Municipal, os procedimentos que foram usados para a escolha das fam\u00edlias beneficiadas.<\/p>\n<p>A oposi\u00e7\u00e3o queria que a prefeitura informasse a rela\u00e7\u00e3o das pessoas, que seriam beneficiadas e que o sorteio acontecesse em um evento publico para dar direito a todos. No plen\u00e1rio, os vereadores relataram que foram procurados por pessoas que pediram para que o projeto fosse aprovado, uma vez que j\u00e1 teria a garantia de que seria beneficiada.<\/p>\n<p>Segundo a oposi\u00e7\u00e3o, as casas j\u00e1 teriam sido indicadas por aliados da prefeitura, o que prejudicaria as demais pessoas que tamb\u00e9m est\u00e3o aptas a ser beneficiadas. Os vereadores reclamaram da forma obscura em que a prefeitura vem tratando a quest\u00e3o.<\/p>\n<p>O vereador Lindomar Am\u00e2ncio afirmou que n\u00e3o consegue entender as atitudes da prefeitura, se de um lado o munic\u00edpio usa todo o poder para persuadir a vota\u00e7\u00e3o do projeto da constru\u00e7\u00e3o das casas destinadas a Valen\u00e7a.<\/p>\n<p>Do outro vem se negando a facilitar a constru\u00e7\u00e3o de 200 casas do Residencial Wilson Martins Filho ao lado da Pra\u00e7a do Mil\u00eanio projeto idealizado pela Funda\u00e7\u00e3o Raul Alencar, que espera apenas a libera\u00e7\u00e3o da licen\u00e7a ambiental que pode ser dada pelo munic\u00edpio. Votaram com o projeto os vereadores Cei\u00e7a Dias, Walfredo Filho, Pedro Ribalta e Elizeu Fran\u00e7a.<\/p>\n<p>Como a vota\u00e7\u00e3o ficou empatada a presidenta Ielva Mel\u00e3o votou com a oposi\u00e7\u00e3o. Como o projeto foi reprovado ele poder\u00e1 ser colocado novamente em pauta no pr\u00f3ximo per\u00edodo legislativo que come\u00e7a em agosto. Segundo a oposi\u00e7\u00e3o caso a prefeitura apresente o projeto depois das elei\u00e7\u00f5es e com a devida transpar\u00eancia ele ser\u00e1 aprovado por unanimidade.<\/p>\n","protected":false},"excerpt":{"rendered":"<p>A Prefeitura de Valen\u00e7a n\u00e3o recuou e a C\u00e2mara Municipal rejeitou o Projeto que autoriza o munic\u00edpio a desenvolver a\u00e7\u00f5es do Programa Minha Casa Minha Vida. A vota\u00e7\u00e3o aconteceu na&#8230;<\/p>\n","protected":false},"author":1,"featured_media":13264,"comment_status":"open","ping_status":"open","sticky":false,"template":"","format":"standard","meta":{"ngg_post_thumbnail":0,"footnotes":""},"categories":[12],"tags":[956],"class_list":["post-13297","post","type-post","status-publish","format-standard","has-post-thumbnail","hentry","category-valenca-news","tag-casa"],"views":884,"meta_data":{"thumb":"https:\/\/portalv1.com.br\/app\/wp-content\/uploads\/2012\/06\/MinhaCasaMinhaVida.png","imagem":{"fullsize":{"url":"https:\/\/portalv1.com.br\/app\/wp-content\/uploads\/2012\/06\/MinhaCasaMinhaVida.png","width":"300","height":"294"},"thumbnail":{"url":"https:\/\/portalv1.com.br\/app\/wp-content\/uploads\/2012\/06\/MinhaCasaMinhaVida-100x100.png","width":"100","height":"100"},"post-thumbnail":{"url":"https:\/\/portalv1.com.br\/app\/wp-content\/uploads\/2012\/06\/MinhaCasaMinhaVida-100x100.png","width":"100","height":"100"},"imgpadrao":{"url":"https:\/\/portalv1.com.br\/app\/wp-content\/uploads\/2012\/06\/MinhaCasaMinhaVida-300x183.png","width":"300","height":"183"},"tecnologia":{"url":"https:\/\/portalv1.com.br\/app\/wp-content\/uploads\/2012\/06\/MinhaCasaMinhaVida-230x136.png","width":"230","height":"136"}},"data":{"simple":"19\/06\/2012","date_time":"19\/06\/2012 13:40:48","date":"h\u00e1 14 anos"},"chapeu":"","source":""},"_links":{"self":[{"href":"https:\/\/portalv1.com.br\/api\/wp\/v2\/posts\/13297","targetHints":{"allow":["GET"]}}],"collection":[{"href":"https:\/\/portalv1.com.br\/api\/wp\/v2\/posts"}],"about":[{"href":"https:\/\/portalv1.com.br\/api\/wp\/v2\/types\/post"}],"author":[{"embeddable":true,"href":"https:\/\/portalv1.com.br\/api\/wp\/v2\/users\/1"}],"replies":[{"embeddable":true,"href":"https:\/\/portalv1.com.br\/api\/wp\/v2\/comments?post=13297"}],"version-history":[{"count":0,"href":"https:\/\/portalv1.com.br\/api\/wp\/v2\/posts\/13297\/revisions"}],"wp:featuredmedia":[{"embeddable":true,"href":"https:\/\/portalv1.com.br\/api\/wp\/v2\/media\/13264"}],"wp:attachment":[{"href":"https:\/\/portalv1.com.br\/api\/wp\/v2\/media?parent=13297"}],"wp:term":[{"taxonomy":"category","embeddable":true,"href":"https:\/\/portalv1.com.br\/api\/wp\/v2\/categories?post=13297"},{"taxonomy":"post_tag","embeddable":true,"href":"https:\/\/portalv1.com.br\/api\/wp\/v2\/tags?post=13297"}],"curies":[{"name":"wp","href":"https:\/\/api.w.org\/{rel}","templated":true}]}}