{"id":13301,"date":"2012-06-20T17:18:01","date_gmt":"2012-06-20T20:18:01","guid":{"rendered":"https:\/\/portalv1.com.br\/?p=13301"},"modified":"2012-06-20T17:18:01","modified_gmt":"2012-06-20T20:18:01","slug":"universidade-federal-da-inhuma-promove-jornada-de-administracao","status":"publish","type":"post","link":"https:\/\/portalv1.com.br\/universidade-federal-da-inhuma-promove-jornada-de-administracao\/","title":{"rendered":"Universidade Federal da Inhuma Promove Jornada de Administra\u00e7\u00e3o"},"content":{"rendered":"<figure id=\"attachment_9733\" aria-describedby=\"caption-attachment-9733\" style=\"width: 300px\" class=\"wp-caption alignright\"><a href=\"https:\/\/portalv1.com.br\/app\/wp-content\/uploads\/2011\/08\/inhumapiaui.jpg\"><img loading=\"lazy\" decoding=\"async\" class=\"size-full wp-image-9733\" title=\"inhumapiaui\" src=\"https:\/\/portalv1.com.br\/app\/wp-content\/uploads\/2011\/08\/inhumapiaui.jpg\" alt=\"\" width=\"300\" height=\"183\" \/><\/a><figcaption id=\"caption-attachment-9733\" class=\"wp-caption-text\">Vista Aeria de Inhuma<\/figcaption><\/figure>\n<p>Acontecer\u00e1 nesta sexta-feira, 22 de junho, no P\u00f3lo da Universidade Federal do Piau\u00ed na cidade de Inhuma a Jornada de Administra\u00e7\u00e3o \u201cGest\u00e3o Empreendedora Inova\u00e7\u00f5es e Tend\u00eancias\u201d. A abertura acontecer\u00e1 a partir das 16h, onde ser\u00e1 feito o credenciamento. Entre as palestras de abertura da jornada que vai at\u00e9 o s\u00e1bado dia 23 est\u00e3o Como ser um Profissional de Sucesso com Wedson Bezerra Pereira do Senac de Valen\u00e7a e a palestra Empreendedorismo em Valen\u00e7a com o presidente do Grupo Alencar Rubens Alencar. Veja a programa\u00e7\u00e3o completa da jornada.<\/p>\n<p>JORNADA DE ADMINISTRA\u00c7\u00c3O \u2013 POLO DE INHUMA<\/p>\n<p>Gest\u00e3o Empreendedora: Inova\u00e7\u00f5es e Tend\u00eancias<\/p>\n<p>DATA: 22 e 23 de junho<\/p>\n<p>LOCAL: CENTRO PASTORAL LAR DE \u00cdRIS<br \/>\nAV. CASTELO BRANCO, S\/N \u2013 INHUMA \u2013 PI<\/p>\n<p>22\/06\/2012<br \/>\n16:00 h &#8211; Credenciamento<br \/>\n18:30 h \u2013 Solenidade de Abertura<br \/>\n19:00h &#8211; Palestra: Como ser um Profissional de Sucesso &#8211; Wedson Bezerra Pereira (SENAC &#8211; Valen\u00e7a)<br \/>\n20:30h &#8211; Empreendedorismo em Valen\u00e7a: Case: Grupo Alencar \u2013 Rubens Alencar<\/p>\n<p>23\/06\/2012<br \/>\n8:00h &#8211; Visita T\u00e9cnica: F\u00e1brica da Cacha\u00e7a S\u00e3o Vicente (Alunos de Curso de Administra\u00e7\u00e3o)<br \/>\n10:30h \u2013 Desenvolvimento Econ\u00f4mico e Expectativas de Novos Mercados &#8211; Case: Cacha\u00e7a S\u00e3o Vicente \u2013 Pedro de Herm\u00ednio<br \/>\n12:00 \u00e0s 14:00 \u2013 Intervalo para almo\u00e7o<br \/>\n14:00 h \u2013 Empreendedorismo no Ambiente Acad\u00eamico \u2013 Prof\u00aa. Msc. Antonella Sousa<br \/>\n15:30 \u2013 Empreendedorismo e Propriedade Intelectual \u2013 (Eliciana Vieira \u2013 NINTEC)<br \/>\n16:30h &#8211; Compet\u00eancias Empreendedoras: foco na sustentabilidade &#8211; Janaina Moraes (SENAC \u2013 Teresina).<\/p>\n","protected":false},"excerpt":{"rendered":"<p>Acontecer\u00e1 nesta sexta-feira, 22 de junho, no P\u00f3lo da Universidade Federal do Piau\u00ed na cidade de Inhuma a Jornada de Administra\u00e7\u00e3o \u201cGest\u00e3o Empreendedora Inova\u00e7\u00f5es e Tend\u00eancias\u201d. A abertura acontecer\u00e1 a&#8230;<\/p>\n","protected":false},"author":1,"featured_media":9733,"comment_status":"open","ping_status":"open","sticky":false,"template":"","format":"standard","meta":{"ngg_post_thumbnail":0,"footnotes":""},"categories":[243],"tags":[],"class_list":["post-13301","post","type-post","status-publish","format-standard","has-post-thumbnail","hentry","category-geral"],"views":1261,"meta_data":{"thumb":"https:\/\/portalv1.com.br\/app\/wp-content\/uploads\/2011\/08\/inhumapiaui.jpg","imagem":{"fullsize":{"url":"https:\/\/portalv1.com.br\/app\/wp-content\/uploads\/2011\/08\/inhumapiaui.jpg","width":"300","height":"183"},"thumbnail":{"url":"https:\/\/portalv1.com.br\/app\/wp-content\/uploads\/2011\/08\/inhumapiaui-150x150.jpg","width":"150","height":"150"}},"data":{"simple":"20\/06\/2012","date_time":"20\/06\/2012 14:18:01","date":"h\u00e1 14 anos"},"chapeu":"","source":""},"_links":{"self":[{"href":"https:\/\/portalv1.com.br\/api\/wp\/v2\/posts\/13301","targetHints":{"allow":["GET"]}}],"collection":[{"href":"https:\/\/portalv1.com.br\/api\/wp\/v2\/posts"}],"about":[{"href":"https:\/\/portalv1.com.br\/api\/wp\/v2\/types\/post"}],"author":[{"embeddable":true,"href":"https:\/\/portalv1.com.br\/api\/wp\/v2\/users\/1"}],"replies":[{"embeddable":true,"href":"https:\/\/portalv1.com.br\/api\/wp\/v2\/comments?post=13301"}],"version-history":[{"count":0,"href":"https:\/\/portalv1.com.br\/api\/wp\/v2\/posts\/13301\/revisions"}],"wp:featuredmedia":[{"embeddable":true,"href":"https:\/\/portalv1.com.br\/api\/wp\/v2\/media\/9733"}],"wp:attachment":[{"href":"https:\/\/portalv1.com.br\/api\/wp\/v2\/media?parent=13301"}],"wp:term":[{"taxonomy":"category","embeddable":true,"href":"https:\/\/portalv1.com.br\/api\/wp\/v2\/categories?post=13301"},{"taxonomy":"post_tag","embeddable":true,"href":"https:\/\/portalv1.com.br\/api\/wp\/v2\/tags?post=13301"}],"curies":[{"name":"wp","href":"https:\/\/api.w.org\/{rel}","templated":true}]}}