{"id":133559,"date":"2022-11-14T15:52:24","date_gmt":"2022-11-14T18:52:24","guid":{"rendered":"https:\/\/portalv1.com.br\/?p=133559"},"modified":"2022-11-14T15:56:14","modified_gmt":"2022-11-14T18:56:14","slug":"seduc-prorroga-para-o-dia-18-11-inscricoes-do-teste-seletivo-para-escolas-da-rede-estadual","status":"publish","type":"post","link":"https:\/\/portalv1.com.br\/seduc-prorroga-para-o-dia-18-11-inscricoes-do-teste-seletivo-para-escolas-da-rede-estadual\/","title":{"rendered":"Seduc prorroga para o dia 18\/11 inscri\u00e7\u00f5es do teste seletivo para escolas da rede estadual"},"content":{"rendered":"<p>A Secretaria de Estado da Educa\u00e7\u00e3o (Seduc), por meio da Unidade de Ensino e Aprendizagem e da Unidade de Educa\u00e7\u00e3o T\u00e9cnica e Profissional, prorrogou nesta segunda-feira (14), o per\u00edodo de inscri\u00e7\u00e3o para o teste seletivo das escolas da rede com procura maior que a oferta de vagas. A data final para a inscri\u00e7\u00e3o passa a ser 18 de novembro.&nbsp;<a href=\"https:\/\/portalv1.com.br\/app\/wp-content\/uploads\/2022\/11\/11-editais-14-11-2022-13-49-48-1.pdf\">ACESSE AQUI O EDITAL <\/a><\/p>\n<p>A diretora Elis\u00e2ngela Melo, do Centro de Ensino de Tempo Integral Maria Antonieta em Valen\u00e7a do Piau\u00ed confirmou a prorroga\u00e7\u00e3o das inscri\u00e7\u00f5es e informou que para o pr\u00f3ximo ano ser\u00e3o oferecidas no CETI Maria Antonieta, 14 vagas para o 1\u00ba Ano do Ensino M\u00e9dio e 35 vagas para o 6\u00ba do Ensino Fundamental e prova para cadastro de reserva para o 7\u00ba, 8\u00ba e 9\u00ba ano. A prova ser\u00e1 aplicada dia 3 de dezembro das 8h \u00e0s 11h30. As inscri\u00e7\u00f5es podem ser feitas <a href=\"https:\/\/concursos.seduc.pi.gov.br\/seletivo-2023\/\">Clicando aqui<\/a><\/p>\n<p><a href=\"https:\/\/portalv1.com.br\/app\/wp-content\/uploads\/2022\/11\/d0698640-5b2d-443d-9c83-3e44ccd2f82b.jpeg\"><img loading=\"lazy\" decoding=\"async\" class=\"aligncenter size-large wp-image-133563\" src=\"https:\/\/portalv1.com.br\/app\/wp-content\/uploads\/2022\/11\/d0698640-5b2d-443d-9c83-3e44ccd2f82b-640x640.jpeg\" alt=\"\" width=\"600\" height=\"600\" srcset=\"https:\/\/portalv1.com.br\/app\/wp-content\/uploads\/2022\/11\/d0698640-5b2d-443d-9c83-3e44ccd2f82b-640x640.jpeg 640w, https:\/\/portalv1.com.br\/app\/wp-content\/uploads\/2022\/11\/d0698640-5b2d-443d-9c83-3e44ccd2f82b-300x300.jpeg 300w, https:\/\/portalv1.com.br\/app\/wp-content\/uploads\/2022\/11\/d0698640-5b2d-443d-9c83-3e44ccd2f82b-100x100.jpeg 100w, https:\/\/portalv1.com.br\/app\/wp-content\/uploads\/2022\/11\/d0698640-5b2d-443d-9c83-3e44ccd2f82b-768x768.jpeg 768w, https:\/\/portalv1.com.br\/app\/wp-content\/uploads\/2022\/11\/d0698640-5b2d-443d-9c83-3e44ccd2f82b.jpeg 1080w\" sizes=\"auto, (max-width: 600px) 100vw, 600px\" \/><\/a><\/p>\n","protected":false},"excerpt":{"rendered":"<p>A Secretaria de Estado da Educa\u00e7\u00e3o (Seduc), por meio da Unidade de Ensino e Aprendizagem e da Unidade de Educa\u00e7\u00e3o T\u00e9cnica e Profissional, prorrogou nesta segunda-feira (14), o per\u00edodo de&#8230;<\/p>\n","protected":false},"author":1,"featured_media":133563,"comment_status":"open","ping_status":"open","sticky":false,"template":"","format":"standard","meta":{"ngg_post_thumbnail":0,"footnotes":""},"categories":[243],"tags":[],"class_list":["post-133559","post","type-post","status-publish","format-standard","has-post-thumbnail","hentry","category-geral"],"views":331,"meta_data":{"thumb":"https:\/\/portalv1.com.br\/app\/wp-content\/uploads\/2022\/11\/d0698640-5b2d-443d-9c83-3e44ccd2f82b.jpeg","imagem":{"fullsize":{"url":"https:\/\/portalv1.com.br\/app\/wp-content\/uploads\/2022\/11\/d0698640-5b2d-443d-9c83-3e44ccd2f82b.jpeg","width":1080,"height":1080},"medium":{"url":"https:\/\/portalv1.com.br\/app\/wp-content\/uploads\/2022\/11\/d0698640-5b2d-443d-9c83-3e44ccd2f82b-300x300.jpeg","width":300,"height":300},"large":{"url":"https:\/\/portalv1.com.br\/app\/wp-content\/uploads\/2022\/11\/d0698640-5b2d-443d-9c83-3e44ccd2f82b-640x640.jpeg","width":640,"height":640},"thumbnail":{"url":"https:\/\/portalv1.com.br\/app\/wp-content\/uploads\/2022\/11\/d0698640-5b2d-443d-9c83-3e44ccd2f82b-100x100.jpeg","width":100,"height":100},"medium_large":{"url":"https:\/\/portalv1.com.br\/app\/wp-content\/uploads\/2022\/11\/d0698640-5b2d-443d-9c83-3e44ccd2f82b-768x768.jpeg","width":768,"height":768}},"data":{"simple":"14\/11\/2022","date_time":"14\/11\/2022 12:52:24","date":"h\u00e1 3 anos"},"chapeu":"Saiba Detalhes ","source":"slide"},"_links":{"self":[{"href":"https:\/\/portalv1.com.br\/api\/wp\/v2\/posts\/133559","targetHints":{"allow":["GET"]}}],"collection":[{"href":"https:\/\/portalv1.com.br\/api\/wp\/v2\/posts"}],"about":[{"href":"https:\/\/portalv1.com.br\/api\/wp\/v2\/types\/post"}],"author":[{"embeddable":true,"href":"https:\/\/portalv1.com.br\/api\/wp\/v2\/users\/1"}],"replies":[{"embeddable":true,"href":"https:\/\/portalv1.com.br\/api\/wp\/v2\/comments?post=133559"}],"version-history":[{"count":0,"href":"https:\/\/portalv1.com.br\/api\/wp\/v2\/posts\/133559\/revisions"}],"wp:featuredmedia":[{"embeddable":true,"href":"https:\/\/portalv1.com.br\/api\/wp\/v2\/media\/133563"}],"wp:attachment":[{"href":"https:\/\/portalv1.com.br\/api\/wp\/v2\/media?parent=133559"}],"wp:term":[{"taxonomy":"category","embeddable":true,"href":"https:\/\/portalv1.com.br\/api\/wp\/v2\/categories?post=133559"},{"taxonomy":"post_tag","embeddable":true,"href":"https:\/\/portalv1.com.br\/api\/wp\/v2\/tags?post=133559"}],"curies":[{"name":"wp","href":"https:\/\/api.w.org\/{rel}","templated":true}]}}