{"id":13357,"date":"2012-07-02T16:21:42","date_gmt":"2012-07-02T19:21:42","guid":{"rendered":"https:\/\/portalv1.com.br\/?p=13357"},"modified":"2012-07-04T15:25:05","modified_gmt":"2012-07-04T18:25:05","slug":"casal-marllos-e-paula-jeanne-disputarao-o-mesmo-cargo-entenda","status":"publish","type":"post","link":"https:\/\/portalv1.com.br\/casal-marllos-e-paula-jeanne-disputarao-o-mesmo-cargo-entenda\/","title":{"rendered":"Casal Marllos e Paula Jeanne disputar\u00e3o o mesmo cargo. Entenda"},"content":{"rendered":"<figure id=\"attachment_10920\" aria-describedby=\"caption-attachment-10920\" style=\"width: 300px\" class=\"wp-caption alignright\"><a href=\"https:\/\/portalv1.com.br\/app\/wp-content\/uploads\/2011\/11\/paulaemarllos.jpg\"><img loading=\"lazy\" decoding=\"async\" class=\"size-full wp-image-10920\" title=\"paulaemarllos\" src=\"https:\/\/portalv1.com.br\/app\/wp-content\/uploads\/2011\/11\/paulaemarllos.jpg\" alt=\"\" width=\"300\" height=\"183\" \/><\/a><figcaption id=\"caption-attachment-10920\" class=\"wp-caption-text\">Paula Jeanne e o deputado Marllos Sampaio<\/figcaption><\/figure>\n<p>O casal Marllos Sampaio e Paula Jeanne disputar\u00e3o o mesmo cargo nas elei\u00e7\u00f5es de 07 de outubro. O deputado federal Marllos Sampaio disputar\u00e1 o cargo de vice-prefeito na capital Teresina na chapa encabe\u00e7ada pelo prefeito Elmano Ferrer, enquanto sua namorada Paula Jeanne disputar\u00e1 o cargo de vice em Valen\u00e7a na chapa do vereador Walfredo Filho. Terminou no s\u00e1bado (30), o prazo para a realiza\u00e7\u00e3o de conven\u00e7\u00f5es partid\u00e1rias.<\/p>\n<p>Em Valen\u00e7a teremos dois candidatos a prefeito, Rubens Alencar e Walfredo Filho. Dois a vice-prefeito Carlos Jos\u00e9 e Paula Jeanne e 36 candidatos a vereador. Sendo 22 ligados ao candidato Rubens Alencar e 14 apoiando a candidatura do vereador Walfredo Filho. Pedro Ribalta, Elizeu Fran\u00e7a e Walfredo Filho n\u00e3o disputar\u00e3o uma das 11 cadeiras do Legislativo Municipal.<\/p>\n","protected":false},"excerpt":{"rendered":"<p>O casal Marllos Sampaio e Paula Jeanne disputar\u00e3o o mesmo cargo nas elei\u00e7\u00f5es de 07 de outubro. O deputado federal Marllos Sampaio disputar\u00e1 o cargo de vice-prefeito na capital Teresina&#8230;<\/p>\n","protected":false},"author":1,"featured_media":10920,"comment_status":"open","ping_status":"open","sticky":false,"template":"","format":"standard","meta":{"ngg_post_thumbnail":0,"footnotes":""},"categories":[12],"tags":[],"class_list":["post-13357","post","type-post","status-publish","format-standard","has-post-thumbnail","hentry","category-valenca-news"],"views":1679,"meta_data":{"thumb":"https:\/\/portalv1.com.br\/app\/wp-content\/uploads\/2011\/11\/paulaemarllos.jpg","imagem":{"fullsize":{"url":"https:\/\/portalv1.com.br\/app\/wp-content\/uploads\/2011\/11\/paulaemarllos.jpg","width":"300","height":"183"},"thumbnail":{"url":"https:\/\/portalv1.com.br\/app\/wp-content\/uploads\/2011\/11\/paulaemarllos-100x100.jpg","width":"100","height":"100"}},"data":{"simple":"02\/07\/2012","date_time":"02\/07\/2012 13:21:42","date":"h\u00e1 14 anos"},"chapeu":"","source":""},"_links":{"self":[{"href":"https:\/\/portalv1.com.br\/api\/wp\/v2\/posts\/13357","targetHints":{"allow":["GET"]}}],"collection":[{"href":"https:\/\/portalv1.com.br\/api\/wp\/v2\/posts"}],"about":[{"href":"https:\/\/portalv1.com.br\/api\/wp\/v2\/types\/post"}],"author":[{"embeddable":true,"href":"https:\/\/portalv1.com.br\/api\/wp\/v2\/users\/1"}],"replies":[{"embeddable":true,"href":"https:\/\/portalv1.com.br\/api\/wp\/v2\/comments?post=13357"}],"version-history":[{"count":0,"href":"https:\/\/portalv1.com.br\/api\/wp\/v2\/posts\/13357\/revisions"}],"wp:featuredmedia":[{"embeddable":true,"href":"https:\/\/portalv1.com.br\/api\/wp\/v2\/media\/10920"}],"wp:attachment":[{"href":"https:\/\/portalv1.com.br\/api\/wp\/v2\/media?parent=13357"}],"wp:term":[{"taxonomy":"category","embeddable":true,"href":"https:\/\/portalv1.com.br\/api\/wp\/v2\/categories?post=13357"},{"taxonomy":"post_tag","embeddable":true,"href":"https:\/\/portalv1.com.br\/api\/wp\/v2\/tags?post=13357"}],"curies":[{"name":"wp","href":"https:\/\/api.w.org\/{rel}","templated":true}]}}