{"id":133902,"date":"2022-11-21T15:12:42","date_gmt":"2022-11-21T18:12:42","guid":{"rendered":"https:\/\/portalv1.com.br\/?p=133902"},"modified":"2022-11-21T15:12:42","modified_gmt":"2022-11-21T18:12:42","slug":"resultado-do-enem-sera-divulgado-em-13-de-fevereiro","status":"publish","type":"post","link":"https:\/\/portalv1.com.br\/resultado-do-enem-sera-divulgado-em-13-de-fevereiro\/","title":{"rendered":"Resultado do Enem ser\u00e1 divulgado em 13 de fevereiro"},"content":{"rendered":"<p>O MEC (Minist\u00e9rio da Educa\u00e7\u00e3o) anunciou nesta segunda-feira (21) que o resultado do Enem 2022 ser\u00e1 divulgado no dia 13 de fevereiro do pr\u00f3ximo ano. A informa\u00e7\u00e3o foi divulgada pelo chefe da pasta, Victor Godoy, em entrevista coletiva.<\/p>\n<p>J\u00e1 o gabarito oficial do exame ser\u00e1 divulgado no dia 23 de dezembro. O ministro n\u00e3o comentou sobre a pergunta de matem\u00e1tica que, segundo professores de cursinhos, n\u00e3o tem resposta correta nas alternativas apresentadas.<\/p>\n<p>O Enem \u00e9 considerado a principal porta de entrada para o ensino superior. Com a nota da prova, estudantes conseguem se inscrever em programas como Sisu e Prouni, que oferecem vagas em universidades p\u00fablicas e bolsas nas faculdades privadas, respectivamente.<\/p>\n<p>A prova foi aplicada nos \u00faltimos dois domingos, 13 e 20 de novembro. O primeiro dia teve absten\u00e7\u00e3o de 27,9%, j\u00e1 no segundo dia 31,9% dos inscritos faltaram.<\/p>\n<p>&#8220;Foi um exame de sucesso. Tivemos pouco casos de reaplica\u00e7\u00e3o e as taxas de absten\u00e7\u00e3o foram dentro da normalidade hist\u00f3rica&#8221;, afirmou Godoy.<\/p>\n<p>Quest\u00f5es e licita\u00e7\u00e3o. O ministro tamb\u00e9m afirmou que o Inep (Instituto Nacional de Estudos e Pesquisas Educacionais), \u00f3rg\u00e3o ligado ao MEC e respons\u00e1vel pelo Enem, tem trabalhado para atualizar o BNI (Banco Nacional de Itens), que re\u00fane quest\u00f5es do exame.<\/p>\n<p>Godoy negou, no entanto, que o banco sofra escassez de perguntas. Desde o ano passado, no entanto, documentos internos do Inep mostram a falta de itens para elabora\u00e7\u00e3o do Enem.<\/p>\n<p>Para esse ano, por exemplo, o exame foi montado com itens in\u00e9ditos, mas sem passar por todos os processos necess\u00e1rios -elabora\u00e7\u00e3o, revis\u00e3o e pr\u00e9-teste com estudantes.<\/p>\n<p>Reportagem do UOL mostrou que o governo de Jair Bolsonaro (PL) deixa o Enem com o BNI escasso e com a licita\u00e7\u00e3o da aplica\u00e7\u00e3o do exame atrasada. Sobre o processo licitat\u00f3rio, o ministro informou que o trabalho vem sendo feito.<\/p>\n<p>Como foi a prova? Com o banco de quest\u00f5es escasso, o Enem ficou marcado por quest\u00f5es longas, mas conseguiu abordar temas sociais -sempre criticados pelo presidente Bolsonaro.<\/p>\n<p>Nas provas de ci\u00eancias humanas e linguagens, os candidatos responderam quest\u00f5es sobre Estado de Direito, desigualdade de g\u00eanero, fome, entre outros temas. A reda\u00e7\u00e3o tratava sobre a valoriza\u00e7\u00e3o dos povos tradicionais.<\/p>\n<p>J\u00e1 no \u00faltimo domingo, professores consultados pelo UOL avaliaram o caderno de matem\u00e1tica e ci\u00eancias da natureza como &#8220;dif\u00edcil&#8221; e &#8220;t\u00e9cnico&#8221;. O Enem abordou a pandemia da Covid-19.<\/p>\n<p>&nbsp;<\/p>\n<p><em>Fonte: Folhapress (Ana Paula Bimbati)&nbsp;<\/em><\/p>\n","protected":false},"excerpt":{"rendered":"<p>O MEC (Minist\u00e9rio da Educa\u00e7\u00e3o) anunciou nesta segunda-feira (21) que o resultado do Enem 2022 ser\u00e1 divulgado no dia 13 de fevereiro do pr\u00f3ximo ano. A informa\u00e7\u00e3o foi divulgada pelo&#8230;<\/p>\n","protected":false},"author":1,"featured_media":92076,"comment_status":"open","ping_status":"open","sticky":false,"template":"","format":"standard","meta":{"ngg_post_thumbnail":0,"footnotes":""},"categories":[243],"tags":[],"class_list":["post-133902","post","type-post","status-publish","format-standard","has-post-thumbnail","hentry","category-geral"],"views":150,"meta_data":{"thumb":"https:\/\/portalv1.com.br\/app\/wp-content\/uploads\/2021\/03\/enem.jpg","imagem":{"fullsize":{"url":"https:\/\/portalv1.com.br\/app\/wp-content\/uploads\/2021\/03\/enem.jpg","width":790,"height":535},"medium":{"url":"https:\/\/portalv1.com.br\/app\/wp-content\/uploads\/2021\/03\/enem-300x203.jpg","width":300,"height":203},"large":{"url":"https:\/\/portalv1.com.br\/app\/wp-content\/uploads\/2021\/03\/enem-640x433.jpg","width":640,"height":433},"thumbnail":{"url":"https:\/\/portalv1.com.br\/app\/wp-content\/uploads\/2021\/03\/enem-100x100.jpg","width":100,"height":100},"medium_large":{"url":"https:\/\/portalv1.com.br\/app\/wp-content\/uploads\/2021\/03\/enem-768x520.jpg","width":768,"height":520}},"data":{"simple":"21\/11\/2022","date_time":"21\/11\/2022 12:12:42","date":"h\u00e1 3 anos"},"chapeu":"Minist\u00e9rio da Educa\u00e7\u00e3o","source":"m_destacada"},"_links":{"self":[{"href":"https:\/\/portalv1.com.br\/api\/wp\/v2\/posts\/133902","targetHints":{"allow":["GET"]}}],"collection":[{"href":"https:\/\/portalv1.com.br\/api\/wp\/v2\/posts"}],"about":[{"href":"https:\/\/portalv1.com.br\/api\/wp\/v2\/types\/post"}],"author":[{"embeddable":true,"href":"https:\/\/portalv1.com.br\/api\/wp\/v2\/users\/1"}],"replies":[{"embeddable":true,"href":"https:\/\/portalv1.com.br\/api\/wp\/v2\/comments?post=133902"}],"version-history":[{"count":0,"href":"https:\/\/portalv1.com.br\/api\/wp\/v2\/posts\/133902\/revisions"}],"wp:featuredmedia":[{"embeddable":true,"href":"https:\/\/portalv1.com.br\/api\/wp\/v2\/media\/92076"}],"wp:attachment":[{"href":"https:\/\/portalv1.com.br\/api\/wp\/v2\/media?parent=133902"}],"wp:term":[{"taxonomy":"category","embeddable":true,"href":"https:\/\/portalv1.com.br\/api\/wp\/v2\/categories?post=133902"},{"taxonomy":"post_tag","embeddable":true,"href":"https:\/\/portalv1.com.br\/api\/wp\/v2\/tags?post=133902"}],"curies":[{"name":"wp","href":"https:\/\/api.w.org\/{rel}","templated":true}]}}