{"id":13396,"date":"2012-07-13T16:16:06","date_gmt":"2012-07-13T19:16:06","guid":{"rendered":"https:\/\/portalv1.com.br\/?p=13396"},"modified":"2012-07-16T09:57:38","modified_gmt":"2012-07-16T12:57:38","slug":"justica-eleitoral-de-pimenteiras-impugna-todos-os-candidatos-da-cidade","status":"publish","type":"post","link":"https:\/\/portalv1.com.br\/justica-eleitoral-de-pimenteiras-impugna-todos-os-candidatos-da-cidade\/","title":{"rendered":"Justi\u00e7a Eleitoral de Pimenteiras impugna todos os candidatos da cidade"},"content":{"rendered":"<figure id=\"attachment_13397\" aria-describedby=\"caption-attachment-13397\" style=\"width: 300px\" class=\"wp-caption alignright\"><a href=\"https:\/\/portalv1.com.br\/app\/wp-content\/uploads\/2012\/07\/promotorjuiz.jpg\"><img loading=\"lazy\" decoding=\"async\" class=\"size-full wp-image-13397\" title=\"promotorjuiz\" src=\"https:\/\/portalv1.com.br\/app\/wp-content\/uploads\/2012\/07\/promotorjuiz.jpg\" alt=\"\" width=\"300\" height=\"225\" \/><\/a><figcaption id=\"caption-attachment-13397\" class=\"wp-caption-text\">Promotor Dr. Danilo Ramos e o juiz eleitoral Dr. Jos\u00e9 Wagner Linhares<\/figcaption><\/figure>\n<p>O Minist\u00e9rio Publico de Pimenteiras, atrav\u00e9s do promotor Dr. Danilo Ramos impugnou nesta sexta-feira (13) todos os registros dos candidatos a prefeitos e de vereadores de Pimenteiras. O motivo da impugna\u00e7\u00e3o foi pela falta de documenta\u00e7\u00e3o dos candidatos inscritos para o pleito de 07 de outubro pr\u00f3ximo. A decis\u00e3o do Minist\u00e9rio Publico foi comunicado nesta sexta-feira em uma reuni\u00e3o no F\u00f3rum de Pimenteiras, que contou com a participa\u00e7\u00e3o do promotor eleitoral do juiz eleitoral Dr. Jos\u00e9 Wagner Linhares e de todos os candidatos.<\/p>\n<p>Danilo Ramos explicou a decis\u00e3o de impugnar as candidaturas. \u201cNossa decis\u00e3o de impugnar as candidaturas veio depois de constatar a falta de v\u00e1rios documentos nos processos\u201d explicou. Ele informou que a impugna\u00e7\u00e3o nesses casos \u00e9 a melhor alternativa para os candidatos. \u201cSe tiv\u00e9ssemos pedido apenas diligencias, o prazo para resolver o problema era de apenas tr\u00eas dias, como impugnamos, os candidatos ter\u00e3o sete dias para apresentar a documenta\u00e7\u00e3o exigida\u201d afirmou.<\/p>\n<p>Na mesma reuni\u00e3o foi formatado com o consentimentos das duas coliga\u00e7\u00f5es a elabora\u00e7\u00e3o de um Termo de Conduta, que proibi o uso de fogos durante a campanha eleitoral. O termo ser\u00e1 assinado pelos candidatos Venicio do \u00d3 (PTB) e Jeferson Marreiros (PSB), al\u00e9m do promotor e do juiz eleitoral.<\/p>\n<p>Dr. Jos\u00e9 Wagner Linhares pediu na reuni\u00e3o a colabora\u00e7\u00e3o das coliga\u00e7\u00f5es no sentido de evitar excessos no pleito. Ele afirmou que a Justi\u00e7a Eleitoral estar\u00e1 atenta e que n\u00e3o hesitar\u00e1 em tomar as medidas necess\u00e1rias para conter os excessos. O promotor Dr. Danilo Ramos ao final disse que passado esse per\u00edodo das inscri\u00e7\u00f5es ele estar\u00e1 focado na propaganda eleitoral, ele pediu a ajuda dos candidatos e disse que estar\u00e1 aberto para receber as denuncias que por ventura sejam flagradas no decorrer da campanha. Antes da sa\u00edda da reuni\u00e3o todos os candidatos foram notificados sobre as pend\u00eancias existentes em seus processos.<\/p>\n<p>&nbsp;<\/p>\n<p>&nbsp;<\/p>\n<figure id=\"attachment_13398\" aria-describedby=\"caption-attachment-13398\" style=\"width: 300px\" class=\"wp-caption alignright\"><a href=\"https:\/\/portalv1.com.br\/app\/wp-content\/uploads\/2012\/07\/jair.jpg\"><img loading=\"lazy\" decoding=\"async\" class=\"size-full wp-image-13398\" title=\"jair\" src=\"https:\/\/portalv1.com.br\/app\/wp-content\/uploads\/2012\/07\/jair.jpg\" alt=\"\" width=\"300\" height=\"225\" \/><\/a><figcaption id=\"caption-attachment-13398\" class=\"wp-caption-text\">chefe do cart\u00f3rio eleitoral Dr. Jair Nogueira<\/figcaption><\/figure>\n<p>A reuni\u00e3o tamb\u00e9m marcou a despedida do chefe do cart\u00f3rio eleitoral Dr. Jair Nogueira, que na pr\u00f3xima semana assume a chefia do cart\u00f3rio eleitoral de V\u00e1rzea Grande. O motivo da sa\u00edda do chefe do cart\u00f3rio \u00e9 que entre os candidatos existem familiares seus, da\u00ed o motivo da desincompatibiliza\u00e7\u00e3o. Durante o anuncio todos os candidatos presentes foram un\u00e2nimes em reconhecer as qualidades e a imparcialidade do chefe do cart\u00f3rio, que j\u00e1 exerceu a chefia em Valen\u00e7a.<\/p>\n<p>&nbsp;<\/p>\n<p>&nbsp;<\/p>\n<p>&nbsp;<\/p>\n<p>&nbsp;<\/p>\n<p>&nbsp;<\/p>\n<p>&nbsp;<\/p>\n<p><strong><div class=\"ngg-galleryoverview\" data-widget=\"Galeria\" data-props='{&quot;galeria&quot;:{&quot;gallery_id&quot;:922,&quot;total&quot;:3,&quot;max_page&quot;:1,&quot;page&quot;:1,&quot;images&quot;:[{&quot;pid&quot;:16879,&quot;imageURL&quot;:&quot;https:\\\/\\\/portalv1.com.br\\\/app\\\/wp-content\\\/gallery\\\/juiz_1\\\/portalv1-004.jpg?t=1724056524&quot;,&quot;thumbnailURL&quot;:&quot;https:\\\/\\\/portalv1.com.br\\\/app\\\/wp-content\\\/gallery\\\/juiz_1\\\/thumbs\\\/thumbs_portalv1-004.jpg?t=1724056524&quot;,&quot;description&quot;:&quot; &quot;,&quot;alttext&quot;:&quot;portalv1-004&quot;,&quot;style&quot;:&quot;&quot;},{&quot;pid&quot;:16880,&quot;imageURL&quot;:&quot;https:\\\/\\\/portalv1.com.br\\\/app\\\/wp-content\\\/gallery\\\/juiz_1\\\/portalv1-005.jpg?t=1724058163&quot;,&quot;thumbnailURL&quot;:&quot;https:\\\/\\\/portalv1.com.br\\\/app\\\/wp-content\\\/gallery\\\/juiz_1\\\/thumbs\\\/thumbs_portalv1-005.jpg?t=1724058163&quot;,&quot;description&quot;:&quot; &quot;,&quot;alttext&quot;:&quot;portalv1-005&quot;,&quot;style&quot;:&quot;&quot;},{&quot;pid&quot;:16881,&quot;imageURL&quot;:&quot;https:\\\/\\\/portalv1.com.br\\\/app\\\/wp-content\\\/gallery\\\/juiz_1\\\/portalv1-016.jpg?t=1724060537&quot;,&quot;thumbnailURL&quot;:&quot;https:\\\/\\\/portalv1.com.br\\\/app\\\/wp-content\\\/gallery\\\/juiz_1\\\/thumbs\\\/thumbs_portalv1-016.jpg?t=1724060537&quot;,&quot;description&quot;:&quot; &quot;,&quot;alttext&quot;:&quot;portalv1-016&quot;,&quot;style&quot;:&quot;&quot;}]}}'><\/div><\/strong>.<\/p>\n","protected":false},"excerpt":{"rendered":"<p>O Minist\u00e9rio Publico de Pimenteiras, atrav\u00e9s do promotor Dr. Danilo Ramos impugnou nesta sexta-feira (13) todos os registros dos candidatos a prefeitos e de vereadores de Pimenteiras. O motivo da&#8230;<\/p>\n","protected":false},"author":1,"featured_media":13397,"comment_status":"open","ping_status":"open","sticky":false,"template":"","format":"standard","meta":{"ngg_post_thumbnail":0,"footnotes":""},"categories":[12],"tags":[979,980],"class_list":["post-13396","post","type-post","status-publish","format-standard","has-post-thumbnail","hentry","category-valenca-news","tag-eleitoral","tag-juiz"],"views":1318,"meta_data":{"thumb":"https:\/\/portalv1.com.br\/app\/wp-content\/uploads\/2012\/07\/promotorjuiz.jpg","imagem":{"fullsize":{"url":"https:\/\/portalv1.com.br\/app\/wp-content\/uploads\/2012\/07\/promotorjuiz.jpg","width":"300","height":"225"},"thumbnail":{"url":"https:\/\/portalv1.com.br\/app\/wp-content\/uploads\/2012\/07\/promotorjuiz-100x100.jpg","width":"100","height":"100"},"post-thumbnail":{"url":"https:\/\/portalv1.com.br\/app\/wp-content\/uploads\/2012\/07\/promotorjuiz-100x100.jpg","width":"100","height":"100"},"imgpadrao":{"url":"https:\/\/portalv1.com.br\/app\/wp-content\/uploads\/2012\/07\/promotorjuiz-300x183.jpg","width":"300","height":"183"},"tecnologia":{"url":"https:\/\/portalv1.com.br\/app\/wp-content\/uploads\/2012\/07\/promotorjuiz-230x136.jpg","width":"230","height":"136"}},"data":{"simple":"13\/07\/2012","date_time":"13\/07\/2012 13:16:06","date":"h\u00e1 14 anos"},"chapeu":"","source":""},"_links":{"self":[{"href":"https:\/\/portalv1.com.br\/api\/wp\/v2\/posts\/13396","targetHints":{"allow":["GET"]}}],"collection":[{"href":"https:\/\/portalv1.com.br\/api\/wp\/v2\/posts"}],"about":[{"href":"https:\/\/portalv1.com.br\/api\/wp\/v2\/types\/post"}],"author":[{"embeddable":true,"href":"https:\/\/portalv1.com.br\/api\/wp\/v2\/users\/1"}],"replies":[{"embeddable":true,"href":"https:\/\/portalv1.com.br\/api\/wp\/v2\/comments?post=13396"}],"version-history":[{"count":0,"href":"https:\/\/portalv1.com.br\/api\/wp\/v2\/posts\/13396\/revisions"}],"wp:featuredmedia":[{"embeddable":true,"href":"https:\/\/portalv1.com.br\/api\/wp\/v2\/media\/13397"}],"wp:attachment":[{"href":"https:\/\/portalv1.com.br\/api\/wp\/v2\/media?parent=13396"}],"wp:term":[{"taxonomy":"category","embeddable":true,"href":"https:\/\/portalv1.com.br\/api\/wp\/v2\/categories?post=13396"},{"taxonomy":"post_tag","embeddable":true,"href":"https:\/\/portalv1.com.br\/api\/wp\/v2\/tags?post=13396"}],"curies":[{"name":"wp","href":"https:\/\/api.w.org\/{rel}","templated":true}]}}