{"id":133965,"date":"2022-11-22T18:16:11","date_gmt":"2022-11-22T21:16:11","guid":{"rendered":"https:\/\/portalv1.com.br\/?p=133965"},"modified":"2022-11-22T18:18:27","modified_gmt":"2022-11-22T21:18:27","slug":"rejane-dias-e-julio-cesar-sao-anunciados-para-equipe-de-transicao-do-governo-lula","status":"publish","type":"post","link":"https:\/\/portalv1.com.br\/rejane-dias-e-julio-cesar-sao-anunciados-para-equipe-de-transicao-do-governo-lula\/","title":{"rendered":"Rejane Dias e J\u00falio C\u00e9sar s\u00e3o anunciados para equipe de transi\u00e7\u00e3o do governo Lula"},"content":{"rendered":"<p><a href=\"https:\/\/portalv1.com.br\/app\/wp-content\/uploads\/2022\/11\/c5081f176e673892ed89edce2580005c.jpg\"><img loading=\"lazy\" decoding=\"async\" class=\"aligncenter size-large wp-image-133966\" src=\"https:\/\/portalv1.com.br\/app\/wp-content\/uploads\/2022\/11\/c5081f176e673892ed89edce2580005c-640x415.jpg\" alt=\"\" width=\"600\" height=\"389\" srcset=\"https:\/\/portalv1.com.br\/app\/wp-content\/uploads\/2022\/11\/c5081f176e673892ed89edce2580005c-640x415.jpg 640w, https:\/\/portalv1.com.br\/app\/wp-content\/uploads\/2022\/11\/c5081f176e673892ed89edce2580005c-300x194.jpg 300w, https:\/\/portalv1.com.br\/app\/wp-content\/uploads\/2022\/11\/c5081f176e673892ed89edce2580005c-768x498.jpg 768w, https:\/\/portalv1.com.br\/app\/wp-content\/uploads\/2022\/11\/c5081f176e673892ed89edce2580005c.jpg 790w\" sizes=\"auto, (max-width: 600px) 100vw, 600px\" \/><\/a>Os deputados J\u00falio C\u00e9sar (PSD) e Rejane Dias (PT) foram anunciados nesta quarta-feira (22) pelo vice-presidente eleito, Geraldo Alckmin (PSB), para a equipe de transi\u00e7\u00e3o do governo do presidente eleito, Luiz In\u00e1cio Lula da Silva (PT).<\/p>\n<p>Os dois piauienses integram a lista de parlamentares federais indicados para compor grupos t\u00e9cnicos da transi\u00e7\u00e3o. J\u00falio C\u00e9sar ir\u00e1 para o de Desenvolvimento Regional e Rejane Dias para o de Direitos Humanos.&nbsp;<\/p>\n<p>\u201c\u00c9 uma honra e uma oportunidade. Os direitos humanos s\u00e3o o trip\u00e9 de sustenta\u00e7\u00e3o de todas as pol\u00edticas p\u00fablicas de inclus\u00e3o, inclusive, t\u00eam um papel fundamental no combate \u00e0 pobreza. Ent\u00e3o, para mim, \u00e9 um privil\u00e9gio contribuir, como parlamentar, nessa transi\u00e7\u00e3o\u201d, disse a petista.<\/p>\n<p>Segundo Alckmin, os parlamentares devem auxiliar no acompanhamento de pautas da transi\u00e7\u00e3o com um olhar legislativo. &#8220;\u00c9 importante porque eles acompanham os projetos que est\u00e3o em discuss\u00e3o na C\u00e2mara e no Senado Federal\u201d, destacou. Al\u00e9m dos dois deputados, o comit\u00ea de transi\u00e7\u00e3o conta com outros nomes do Piau\u00ed entre os seus membros. A advogada Carina C\u00e2mara e a professora&nbsp; Iraneide Soares da Silva est\u00e3o nos grupos de discuss\u00e3o de Turismo e Ci\u00eancia e Tecnologia, respectivamente.&nbsp; &nbsp; &nbsp; &nbsp; &nbsp; &nbsp; &nbsp; &nbsp; &nbsp; &nbsp; &nbsp; &nbsp; &nbsp; &nbsp; &nbsp; &nbsp; &nbsp; &nbsp; &nbsp; &nbsp; &nbsp; &nbsp; &nbsp; &nbsp; &nbsp; &nbsp; Fonte cidadeverde<\/p>\n","protected":false},"excerpt":{"rendered":"<p>Os deputados J\u00falio C\u00e9sar (PSD) e Rejane Dias (PT) foram anunciados nesta quarta-feira (22) pelo vice-presidente eleito, Geraldo Alckmin (PSB), para a equipe de transi\u00e7\u00e3o do governo do presidente eleito,&#8230;<\/p>\n","protected":false},"author":1,"featured_media":133966,"comment_status":"open","ping_status":"open","sticky":false,"template":"","format":"standard","meta":{"ngg_post_thumbnail":0,"footnotes":""},"categories":[243],"tags":[],"class_list":["post-133965","post","type-post","status-publish","format-standard","has-post-thumbnail","hentry","category-geral"],"views":263,"meta_data":{"thumb":"https:\/\/portalv1.com.br\/app\/wp-content\/uploads\/2022\/11\/c5081f176e673892ed89edce2580005c.jpg","imagem":{"fullsize":{"url":"https:\/\/portalv1.com.br\/app\/wp-content\/uploads\/2022\/11\/c5081f176e673892ed89edce2580005c.jpg","width":790,"height":512},"medium":{"url":"https:\/\/portalv1.com.br\/app\/wp-content\/uploads\/2022\/11\/c5081f176e673892ed89edce2580005c-300x194.jpg","width":300,"height":194},"large":{"url":"https:\/\/portalv1.com.br\/app\/wp-content\/uploads\/2022\/11\/c5081f176e673892ed89edce2580005c-640x415.jpg","width":640,"height":415},"thumbnail":{"url":"https:\/\/portalv1.com.br\/app\/wp-content\/uploads\/2022\/11\/c5081f176e673892ed89edce2580005c-100x100.jpg","width":100,"height":100},"medium_large":{"url":"https:\/\/portalv1.com.br\/app\/wp-content\/uploads\/2022\/11\/c5081f176e673892ed89edce2580005c-768x498.jpg","width":768,"height":498}},"data":{"simple":"22\/11\/2022","date_time":"22\/11\/2022 15:16:11","date":"h\u00e1 3 anos"},"chapeu":"","source":"m_destacada"},"_links":{"self":[{"href":"https:\/\/portalv1.com.br\/api\/wp\/v2\/posts\/133965","targetHints":{"allow":["GET"]}}],"collection":[{"href":"https:\/\/portalv1.com.br\/api\/wp\/v2\/posts"}],"about":[{"href":"https:\/\/portalv1.com.br\/api\/wp\/v2\/types\/post"}],"author":[{"embeddable":true,"href":"https:\/\/portalv1.com.br\/api\/wp\/v2\/users\/1"}],"replies":[{"embeddable":true,"href":"https:\/\/portalv1.com.br\/api\/wp\/v2\/comments?post=133965"}],"version-history":[{"count":0,"href":"https:\/\/portalv1.com.br\/api\/wp\/v2\/posts\/133965\/revisions"}],"wp:featuredmedia":[{"embeddable":true,"href":"https:\/\/portalv1.com.br\/api\/wp\/v2\/media\/133966"}],"wp:attachment":[{"href":"https:\/\/portalv1.com.br\/api\/wp\/v2\/media?parent=133965"}],"wp:term":[{"taxonomy":"category","embeddable":true,"href":"https:\/\/portalv1.com.br\/api\/wp\/v2\/categories?post=133965"},{"taxonomy":"post_tag","embeddable":true,"href":"https:\/\/portalv1.com.br\/api\/wp\/v2\/tags?post=133965"}],"curies":[{"name":"wp","href":"https:\/\/api.w.org\/{rel}","templated":true}]}}