{"id":13413,"date":"2012-07-18T09:24:02","date_gmt":"2012-07-18T12:24:02","guid":{"rendered":"https:\/\/portalv1.com.br\/?p=13413"},"modified":"2012-07-20T15:38:31","modified_gmt":"2012-07-20T18:38:31","slug":"fogos-estao-proibidos-em-valenca-novo-oriente-e-lagoa-do-sitio","status":"publish","type":"post","link":"https:\/\/portalv1.com.br\/fogos-estao-proibidos-em-valenca-novo-oriente-e-lagoa-do-sitio\/","title":{"rendered":"Fogos est\u00e3o proibidos em Valen\u00e7a, Novo Oriente e Lagoa do Sitio"},"content":{"rendered":"<figure id=\"attachment_13414\" aria-describedby=\"caption-attachment-13414\" style=\"width: 300px\" class=\"wp-caption alignright\"><a href=\"https:\/\/portalv1.com.br\/app\/wp-content\/uploads\/2012\/07\/justi\u00e7a.jpg\"><img loading=\"lazy\" decoding=\"async\" class=\"size-full wp-image-13414\" title=\"justi\u00e7a\" src=\"https:\/\/portalv1.com.br\/app\/wp-content\/uploads\/2012\/07\/justi\u00e7a.jpg\" alt=\"\" width=\"300\" height=\"225\" \/><\/a><figcaption id=\"caption-attachment-13414\" class=\"wp-caption-text\">Elei\u00e7\u00f5es 2012<\/figcaption><\/figure>\n<p>A promotora eleitoral Dr\u00aa Ver\u00f4nica Sales esteve \u00e0 frente de uma reuni\u00e3o nesta ter\u00e7a-feira (17) com representantes das coliga\u00e7\u00f5es de Valen\u00e7a, Novo Oriente e Lagoa do Sitio, que comp\u00f5em a 18\u00aa Zona Eleitoral. O motivo da reuni\u00e3o era para ajustar as condutas das coliga\u00e7\u00f5es, uma semana ap\u00f3s o inicio da campanha eleitoral. Al\u00e9m dos representantes das coliga\u00e7\u00f5es participaram da reuni\u00e3o, o comandante da 2\u00aa Cia da Policia Militar capit\u00e3o Ant\u00f4nio Santos, o delegado regional Maycon Braga e os delegados de Lagoa do Sitio Lourival e de Novo Oriente Paulinho.<\/p>\n<p>O abuso dos carros de som, a realiza\u00e7\u00e3o de carreatas, cartazes nas resid\u00eancias, fogos e as musicas dos candidatos foi \u00e0 pauta discutida na reuni\u00e3o.<\/p>\n<p>Sobre carros de som ficou determinado que haja prud\u00eancia e respeito as reparti\u00e7\u00f5es publicas, ou seja, que os carros baixem o volume ao passar pelas reparti\u00e7\u00f5es. Ficou acertado ainda que n\u00e3o haver\u00e1 propaganda volante das 12h \u00e0s 14h e que os excessos ser\u00e3o punidos conforme a Legisla\u00e7\u00e3o Eleitoral.<\/p>\n<p>Sobre carreatas e com\u00edcio ficou acertado que as coliga\u00e7\u00f5es ir\u00e3o preparar um cronograma das atividades e entregar para as autoridades eleitorais e policiais. Ficou tamb\u00e9m liberada a coloca\u00e7\u00e3o de cartazes nas resid\u00eancias dos eleitores. Sobre as musicas (parodias), a promotora alertou sobre os direitos autorais dos artistas e os preju\u00edzos que os candidatos podem ter, mesmo assim as coliga\u00e7\u00f5es n\u00e3o aceitaram a sugest\u00e3o e continuaram usando as musicas apesar do alerta do Minist\u00e9rio Publico.<\/p>\n<p>Das cinco propostas apresentadas pelo Minist\u00e9rio Publico, apenas a proibi\u00e7\u00e3o de fogos foi aceita pelas coliga\u00e7\u00f5es. Com isso de 18 de julho \u00e0s 18h do dia 07 de outubro est\u00e1 proibida a utiliza\u00e7\u00e3o de fogos de artif\u00edcios nas tr\u00eas cidades da 18\u00aa Zona Eleitoral. Ficou acertado que o descumprimento desse termo de conduta implicar\u00e1 em multa de R$ 500 reais a coliga\u00e7\u00e3o infratora.<\/p>\n","protected":false},"excerpt":{"rendered":"<p>A promotora eleitoral Dr\u00aa Ver\u00f4nica Sales esteve \u00e0 frente de uma reuni\u00e3o nesta ter\u00e7a-feira (17) com representantes das coliga\u00e7\u00f5es de Valen\u00e7a, Novo Oriente e Lagoa do Sitio, que comp\u00f5em a&#8230;<\/p>\n","protected":false},"author":1,"featured_media":13414,"comment_status":"open","ping_status":"open","sticky":false,"template":"","format":"standard","meta":{"ngg_post_thumbnail":0,"footnotes":""},"categories":[12],"tags":[],"class_list":["post-13413","post","type-post","status-publish","format-standard","has-post-thumbnail","hentry","category-valenca-news"],"views":1207,"meta_data":{"thumb":"https:\/\/portalv1.com.br\/app\/wp-content\/uploads\/2012\/07\/justi\u00e7a.jpg","imagem":{"fullsize":{"url":"https:\/\/portalv1.com.br\/app\/wp-content\/uploads\/2012\/07\/justi\u00e7a.jpg","width":"300","height":"225"},"thumbnail":{"url":"https:\/\/portalv1.com.br\/app\/wp-content\/uploads\/2012\/07\/justi\u00e7a-100x100.jpg","width":"100","height":"100"},"post-thumbnail":{"url":"https:\/\/portalv1.com.br\/app\/wp-content\/uploads\/2012\/07\/justi\u00e7a-100x100.jpg","width":"100","height":"100"},"imgpadrao":{"url":"https:\/\/portalv1.com.br\/app\/wp-content\/uploads\/2012\/07\/justi\u00e7a-300x183.jpg","width":"300","height":"183"},"tecnologia":{"url":"https:\/\/portalv1.com.br\/app\/wp-content\/uploads\/2012\/07\/justi\u00e7a-230x136.jpg","width":"230","height":"136"}},"data":{"simple":"18\/07\/2012","date_time":"18\/07\/2012 06:24:02","date":"h\u00e1 14 anos"},"chapeu":"","source":""},"_links":{"self":[{"href":"https:\/\/portalv1.com.br\/api\/wp\/v2\/posts\/13413","targetHints":{"allow":["GET"]}}],"collection":[{"href":"https:\/\/portalv1.com.br\/api\/wp\/v2\/posts"}],"about":[{"href":"https:\/\/portalv1.com.br\/api\/wp\/v2\/types\/post"}],"author":[{"embeddable":true,"href":"https:\/\/portalv1.com.br\/api\/wp\/v2\/users\/1"}],"replies":[{"embeddable":true,"href":"https:\/\/portalv1.com.br\/api\/wp\/v2\/comments?post=13413"}],"version-history":[{"count":0,"href":"https:\/\/portalv1.com.br\/api\/wp\/v2\/posts\/13413\/revisions"}],"wp:featuredmedia":[{"embeddable":true,"href":"https:\/\/portalv1.com.br\/api\/wp\/v2\/media\/13414"}],"wp:attachment":[{"href":"https:\/\/portalv1.com.br\/api\/wp\/v2\/media?parent=13413"}],"wp:term":[{"taxonomy":"category","embeddable":true,"href":"https:\/\/portalv1.com.br\/api\/wp\/v2\/categories?post=13413"},{"taxonomy":"post_tag","embeddable":true,"href":"https:\/\/portalv1.com.br\/api\/wp\/v2\/tags?post=13413"}],"curies":[{"name":"wp","href":"https:\/\/api.w.org\/{rel}","templated":true}]}}