{"id":1342,"date":"2009-11-18T21:59:40","date_gmt":"2009-11-19T00:59:40","guid":{"rendered":"https:\/\/portalv1.com.br\/?p=1342"},"modified":"2009-11-19T23:41:22","modified_gmt":"2009-11-20T02:41:22","slug":"aime-justica-eleitoral-ouve-testemunhas","status":"publish","type":"post","link":"https:\/\/portalv1.com.br\/aime-justica-eleitoral-ouve-testemunhas\/","title":{"rendered":"AIME: Justi\u00e7a Eleitoral ouviu testemunhas. Confira entrevista"},"content":{"rendered":"<p><a href=\"https:\/\/portalv1.com.br\/app\/wp-content\/uploads\/2009\/11\/juiz.jpg\"><img loading=\"lazy\" decoding=\"async\" class=\"alignright size-medium wp-image-1343\" title=\"juiz\" src=\"https:\/\/portalv1.com.br\/app\/wp-content\/uploads\/2009\/11\/juiz-300x182.jpg\" alt=\"juiz\" width=\"300\" height=\"180\" \/><\/a>Terminou na tarde desta quarta-feira (18), a audi\u00eancia que ouviu as testemunhas arroladas na A\u00e7\u00e3o de Impugna\u00e7\u00e3o de Mandato Eletivo (AIME) contra o prefeito Alc\u00e2ntara e sua vice Salete Lima Verde. A AIME foi proposta pelo candidato a prefeito nas \u00faltimas elei\u00e7\u00f5es, Rubens Alencar da Coliga\u00e7\u00e3o Coragem de Fazer.<\/p>\n<p>A a\u00e7\u00e3o pede a casac\u00e3o do prefeito e sua vice, que s\u00e3o acusados de ter praticado durante as elei\u00e7\u00f5es municipais de 2008 crimes de abuso do poder econ\u00f4mico e abuso do poder pol\u00edtico. A audi\u00eancia teve inicio as 10h30 e terminou por volta das 15h30. A c\u00e3o corre em segredo de Justi\u00e7a. A audi\u00eancia foi presidida pelo Juiz Eleitoral Dr. Jos\u00e9 Wagner Linhares e contou com a participa\u00e7\u00e3o da promotora Ver\u00f4nica Rodrigues, chefe do cart\u00f3rio eleitoral Kati\u00fascia Dias Gomes, al\u00e9m dos advogados das partes.<\/p>\n<p>Por determina\u00e7\u00e3o do juiz eleitoral, os dois envolvidos na a\u00e7\u00e3o Rubens Alencar e o prefeito Alc\u00e2ntara n\u00e3o acompanharam os depoimentos e ficaram com seus correligion\u00e1rios. A medida foi tomada devido ao pouco espa\u00e7o no gabinete do juiz que passa por reforma. Outra medida adotada e elogiada por ambas as partes foi a que reservou um local para que as testemunhas. A pr\u00f3xima etapa agora \u00e9 a realiza\u00e7\u00e3o das dilig\u00eancias para ouvir as pessoas citadas nessa primeira parte. Ap\u00f3s a audi\u00eancia o juiz eleitoral falou com exclusividade ao <strong>portalv1 <\/strong>confira a entrevista clicando no player.<\/p>\n<p><object classid=\"clsid:d27cdb6e-ae6d-11cf-96b8-444553540000\" width=\"420\" height=\"250\" codebase=\"http:\/\/download.macromedia.com\/pub\/shockwave\/cabs\/flash\/swflash.cab#version=6,0,40,0\"><param name=\"src\" value=\"http:\/\/www.4shared.com\/embed\/154962241\/6d98d33b\" \/><param name=\"allowfullscreen\" value=\"true\" \/><div class=\"content-iframe\" data-content-width=\"600\"><embed type=\"application\/x-shockwave-flash\" width=\"130\" height=\"50\" src=\"http:\/\/www.4shared.com\/embed\/154962241\/6d98d33b\" allowfullscreen=\"true\"><\/embed><\/div><\/object><\/p>\n","protected":false},"excerpt":{"rendered":"<p>Terminou na tarde desta quarta-feira (18), a audi\u00eancia que ouviu as testemunhas arroladas na A\u00e7\u00e3o de Impugna\u00e7\u00e3o de Mandato Eletivo (AIME) contra o prefeito Alc\u00e2ntara e sua vice Salete Lima&#8230;<\/p>\n","protected":false},"author":1,"featured_media":0,"comment_status":"open","ping_status":"open","sticky":false,"template":"","format":"standard","meta":{"ngg_post_thumbnail":0,"footnotes":""},"categories":[12],"tags":[304,303,305,259,182],"class_list":["post-1342","post","type-post","status-publish","format-standard","hentry","category-valenca-news","tag-304","tag-audiencia","tag-justica","tag-prefeito","tag-salete-lima-verde"],"views":770,"meta_data":{"thumb":"https:\/\/portalv1.com.br\/app\/wp-content\/uploads\/2009\/11\/juiz.jpg","data":{"simple":"18\/11\/2009","date_time":"18\/11\/2009 18:59:40","date":"h\u00e1 16 anos"},"chapeu":"","source":""},"_links":{"self":[{"href":"https:\/\/portalv1.com.br\/api\/wp\/v2\/posts\/1342","targetHints":{"allow":["GET"]}}],"collection":[{"href":"https:\/\/portalv1.com.br\/api\/wp\/v2\/posts"}],"about":[{"href":"https:\/\/portalv1.com.br\/api\/wp\/v2\/types\/post"}],"author":[{"embeddable":true,"href":"https:\/\/portalv1.com.br\/api\/wp\/v2\/users\/1"}],"replies":[{"embeddable":true,"href":"https:\/\/portalv1.com.br\/api\/wp\/v2\/comments?post=1342"}],"version-history":[{"count":0,"href":"https:\/\/portalv1.com.br\/api\/wp\/v2\/posts\/1342\/revisions"}],"wp:attachment":[{"href":"https:\/\/portalv1.com.br\/api\/wp\/v2\/media?parent=1342"}],"wp:term":[{"taxonomy":"category","embeddable":true,"href":"https:\/\/portalv1.com.br\/api\/wp\/v2\/categories?post=1342"},{"taxonomy":"post_tag","embeddable":true,"href":"https:\/\/portalv1.com.br\/api\/wp\/v2\/tags?post=1342"}],"curies":[{"name":"wp","href":"https:\/\/api.w.org\/{rel}","templated":true}]}}