{"id":13426,"date":"2012-07-20T15:35:55","date_gmt":"2012-07-20T18:35:55","guid":{"rendered":"https:\/\/portalv1.com.br\/?p=13426"},"modified":"2012-07-25T16:16:35","modified_gmt":"2012-07-25T19:16:35","slug":"prazo-para-impugnacao-de-candidaturas-termina-na-proxima-semana-2","status":"publish","type":"post","link":"https:\/\/portalv1.com.br\/prazo-para-impugnacao-de-candidaturas-termina-na-proxima-semana-2\/","title":{"rendered":"Prazo para impugna\u00e7\u00e3o de candidaturas termina nesta semana"},"content":{"rendered":"<figure id=\"attachment_11266\" aria-describedby=\"caption-attachment-11266\" style=\"width: 300px\" class=\"wp-caption alignright\"><a href=\"https:\/\/portalv1.com.br\/app\/wp-content\/uploads\/2011\/11\/joseosvaldo.jpg\"><img loading=\"lazy\" decoding=\"async\" class=\"size-full wp-image-11266\" title=\"joseosvaldo\" src=\"https:\/\/portalv1.com.br\/app\/wp-content\/uploads\/2011\/11\/joseosvaldo.jpg\" alt=\"\" width=\"300\" height=\"183\" \/><\/a><figcaption id=\"caption-attachment-11266\" class=\"wp-caption-text\">juiz eleitoral Dr. Jos\u00e9 Osvaldo de Sousa<\/figcaption><\/figure>\n<p>Apesar da campanha est\u00e1 nas ruas, muita coisa ainda pode mudar at\u00e9 o fechamento dos prazos eleitorais que se encerra na pr\u00f3xima semana. Em Valen\u00e7a uma manobra tirou do p\u00e1reo a candidatura do presidente do PMDB Rubens Alencar que solicitou a retirada de sua candidatura a prefeito. No seu lugar a coliga\u00e7\u00e3o Capaz de Fazer indicou sua esposa Liduina Alencar (PP). De acordo com o advogado da coliga\u00e7\u00e3o Z\u00e9 Maria essa mudan\u00e7a foi a mais acertada para esse momento.<\/p>\n<p>Para vereador est\u00e3o tramitando alguns pedidos de impugna\u00e7\u00e3o, que poder\u00e3o modificar a lista enviada pelas coliga\u00e7\u00f5es. O caso mais conhecido \u00e9 dos candidatos a vereadores Lourival Moura e Greg\u00f3rio Araujo, ambos do Partido da Republica (PR). O partido realizou duas conven\u00e7\u00f5es com duas decis\u00f5es distintas e o futuro das candidaturas ser\u00e1 definida pela Justi\u00e7a Eleitoral que poder\u00e1 optar por uma das candidaturas ou anular as duas.<\/p>\n<p>Em conversa com o portalv1 nesta sexta-feira (20), o juiz eleitoral Dr. Jos\u00e9 Osvaldo informou que at\u00e9 a pr\u00f3xima semana com o final dos prazos de impugna\u00e7\u00e3o, a 18\u00aa Zona Eleitoral dever\u00e1 homologar as candidaturas n\u00e3o s\u00f3 de Valen\u00e7a, mais das outras duas cidades que comp\u00f5em a mesma no caso Novo Oriente e Lagoa do Sitio.<\/p>\n<p>Na semana passada a Coliga\u00e7\u00e3o Juventude e Experi\u00eancia a Servi\u00e7o do Povo (Walfredo Filho) abriu oficialmente seu comit\u00ea que fica na Rua Deputado Jos\u00e9 Nunes em frente \u00e0 torre da OI. Na pr\u00f3xima semana ser\u00e1 a vez da Coliga\u00e7\u00e3o Capaz de Fazer (Liduina Alencar) abrir seu comit\u00ea que ser\u00e1 localizado ao lado do Banco do Nordeste na Rua Epaminondas Nogueira.<\/p>\n<p>A Justi\u00e7a Eleitoral de Valen\u00e7a que tem a frente a o juiz Dr. Jos\u00e9 Osvaldo, promotora Ver\u00f4nica Sales e os funcion\u00e1rios do cart\u00f3rio eleitoral vem recebendo elogios dos agentes pol\u00edticos, seja pela prontid\u00e3o no recebimento das a\u00e7\u00f5es e nos despachos, como na preocupa\u00e7\u00e3o de realizar reuni\u00f5es para informar aos candidatos das condutas vedadas durante a campanha.<\/p>\n<p><strong>Candidatos da Coliga\u00e7\u00e3o Juventude e Experi\u00eancia a Servi\u00e7o do Povo<\/strong><\/p>\n<p>candidato a prefeito Walfredo Filho, candidata a vice-prefeita Paula Jeanne. Candidatos a vereadores Ana Ribalta, Ben\u00e9 da Caixa, Benoni, C\u00edcero da Rodovi\u00e1ria, Evandro Nogueira, Chaguinha, Ge\u00f3rgia, Grillo, Izabel Farias, Professor Sting, Merlongues Chaves, Lucivaldo Monteiro, Cei\u00e7a Dias, Nazar\u00e9 Mour\u00e3o, Neide do Erasmo, Pedro Filiciano, Dhone, Waldefran Vieira e Wilton Nunes.<\/p>\n<p><strong>Coliga\u00e7\u00e3o Capaz de Fazer<\/strong><\/p>\n<p>candidata a prefeito Liduina Alencar candidato a vice-prefeito Carlos Jos\u00e9. Candidatos a vereador Renata Ferreira, Atencio Queiroga, Carlim Rosa, Neto Chaves, Firmino Araujo, Tico Adriano, Gerlandi Silva, Getulio Gomes, Geane Vieira, Edilsa do Vale, Gilmar Barbosa, Ielva Mel\u00e3o, Jeov\u00e1 Bonfim, Jo\u00e3ozinho do Ciata, Joaquim Filho, Jos\u00e9 Itamar, Josilene Marinho, Leonardo Nogueira, Lindomar Am\u00e2ncio, Lourival Moura, Leila Oliveira, Maria dos Rem\u00e9dios e Nonatim.<\/p>\n","protected":false},"excerpt":{"rendered":"<p>Apesar da campanha est\u00e1 nas ruas, muita coisa ainda pode mudar at\u00e9 o fechamento dos prazos eleitorais que se encerra na pr\u00f3xima semana. Em Valen\u00e7a uma manobra tirou do p\u00e1reo&#8230;<\/p>\n","protected":false},"author":1,"featured_media":11266,"comment_status":"open","ping_status":"open","sticky":false,"template":"","format":"standard","meta":{"ngg_post_thumbnail":0,"footnotes":""},"categories":[12],"tags":[452,988],"class_list":["post-13426","post","type-post","status-publish","format-standard","has-post-thumbnail","hentry","category-valenca-news","tag-decisao","tag-eleitor"],"views":1174,"meta_data":{"thumb":"https:\/\/portalv1.com.br\/app\/wp-content\/uploads\/2011\/11\/joseosvaldo.jpg","imagem":{"fullsize":{"url":"https:\/\/portalv1.com.br\/app\/wp-content\/uploads\/2011\/11\/joseosvaldo.jpg","width":"300","height":"183"},"thumbnail":{"url":"https:\/\/portalv1.com.br\/app\/wp-content\/uploads\/2011\/11\/joseosvaldo-100x100.jpg","width":"100","height":"100"},"post-thumbnail":{"url":"https:\/\/portalv1.com.br\/app\/wp-content\/uploads\/2011\/11\/joseosvaldo-100x100.jpg","width":"100","height":"100"},"tecnologia":{"url":"https:\/\/portalv1.com.br\/app\/wp-content\/uploads\/2011\/11\/joseosvaldo-230x136.jpg","width":"230","height":"136"}},"data":{"simple":"20\/07\/2012","date_time":"20\/07\/2012 12:35:55","date":"h\u00e1 14 anos"},"chapeu":"","source":""},"_links":{"self":[{"href":"https:\/\/portalv1.com.br\/api\/wp\/v2\/posts\/13426","targetHints":{"allow":["GET"]}}],"collection":[{"href":"https:\/\/portalv1.com.br\/api\/wp\/v2\/posts"}],"about":[{"href":"https:\/\/portalv1.com.br\/api\/wp\/v2\/types\/post"}],"author":[{"embeddable":true,"href":"https:\/\/portalv1.com.br\/api\/wp\/v2\/users\/1"}],"replies":[{"embeddable":true,"href":"https:\/\/portalv1.com.br\/api\/wp\/v2\/comments?post=13426"}],"version-history":[{"count":0,"href":"https:\/\/portalv1.com.br\/api\/wp\/v2\/posts\/13426\/revisions"}],"wp:featuredmedia":[{"embeddable":true,"href":"https:\/\/portalv1.com.br\/api\/wp\/v2\/media\/11266"}],"wp:attachment":[{"href":"https:\/\/portalv1.com.br\/api\/wp\/v2\/media?parent=13426"}],"wp:term":[{"taxonomy":"category","embeddable":true,"href":"https:\/\/portalv1.com.br\/api\/wp\/v2\/categories?post=13426"},{"taxonomy":"post_tag","embeddable":true,"href":"https:\/\/portalv1.com.br\/api\/wp\/v2\/tags?post=13426"}],"curies":[{"name":"wp","href":"https:\/\/api.w.org\/{rel}","templated":true}]}}