{"id":13431,"date":"2012-07-22T22:33:04","date_gmt":"2012-07-23T01:33:04","guid":{"rendered":"https:\/\/portalv1.com.br\/?p=13431"},"modified":"2012-07-24T00:06:03","modified_gmt":"2012-07-24T03:06:03","slug":"transito-de-valenca-deixa-mais-uma-vitima-fatal","status":"publish","type":"post","link":"https:\/\/portalv1.com.br\/transito-de-valenca-deixa-mais-uma-vitima-fatal\/","title":{"rendered":"Transito de Valen\u00e7a deixa mais uma vitima fatal. Veja Fotos"},"content":{"rendered":"<figure id=\"attachment_6035\" aria-describedby=\"caption-attachment-6035\" style=\"width: 300px\" class=\"wp-caption alignright\"><a href=\"https:\/\/portalv1.com.br\/app\/wp-content\/uploads\/2010\/11\/nicroterio.jpg\"><img loading=\"lazy\" decoding=\"async\" class=\"size-full wp-image-6035\" title=\"nicroterio\" src=\"https:\/\/portalv1.com.br\/app\/wp-content\/uploads\/2010\/11\/nicroterio.jpg\" alt=\"Foto de arquivo\" width=\"300\" height=\"183\" \/><\/a><figcaption id=\"caption-attachment-6035\" class=\"wp-caption-text\">foto de arquivo<\/figcaption><\/figure>\n<p>Um acidente na tarde deste domingo, 22 de julho deixou um morto no cruzamento das ruas Coronel An\u00edbal Martins com Epaminondas Nogueira, pr\u00f3ximo ao Correios no centro de Valen\u00e7a. Daniel Ferreira de Sousa de 28 anos morreu na hora depois de se envolver no acidente, entre sua moto e um Ecosporte de propriedade do tenente Nelson.<\/p>\n<p>Segundo informa\u00e7\u00f5es da delegacia, os dois desciam a Rua Epaminondas Nogueira e ao tentar se desviar do carro que iria entrar na Rua Coronel An\u00edbal Martins o motoqueiro perdeu o controle da moto, bateu em um banco do passeio publico que chegou a quebrar.<\/p>\n<p>Daniel Ferreira que deixa dois filhos teve morte imediata. O corpo foi levado para o hospital regional e logo depois foi liberado para o vel\u00f3rio que est\u00e1 acontecendo na casa de seus familiares na Rua C\u00edcero Portela ao lado do Armaz\u00e9m Ximenes. Informa\u00e7\u00f5es d\u00e3o conta que o corpo ser\u00e1 sepultado na localidade Carna\u00edba de Dentro, munic\u00edpio da Lagoa do Sitio.<\/p>\n<p><strong>Outro acidente <\/strong><\/p>\n<p>No s\u00e1bado (21) foi registrado outro acidente na estrada que liga Valen\u00e7a ao Balne\u00e1rio Santa Rosa. Gilson Delfino perdeu o controle de sua moto depois de se envolver com outra moto, que tinha o mesmo destino. Gilson foi levado para o hospital regional e depois foi encaminhado para Teresina e passa bem. O outro motoqueiro teve ferimentos leves.<\/p>\n<p><strong><div class=\"ngg-galleryoverview\" data-widget=\"Galeria\" data-props='{&quot;galeria&quot;:{&quot;gallery_id&quot;:923,&quot;total&quot;:4,&quot;max_page&quot;:1,&quot;page&quot;:1,&quot;images&quot;:[{&quot;pid&quot;:16882,&quot;imageURL&quot;:&quot;https:\\\/\\\/portalv1.com.br\\\/app\\\/wp-content\\\/gallery\\\/acidente_2\\\/portalv1-01.jpg?t=1713778954&quot;,&quot;thumbnailURL&quot;:&quot;https:\\\/\\\/portalv1.com.br\\\/app\\\/wp-content\\\/gallery\\\/acidente_2\\\/thumbs\\\/thumbs_portalv1-01.jpg?t=1713778954&quot;,&quot;description&quot;:&quot; &quot;,&quot;alttext&quot;:&quot;portalv1-01&quot;,&quot;style&quot;:&quot;&quot;},{&quot;pid&quot;:16883,&quot;imageURL&quot;:&quot;https:\\\/\\\/portalv1.com.br\\\/app\\\/wp-content\\\/gallery\\\/acidente_2\\\/portalv1-02.jpg?t=1713778886&quot;,&quot;thumbnailURL&quot;:&quot;https:\\\/\\\/portalv1.com.br\\\/app\\\/wp-content\\\/gallery\\\/acidente_2\\\/thumbs\\\/thumbs_portalv1-02.jpg?t=1713778886&quot;,&quot;description&quot;:&quot; &quot;,&quot;alttext&quot;:&quot;portalv1-02&quot;,&quot;style&quot;:&quot;&quot;},{&quot;pid&quot;:16884,&quot;imageURL&quot;:&quot;https:\\\/\\\/portalv1.com.br\\\/app\\\/wp-content\\\/gallery\\\/acidente_2\\\/portalv1-03.jpg?t=1713749546&quot;,&quot;thumbnailURL&quot;:&quot;https:\\\/\\\/portalv1.com.br\\\/app\\\/wp-content\\\/gallery\\\/acidente_2\\\/thumbs\\\/thumbs_portalv1-03.jpg?t=1713749546&quot;,&quot;description&quot;:&quot; &quot;,&quot;alttext&quot;:&quot;portalv1-03&quot;,&quot;style&quot;:&quot;&quot;},{&quot;pid&quot;:16885,&quot;imageURL&quot;:&quot;https:\\\/\\\/portalv1.com.br\\\/app\\\/wp-content\\\/gallery\\\/acidente_2\\\/portalv1-04.jpg?t=1713778932&quot;,&quot;thumbnailURL&quot;:&quot;https:\\\/\\\/portalv1.com.br\\\/app\\\/wp-content\\\/gallery\\\/acidente_2\\\/thumbs\\\/thumbs_portalv1-04.jpg?t=1713778932&quot;,&quot;description&quot;:&quot; &quot;,&quot;alttext&quot;:&quot;portalv1-04&quot;,&quot;style&quot;:&quot;&quot;}]}}'><\/div><\/strong>.<\/p>\n<p>&nbsp;<\/p>\n<p><strong>Fotos: Raimundo Barbosa<\/strong><\/p>\n","protected":false},"excerpt":{"rendered":"<p>Um acidente na tarde deste domingo, 22 de julho deixou um morto no cruzamento das ruas Coronel An\u00edbal Martins com Epaminondas Nogueira, pr\u00f3ximo ao Correios no centro de Valen\u00e7a. Daniel&#8230;<\/p>\n","protected":false},"author":1,"featured_media":6035,"comment_status":"open","ping_status":"open","sticky":false,"template":"","format":"standard","meta":{"ngg_post_thumbnail":0,"footnotes":""},"categories":[12],"tags":[],"class_list":["post-13431","post","type-post","status-publish","format-standard","has-post-thumbnail","hentry","category-valenca-news"],"views":2095,"meta_data":{"thumb":"https:\/\/portalv1.com.br\/app\/wp-content\/uploads\/2010\/11\/nicroterio.jpg","imagem":{"fullsize":{"url":"https:\/\/portalv1.com.br\/app\/wp-content\/uploads\/2010\/11\/nicroterio.jpg","width":"300","height":"183"},"thumbnail":{"url":"https:\/\/portalv1.com.br\/app\/wp-content\/uploads\/2010\/11\/nicroterio-150x150.jpg","width":"150","height":"150"}},"data":{"simple":"22\/07\/2012","date_time":"22\/07\/2012 19:33:04","date":"h\u00e1 14 anos"},"chapeu":"","source":""},"_links":{"self":[{"href":"https:\/\/portalv1.com.br\/api\/wp\/v2\/posts\/13431","targetHints":{"allow":["GET"]}}],"collection":[{"href":"https:\/\/portalv1.com.br\/api\/wp\/v2\/posts"}],"about":[{"href":"https:\/\/portalv1.com.br\/api\/wp\/v2\/types\/post"}],"author":[{"embeddable":true,"href":"https:\/\/portalv1.com.br\/api\/wp\/v2\/users\/1"}],"replies":[{"embeddable":true,"href":"https:\/\/portalv1.com.br\/api\/wp\/v2\/comments?post=13431"}],"version-history":[{"count":0,"href":"https:\/\/portalv1.com.br\/api\/wp\/v2\/posts\/13431\/revisions"}],"wp:featuredmedia":[{"embeddable":true,"href":"https:\/\/portalv1.com.br\/api\/wp\/v2\/media\/6035"}],"wp:attachment":[{"href":"https:\/\/portalv1.com.br\/api\/wp\/v2\/media?parent=13431"}],"wp:term":[{"taxonomy":"category","embeddable":true,"href":"https:\/\/portalv1.com.br\/api\/wp\/v2\/categories?post=13431"},{"taxonomy":"post_tag","embeddable":true,"href":"https:\/\/portalv1.com.br\/api\/wp\/v2\/tags?post=13431"}],"curies":[{"name":"wp","href":"https:\/\/api.w.org\/{rel}","templated":true}]}}