{"id":134797,"date":"2022-12-02T10:48:22","date_gmt":"2022-12-02T13:48:22","guid":{"rendered":"https:\/\/portalv1.com.br\/?p=134797"},"modified":"2022-12-04T16:17:09","modified_gmt":"2022-12-04T19:17:09","slug":"prefeitura-de-valenca-divulga-decreto-no-36-2022-exonerando-ocupantes-dos-cargos-comissionados","status":"publish","type":"post","link":"https:\/\/portalv1.com.br\/prefeitura-de-valenca-divulga-decreto-no-36-2022-exonerando-ocupantes-dos-cargos-comissionados\/","title":{"rendered":"Prefeitura de Valen\u00e7a divulga Decreto n\u00ba 36\/2022 exonerando ocupantes dos cargos comissionados"},"content":{"rendered":"<p><a href=\"https:\/\/portalv1.com.br\/app\/wp-content\/uploads\/2022\/09\/prefeitura-de-valenca-.jpg\"><img loading=\"lazy\" decoding=\"async\" class=\"aligncenter size-large wp-image-128866\" src=\"https:\/\/portalv1.com.br\/app\/wp-content\/uploads\/2022\/09\/prefeitura-de-valenca--640x360.jpg\" alt=\"\" width=\"600\" height=\"338\" srcset=\"https:\/\/portalv1.com.br\/app\/wp-content\/uploads\/2022\/09\/prefeitura-de-valenca--640x360.jpg 640w, https:\/\/portalv1.com.br\/app\/wp-content\/uploads\/2022\/09\/prefeitura-de-valenca--300x169.jpg 300w, https:\/\/portalv1.com.br\/app\/wp-content\/uploads\/2022\/09\/prefeitura-de-valenca--768x432.jpg 768w, https:\/\/portalv1.com.br\/app\/wp-content\/uploads\/2022\/09\/prefeitura-de-valenca-.jpg 1280w\" sizes=\"auto, (max-width: 600px) 100vw, 600px\" \/><\/a>A Prefeitura de Valen\u00e7a do Piaui publicou o Decreto n\u00ba 36\/2022, que &#8220;Exonera os ocupantes dos cargos comissionados de livre nomea\u00e7\u00e3o e rescindi os contratos de presta\u00e7\u00e3o de servi\u00e7os pessoas f\u00edsicas vinculados ao Munic\u00edpio&#8221;. O Decreto \u00e9 do dia 30 de novembro com validade a partir desta quinta-feira, 1\u00ba de dezembro.&nbsp;<a href=\"https:\/\/portalv1.com.br\/app\/wp-content\/uploads\/2022\/12\/DECRETO-036-2022.pdf\">Acesse o decreto clicando aqui<\/a><\/p>\n<p>De acordo com a publica\u00e7\u00e3o assinada pelo prefeito municipal, Marcelo Costa e pelo secret\u00e1rio de gabinete, Jos\u00e9 Itamar, a medida tem por objetivo recompor o limite de gastos com pessoal na forma da Lei Complementar N\u00ba 101, de 4 de maio de 2000 e que os trabalhos n\u00e3o ser\u00e3o prejudicados. &nbsp;&nbsp;<\/p>\n<p><strong>Pagamento m\u00eas de novembro<\/strong><\/p>\n<p>Tamb\u00e9m nesta quinta-feira (1\u00ba), a Prefeitura de Valen\u00e7a do Piaui realizou o pagamento do sal\u00e1rio refer\u00eante ao m\u00eas de novembro, para os servidores municipais.<\/p>\n<p><a href=\"https:\/\/portalv1.com.br\/app\/wp-content\/uploads\/2022\/12\/WhatsApp-Image-2022-12-01-at-10.14.02.jpeg\"><img loading=\"lazy\" decoding=\"async\" class=\"aligncenter size-large wp-image-134798\" src=\"https:\/\/portalv1.com.br\/app\/wp-content\/uploads\/2022\/12\/WhatsApp-Image-2022-12-01-at-10.14.02-640x640.jpeg\" alt=\"\" width=\"600\" height=\"600\" srcset=\"https:\/\/portalv1.com.br\/app\/wp-content\/uploads\/2022\/12\/WhatsApp-Image-2022-12-01-at-10.14.02-640x640.jpeg 640w, https:\/\/portalv1.com.br\/app\/wp-content\/uploads\/2022\/12\/WhatsApp-Image-2022-12-01-at-10.14.02-300x300.jpeg 300w, https:\/\/portalv1.com.br\/app\/wp-content\/uploads\/2022\/12\/WhatsApp-Image-2022-12-01-at-10.14.02-100x100.jpeg 100w, https:\/\/portalv1.com.br\/app\/wp-content\/uploads\/2022\/12\/WhatsApp-Image-2022-12-01-at-10.14.02-768x768.jpeg 768w, https:\/\/portalv1.com.br\/app\/wp-content\/uploads\/2022\/12\/WhatsApp-Image-2022-12-01-at-10.14.02.jpeg 1080w\" sizes=\"auto, (max-width: 600px) 100vw, 600px\" \/><\/a><\/p>\n","protected":false},"excerpt":{"rendered":"<p>A Prefeitura de Valen\u00e7a do Piaui publicou o Decreto n\u00ba 36\/2022, que &#8220;Exonera os ocupantes dos cargos comissionados de livre nomea\u00e7\u00e3o e rescindi os contratos de presta\u00e7\u00e3o de servi\u00e7os pessoas&#8230;<\/p>\n","protected":false},"author":1,"featured_media":128866,"comment_status":"open","ping_status":"open","sticky":false,"template":"","format":"standard","meta":{"ngg_post_thumbnail":0,"footnotes":""},"categories":[243],"tags":[],"class_list":["post-134797","post","type-post","status-publish","format-standard","has-post-thumbnail","hentry","category-geral"],"views":1085,"meta_data":{"thumb":"https:\/\/portalv1.com.br\/app\/wp-content\/uploads\/2022\/09\/prefeitura-de-valenca-.jpg","imagem":{"fullsize":{"url":"https:\/\/portalv1.com.br\/app\/wp-content\/uploads\/2022\/09\/prefeitura-de-valenca-.jpg","width":1280,"height":720},"medium":{"url":"https:\/\/portalv1.com.br\/app\/wp-content\/uploads\/2022\/09\/prefeitura-de-valenca--300x169.jpg","width":300,"height":169},"large":{"url":"https:\/\/portalv1.com.br\/app\/wp-content\/uploads\/2022\/09\/prefeitura-de-valenca--640x360.jpg","width":640,"height":360},"thumbnail":{"url":"https:\/\/portalv1.com.br\/app\/wp-content\/uploads\/2022\/09\/prefeitura-de-valenca--100x100.jpg","width":100,"height":100},"medium_large":{"url":"https:\/\/portalv1.com.br\/app\/wp-content\/uploads\/2022\/09\/prefeitura-de-valenca--768x432.jpg","width":768,"height":432}},"data":{"simple":"02\/12\/2022","date_time":"02\/12\/2022 07:48:22","date":"h\u00e1 3 anos"},"chapeu":"Acesse o decreto","source":"retirar"},"_links":{"self":[{"href":"https:\/\/portalv1.com.br\/api\/wp\/v2\/posts\/134797","targetHints":{"allow":["GET"]}}],"collection":[{"href":"https:\/\/portalv1.com.br\/api\/wp\/v2\/posts"}],"about":[{"href":"https:\/\/portalv1.com.br\/api\/wp\/v2\/types\/post"}],"author":[{"embeddable":true,"href":"https:\/\/portalv1.com.br\/api\/wp\/v2\/users\/1"}],"replies":[{"embeddable":true,"href":"https:\/\/portalv1.com.br\/api\/wp\/v2\/comments?post=134797"}],"version-history":[{"count":0,"href":"https:\/\/portalv1.com.br\/api\/wp\/v2\/posts\/134797\/revisions"}],"wp:featuredmedia":[{"embeddable":true,"href":"https:\/\/portalv1.com.br\/api\/wp\/v2\/media\/128866"}],"wp:attachment":[{"href":"https:\/\/portalv1.com.br\/api\/wp\/v2\/media?parent=134797"}],"wp:term":[{"taxonomy":"category","embeddable":true,"href":"https:\/\/portalv1.com.br\/api\/wp\/v2\/categories?post=134797"},{"taxonomy":"post_tag","embeddable":true,"href":"https:\/\/portalv1.com.br\/api\/wp\/v2\/tags?post=134797"}],"curies":[{"name":"wp","href":"https:\/\/api.w.org\/{rel}","templated":true}]}}