{"id":13489,"date":"2012-07-31T15:29:14","date_gmt":"2012-07-31T18:29:14","guid":{"rendered":"https:\/\/portalv1.com.br\/?p=13489"},"modified":"2012-08-02T09:08:04","modified_gmt":"2012-08-02T12:08:04","slug":"prefeito-alcantara-anuncia-atracoes-para-os-250-anos-de-valenca","status":"publish","type":"post","link":"https:\/\/portalv1.com.br\/prefeito-alcantara-anuncia-atracoes-para-os-250-anos-de-valenca\/","title":{"rendered":"Prefeito Alc\u00e2ntara anuncia atra\u00e7\u00f5es para os 250 anos de Valen\u00e7a"},"content":{"rendered":"<figure id=\"attachment_13490\" aria-describedby=\"caption-attachment-13490\" style=\"width: 300px\" class=\"wp-caption alignright\"><a href=\"https:\/\/portalv1.com.br\/app\/wp-content\/uploads\/2012\/07\/Alcantara.jpg\"><img loading=\"lazy\" decoding=\"async\" class=\"size-full wp-image-13490\" title=\"Alcantara\" src=\"https:\/\/portalv1.com.br\/app\/wp-content\/uploads\/2012\/07\/Alcantara.jpg\" alt=\"\" width=\"300\" height=\"225\" \/><\/a><figcaption id=\"caption-attachment-13490\" class=\"wp-caption-text\">Prefeito de Valen\u00e7a Francisco Alc\u00e2ntara<\/figcaption><\/figure>\n<p>Em entrevista ao Programa Primeira Pagina o prefeito Alc\u00e2ntara anunciou as bandas que ir\u00e3o animar os 250 anos de Valen\u00e7a comemorados no pr\u00f3ximo dia 20 de setembro. Moleca 100 Vergonha e Brasas do Forr\u00f3 ser\u00e3o as atra\u00e7\u00f5es musicais desse ano de acordo com o prefeito municipal. Alc\u00e2ntara disse ainda que a festa come\u00e7a as 00h01, do dia 20 devido ao per\u00edodo eleitoral.<\/p>\n<p>Segundo o prefeito, a programa\u00e7\u00e3o come\u00e7ar\u00e1 com o canto de parab\u00e9ns, queima fogos e em seguida as atra\u00e7\u00f5es musicais. O prefeito n\u00e3o adiantou se o Minist\u00e9rio Publico liberou os fogos, uma vez, que est\u00e3o proibidos at\u00e9 as 18h do dia 07 de outubro. Durante a reuni\u00e3o com as coliga\u00e7\u00f5es foi citado \u00e0s festividades do aniversario da cidade, mais a proibi\u00e7\u00e3o foi mantida pela promotora Dr\u00aa Ver\u00f4nica Rodrigues na oportunidade. Voc\u00ea gostou das bandas. Seja o primeiro a comentar.<\/p>\n<p>Foto: Eberson<\/p>\n","protected":false},"excerpt":{"rendered":"<p>Em entrevista ao Programa Primeira Pagina o prefeito Alc\u00e2ntara anunciou as bandas que ir\u00e3o animar os 250 anos de Valen\u00e7a comemorados no pr\u00f3ximo dia 20 de setembro. Moleca 100 Vergonha&#8230;<\/p>\n","protected":false},"author":1,"featured_media":13490,"comment_status":"open","ping_status":"open","sticky":false,"template":"","format":"standard","meta":{"ngg_post_thumbnail":0,"footnotes":""},"categories":[12],"tags":[1004,326],"class_list":["post-13489","post","type-post","status-publish","format-standard","has-post-thumbnail","hentry","category-valenca-news","tag-250-anos","tag-aniversario"],"views":1181,"meta_data":{"thumb":"https:\/\/portalv1.com.br\/app\/wp-content\/uploads\/2012\/07\/Alcantara.jpg","imagem":{"fullsize":{"url":"https:\/\/portalv1.com.br\/app\/wp-content\/uploads\/2012\/07\/Alcantara.jpg","width":"300","height":"225"},"thumbnail":{"url":"https:\/\/portalv1.com.br\/app\/wp-content\/uploads\/2012\/07\/Alcantara-100x100.jpg","width":"100","height":"100"},"post-thumbnail":{"url":"https:\/\/portalv1.com.br\/app\/wp-content\/uploads\/2012\/07\/Alcantara-100x100.jpg","width":"100","height":"100"},"imgpadrao":{"url":"https:\/\/portalv1.com.br\/app\/wp-content\/uploads\/2012\/07\/Alcantara-300x183.jpg","width":"300","height":"183"},"tecnologia":{"url":"https:\/\/portalv1.com.br\/app\/wp-content\/uploads\/2012\/07\/Alcantara-230x136.jpg","width":"230","height":"136"}},"data":{"simple":"31\/07\/2012","date_time":"31\/07\/2012 12:29:14","date":"h\u00e1 14 anos"},"chapeu":"250 Anos","source":"m_destacada"},"_links":{"self":[{"href":"https:\/\/portalv1.com.br\/api\/wp\/v2\/posts\/13489","targetHints":{"allow":["GET"]}}],"collection":[{"href":"https:\/\/portalv1.com.br\/api\/wp\/v2\/posts"}],"about":[{"href":"https:\/\/portalv1.com.br\/api\/wp\/v2\/types\/post"}],"author":[{"embeddable":true,"href":"https:\/\/portalv1.com.br\/api\/wp\/v2\/users\/1"}],"replies":[{"embeddable":true,"href":"https:\/\/portalv1.com.br\/api\/wp\/v2\/comments?post=13489"}],"version-history":[{"count":0,"href":"https:\/\/portalv1.com.br\/api\/wp\/v2\/posts\/13489\/revisions"}],"wp:featuredmedia":[{"embeddable":true,"href":"https:\/\/portalv1.com.br\/api\/wp\/v2\/media\/13490"}],"wp:attachment":[{"href":"https:\/\/portalv1.com.br\/api\/wp\/v2\/media?parent=13489"}],"wp:term":[{"taxonomy":"category","embeddable":true,"href":"https:\/\/portalv1.com.br\/api\/wp\/v2\/categories?post=13489"},{"taxonomy":"post_tag","embeddable":true,"href":"https:\/\/portalv1.com.br\/api\/wp\/v2\/tags?post=13489"}],"curies":[{"name":"wp","href":"https:\/\/api.w.org\/{rel}","templated":true}]}}