{"id":13493,"date":"2012-08-01T16:46:14","date_gmt":"2012-08-01T19:46:14","guid":{"rendered":"https:\/\/portalv1.com.br\/?p=13493"},"modified":"2012-08-03T10:13:57","modified_gmt":"2012-08-03T13:13:57","slug":"justica-eleitoral-decide-sobre-candidaturas-veja-os-resultados","status":"publish","type":"post","link":"https:\/\/portalv1.com.br\/justica-eleitoral-decide-sobre-candidaturas-veja-os-resultados\/","title":{"rendered":"Justi\u00e7a Eleitoral decide sobre candidaturas. Veja os resultados"},"content":{"rendered":"<figure id=\"attachment_11266\" aria-describedby=\"caption-attachment-11266\" style=\"width: 300px\" class=\"wp-caption alignright\"><a href=\"https:\/\/portalv1.com.br\/app\/wp-content\/uploads\/2011\/11\/joseosvaldo.jpg\"><img loading=\"lazy\" decoding=\"async\" class=\"size-full wp-image-11266\" title=\"joseosvaldo\" src=\"https:\/\/portalv1.com.br\/app\/wp-content\/uploads\/2011\/11\/joseosvaldo.jpg\" alt=\"\" width=\"300\" height=\"183\" \/><\/a><figcaption id=\"caption-attachment-11266\" class=\"wp-caption-text\">juiz eleitoral Dr. Jos\u00e9 Osvaldo de Sousa<\/figcaption><\/figure>\n<p>A Justi\u00e7a Eleitoral fechou nesta quarta-feira (01) mais um pacote de decis\u00f5es envolvendo as elei\u00e7\u00f5es de 07 de outubro pr\u00f3ximo. As cidades de Lagoa do Sitio e Novo Oriente tiveram homologadas todas as coliga\u00e7\u00f5es e com isso os candidatos Marcos Vinicius e Ant\u00f4nio Petronilho e Z\u00e9 Sim\u00e3o e Vanessa Reis juntamente com seus vereadores j\u00e1 est\u00e3o aptos para a disputa eleitoral.<\/p>\n<p>Em Valen\u00e7a termina nesta quinta-feira (02), o prazo de impugna\u00e7\u00e3o da candidatura do candidato a prefeito Rubens Alencar. Caso a candidatura seja contestada pela Coliga\u00e7\u00e3o Juventude e Experi\u00eancia a Servi\u00e7o do Povo (Walfredo Filho) ser\u00e1 aberto novos prazos para contesta\u00e7\u00e3o e posterior decis\u00e3o da Justi\u00e7a Eleitoral.<\/p>\n<p>O juiz eleitoral Dr. Jos\u00e9 Osvaldo nessa semana j\u00e1 havia se pronunciado favoravelmente as candidaturas ao Legislativo dos candidatos Lindomar Am\u00e2ncio, Geane Vieira, Joaquim Filho e Lourival Moura que tiveram pedidos de impugna\u00e7\u00e3o. Nesta ter\u00e7a-feira (31), o magistrado se posicionou contrario a candidatura do candidato do PSB Pedro Filiciano por dupla filia\u00e7\u00e3o, com a decis\u00e3o Pedro Filiciano n\u00e3o ser\u00e1 candidato nas elei\u00e7\u00f5es deste ano. J\u00e1 o candidato Benoni Jos\u00e9 de Sousa do PDT teve sua candidatura aceita mesmo n\u00e3o estando na lista do PDT no site do TSE.<\/p>\n<p>Em conversa com o portalv1, o juiz eleitoral informou que o partido encaminhou a ata da conven\u00e7\u00e3o mostrando a filia\u00e7\u00e3o do candidato a vereador. As duas decis\u00f5es podem ser contestadas pelas coliga\u00e7\u00f5es.<\/p>\n","protected":false},"excerpt":{"rendered":"<p>A Justi\u00e7a Eleitoral fechou nesta quarta-feira (01) mais um pacote de decis\u00f5es envolvendo as elei\u00e7\u00f5es de 07 de outubro pr\u00f3ximo. As cidades de Lagoa do Sitio e Novo Oriente tiveram&#8230;<\/p>\n","protected":false},"author":1,"featured_media":11266,"comment_status":"open","ping_status":"open","sticky":false,"template":"","format":"standard","meta":{"ngg_post_thumbnail":0,"footnotes":""},"categories":[12],"tags":[285],"class_list":["post-13493","post","type-post","status-publish","format-standard","has-post-thumbnail","hentry","category-valenca-news","tag-justica-eleitoral"],"views":1068,"meta_data":{"thumb":"https:\/\/portalv1.com.br\/app\/wp-content\/uploads\/2011\/11\/joseosvaldo.jpg","imagem":{"fullsize":{"url":"https:\/\/portalv1.com.br\/app\/wp-content\/uploads\/2011\/11\/joseosvaldo.jpg","width":"300","height":"183"},"thumbnail":{"url":"https:\/\/portalv1.com.br\/app\/wp-content\/uploads\/2011\/11\/joseosvaldo-100x100.jpg","width":"100","height":"100"},"post-thumbnail":{"url":"https:\/\/portalv1.com.br\/app\/wp-content\/uploads\/2011\/11\/joseosvaldo-100x100.jpg","width":"100","height":"100"},"tecnologia":{"url":"https:\/\/portalv1.com.br\/app\/wp-content\/uploads\/2011\/11\/joseosvaldo-230x136.jpg","width":"230","height":"136"}},"data":{"simple":"01\/08\/2012","date_time":"01\/08\/2012 13:46:14","date":"h\u00e1 14 anos"},"chapeu":"","source":""},"_links":{"self":[{"href":"https:\/\/portalv1.com.br\/api\/wp\/v2\/posts\/13493","targetHints":{"allow":["GET"]}}],"collection":[{"href":"https:\/\/portalv1.com.br\/api\/wp\/v2\/posts"}],"about":[{"href":"https:\/\/portalv1.com.br\/api\/wp\/v2\/types\/post"}],"author":[{"embeddable":true,"href":"https:\/\/portalv1.com.br\/api\/wp\/v2\/users\/1"}],"replies":[{"embeddable":true,"href":"https:\/\/portalv1.com.br\/api\/wp\/v2\/comments?post=13493"}],"version-history":[{"count":0,"href":"https:\/\/portalv1.com.br\/api\/wp\/v2\/posts\/13493\/revisions"}],"wp:featuredmedia":[{"embeddable":true,"href":"https:\/\/portalv1.com.br\/api\/wp\/v2\/media\/11266"}],"wp:attachment":[{"href":"https:\/\/portalv1.com.br\/api\/wp\/v2\/media?parent=13493"}],"wp:term":[{"taxonomy":"category","embeddable":true,"href":"https:\/\/portalv1.com.br\/api\/wp\/v2\/categories?post=13493"},{"taxonomy":"post_tag","embeddable":true,"href":"https:\/\/portalv1.com.br\/api\/wp\/v2\/tags?post=13493"}],"curies":[{"name":"wp","href":"https:\/\/api.w.org\/{rel}","templated":true}]}}