{"id":13509,"date":"2012-08-06T08:24:41","date_gmt":"2012-08-06T11:24:41","guid":{"rendered":"https:\/\/portalv1.com.br\/?p=13509"},"modified":"2012-08-06T08:25:27","modified_gmt":"2012-08-06T11:25:27","slug":"sarah-menezes-chega-as-15h-e-faz-desfile-em-carro-aberto","status":"publish","type":"post","link":"https:\/\/portalv1.com.br\/sarah-menezes-chega-as-15h-e-faz-desfile-em-carro-aberto\/","title":{"rendered":"Sarah Menezes chega hoje \u00e0s 15h e faz desfile em carro aberto"},"content":{"rendered":"<figure id=\"attachment_13461\" aria-describedby=\"caption-attachment-13461\" style=\"width: 300px\" class=\"wp-caption alignright\"><a href=\"https:\/\/portalv1.com.br\/app\/wp-content\/uploads\/2012\/07\/sarah-menezes-134594.jpg\"><img loading=\"lazy\" decoding=\"async\" class=\"size-full wp-image-13461\" title=\"sarah-menezes-134594\" src=\"https:\/\/portalv1.com.br\/app\/wp-content\/uploads\/2012\/07\/sarah-menezes-134594.jpg\" alt=\"\" width=\"300\" height=\"200\" \/><\/a><figcaption id=\"caption-attachment-13461\" class=\"wp-caption-text\">Sarah Menezes<\/figcaption><\/figure>\n<p>A judoca Sarah Menezes chega a Teresina nesta segunda-feira, em v\u00f4o direto de S\u00e3o Paulo. Ela est\u00e1 no Brasil desde o domingo pela manh\u00e3, quando desembarcou na capital paulista, onde cumpriu compromissos com a Confedera\u00e7\u00e3o Brasileira de Jud\u00f4 (CBJ) e patrocinadores. O desembarque para Teresina est\u00e1 previsto para \u00e0s 15h10.<\/p>\n<p>Ela chega \u00e0 capital piauiense acompanhada de assessores da CBJ e integrantes de sua equipe de treinamento, entre eles o treinador Expedito Falc\u00e3o e a irm\u00e3 S\u00e2mia Menezes, que funciona como assessora de imprensa da judoca. Logo em seguida \u00e0 chegada, Sarah participa de desfile em carro aberto, do Corpo de Bombeiros.<\/p>\n<p>O trajeto do desfile da medalhista ol\u00edmpica ser\u00e1 curto, por conta do hor\u00e1rio da chegada. Sarah sair\u00e1 no aeroporto no sentido da Pra\u00e7a do Marqu\u00eas, tomando a rua Coelho de Rezende at\u00e9 a avenida Miguel Rosa Sul. Isto porque a judoca deseja passar na frente do Centro de Treinamento que leva seu nome. Em seguida ela segue para o Pal\u00e1cio de Karnak, onde recebe homenagem do governo do Estado.<\/p>\n<p>Al\u00e9m de Sarah estar\u00e3o na solenidade os integrantes da equipe que por anos ajudou na prepara\u00e7\u00e3o da atleta campe\u00e3. Al\u00e9m do t\u00e9cnico, Expedito Falc\u00e3o, estar\u00e3o fisioterapeuta, preparador f\u00edsico, psic\u00f3logo e nutricionista.<\/p>\n","protected":false},"excerpt":{"rendered":"<p>A judoca Sarah Menezes chega a Teresina nesta segunda-feira, em v\u00f4o direto de S\u00e3o Paulo. Ela est\u00e1 no Brasil desde o domingo pela manh\u00e3, quando desembarcou na capital paulista, onde&#8230;<\/p>\n","protected":false},"author":1,"featured_media":13461,"comment_status":"open","ping_status":"open","sticky":false,"template":"","format":"standard","meta":{"ngg_post_thumbnail":0,"footnotes":""},"categories":[243],"tags":[],"class_list":["post-13509","post","type-post","status-publish","format-standard","has-post-thumbnail","hentry","category-geral"],"views":737,"meta_data":{"thumb":"https:\/\/portalv1.com.br\/app\/wp-content\/uploads\/2012\/07\/sarah-menezes-134594.jpg","imagem":{"fullsize":{"url":"https:\/\/portalv1.com.br\/app\/wp-content\/uploads\/2012\/07\/sarah-menezes-134594.jpg","width":"300","height":"200"},"thumbnail":{"url":"https:\/\/portalv1.com.br\/app\/wp-content\/uploads\/2012\/07\/sarah-menezes-134594-100x100.jpg","width":"100","height":"100"},"post-thumbnail":{"url":"https:\/\/portalv1.com.br\/app\/wp-content\/uploads\/2012\/07\/sarah-menezes-134594-100x100.jpg","width":"100","height":"100"},"imgpadrao":{"url":"https:\/\/portalv1.com.br\/app\/wp-content\/uploads\/2012\/07\/sarah-menezes-134594-300x183.jpg","width":"300","height":"183"},"tecnologia":{"url":"https:\/\/portalv1.com.br\/app\/wp-content\/uploads\/2012\/07\/sarah-menezes-134594-230x136.jpg","width":"230","height":"136"}},"data":{"simple":"06\/08\/2012","date_time":"06\/08\/2012 05:24:41","date":"h\u00e1 14 anos"},"chapeu":"","source":""},"_links":{"self":[{"href":"https:\/\/portalv1.com.br\/api\/wp\/v2\/posts\/13509","targetHints":{"allow":["GET"]}}],"collection":[{"href":"https:\/\/portalv1.com.br\/api\/wp\/v2\/posts"}],"about":[{"href":"https:\/\/portalv1.com.br\/api\/wp\/v2\/types\/post"}],"author":[{"embeddable":true,"href":"https:\/\/portalv1.com.br\/api\/wp\/v2\/users\/1"}],"replies":[{"embeddable":true,"href":"https:\/\/portalv1.com.br\/api\/wp\/v2\/comments?post=13509"}],"version-history":[{"count":0,"href":"https:\/\/portalv1.com.br\/api\/wp\/v2\/posts\/13509\/revisions"}],"wp:featuredmedia":[{"embeddable":true,"href":"https:\/\/portalv1.com.br\/api\/wp\/v2\/media\/13461"}],"wp:attachment":[{"href":"https:\/\/portalv1.com.br\/api\/wp\/v2\/media?parent=13509"}],"wp:term":[{"taxonomy":"category","embeddable":true,"href":"https:\/\/portalv1.com.br\/api\/wp\/v2\/categories?post=13509"},{"taxonomy":"post_tag","embeddable":true,"href":"https:\/\/portalv1.com.br\/api\/wp\/v2\/tags?post=13509"}],"curies":[{"name":"wp","href":"https:\/\/api.w.org\/{rel}","templated":true}]}}