{"id":13520,"date":"2012-08-07T15:33:33","date_gmt":"2012-08-07T18:33:33","guid":{"rendered":"https:\/\/portalv1.com.br\/?p=13520"},"modified":"2012-08-07T15:33:33","modified_gmt":"2012-08-07T18:33:33","slug":"dois-meses-professores-de-pimenteiras-ameacam-entrar-em-greve","status":"publish","type":"post","link":"https:\/\/portalv1.com.br\/dois-meses-professores-de-pimenteiras-ameacam-entrar-em-greve\/","title":{"rendered":"Dois meses: Professores de Pimenteiras amea\u00e7am entrar em greve"},"content":{"rendered":"<figure id=\"attachment_7344\" aria-describedby=\"caption-attachment-7344\" style=\"width: 300px\" class=\"wp-caption alignright\"><a href=\"https:\/\/portalv1.com.br\/app\/wp-content\/uploads\/2011\/02\/prefeitonetinho.jpg\"><img loading=\"lazy\" decoding=\"async\" class=\"size-full wp-image-7344\" title=\"prefeitonetinho\" src=\"https:\/\/portalv1.com.br\/app\/wp-content\/uploads\/2011\/02\/prefeitonetinho.jpg\" alt=\"\" width=\"300\" height=\"183\" \/><\/a><figcaption id=\"caption-attachment-7344\" class=\"wp-caption-text\">prefeito de Pimenteiras Romualdo de Sousa Pereira (Netinho)<\/figcaption><\/figure>\n<p>Os professores da rede municipal da cidade de Pimenteiras, insatisfeitos e cansados com o descaso com que s\u00e3o tratados pela Administra\u00e7\u00e3o Municipal, com atrasos salariais, est\u00e3o reivindicando o pagamento dos sal\u00e1rios atrasados, (meses de junho e julho de 2012), bem como melhorias das condi\u00e7\u00f5es de trabalho, uma vez que constantemente s\u00e3o desrespeitados em seus direitos e garantias.<\/p>\n<p>Os mesmos reclamam tamb\u00e9m que est\u00e3o cansados de pagar juros altos por conta do atraso de seus sal\u00e1rios e que est\u00e3o privados de necessidades b\u00e1sicas, j\u00e1 que em sua maioria t\u00eam como \u00fanica fonte de renda o sal\u00e1rio de professor.<\/p>\n<p>Existe tamb\u00e9m uma enorme insatisfa\u00e7\u00e3o dos professores sobre as desigualdades salariais, visto que h\u00e1 funcion\u00e1rios da educa\u00e7\u00e3o de Pimenteiras com gratifica\u00e7\u00f5es alt\u00edssimas chegando a alguns casos a ultrapassar o sal\u00e1rio de um professor.<\/p>\n<p>Enquanto que outros professores foram-lhes tirados alguns direitos j\u00e1 adquiridos como, reg\u00eancia e q\u00fcinq\u00fc\u00eanio, sem falar que as sobras do FUNDEB nos anos de 2009 e 2010, que foram divididas entre o mesmo grupo de beneficiados, sempre deixando quem realmente trabalha em sala de aula totalmente \u00e0 margem, descriminados, ignorados e privados de suas garantias legais.<\/p>\n<p>Diante disso, os funcion\u00e1rios da educa\u00e7\u00e3o juntamente com o Sindicato dos Servidores Municipais resolveram que nesta sexta-feira (10\/08) haver\u00e1 uma assembl\u00e9ia extraordin\u00e1ria onde ser\u00e3o buscados os meios legais para que sejam cumpridos seus direitos e na pauta planejam uma greve dos professores da rede municipal de ensino por tempo indeterminado.<\/p>\n<p>Fonte: GP1<\/p>\n","protected":false},"excerpt":{"rendered":"<p>Os professores da rede municipal da cidade de Pimenteiras, insatisfeitos e cansados com o descaso com que s\u00e3o tratados pela Administra\u00e7\u00e3o Municipal, com atrasos salariais, est\u00e3o reivindicando o pagamento dos&#8230;<\/p>\n","protected":false},"author":1,"featured_media":7344,"comment_status":"open","ping_status":"open","sticky":false,"template":"","format":"standard","meta":{"ngg_post_thumbnail":0,"footnotes":""},"categories":[243],"tags":[],"class_list":["post-13520","post","type-post","status-publish","format-standard","has-post-thumbnail","hentry","category-geral"],"views":797,"meta_data":{"thumb":"https:\/\/portalv1.com.br\/app\/wp-content\/uploads\/2011\/02\/prefeitonetinho.jpg","imagem":{"fullsize":{"url":"https:\/\/portalv1.com.br\/app\/wp-content\/uploads\/2011\/02\/prefeitonetinho.jpg","width":"300","height":"183"},"thumbnail":{"url":"https:\/\/portalv1.com.br\/app\/wp-content\/uploads\/2011\/02\/prefeitonetinho-150x150.jpg","width":"150","height":"150"}},"data":{"simple":"07\/08\/2012","date_time":"07\/08\/2012 12:33:33","date":"h\u00e1 14 anos"},"chapeu":"","source":""},"_links":{"self":[{"href":"https:\/\/portalv1.com.br\/api\/wp\/v2\/posts\/13520","targetHints":{"allow":["GET"]}}],"collection":[{"href":"https:\/\/portalv1.com.br\/api\/wp\/v2\/posts"}],"about":[{"href":"https:\/\/portalv1.com.br\/api\/wp\/v2\/types\/post"}],"author":[{"embeddable":true,"href":"https:\/\/portalv1.com.br\/api\/wp\/v2\/users\/1"}],"replies":[{"embeddable":true,"href":"https:\/\/portalv1.com.br\/api\/wp\/v2\/comments?post=13520"}],"version-history":[{"count":0,"href":"https:\/\/portalv1.com.br\/api\/wp\/v2\/posts\/13520\/revisions"}],"wp:featuredmedia":[{"embeddable":true,"href":"https:\/\/portalv1.com.br\/api\/wp\/v2\/media\/7344"}],"wp:attachment":[{"href":"https:\/\/portalv1.com.br\/api\/wp\/v2\/media?parent=13520"}],"wp:term":[{"taxonomy":"category","embeddable":true,"href":"https:\/\/portalv1.com.br\/api\/wp\/v2\/categories?post=13520"},{"taxonomy":"post_tag","embeddable":true,"href":"https:\/\/portalv1.com.br\/api\/wp\/v2\/tags?post=13520"}],"curies":[{"name":"wp","href":"https:\/\/api.w.org\/{rel}","templated":true}]}}