{"id":13553,"date":"2012-08-15T15:24:33","date_gmt":"2012-08-15T18:24:33","guid":{"rendered":"https:\/\/portalv1.com.br\/?p=13553"},"modified":"2012-08-16T23:05:24","modified_gmt":"2012-08-17T02:05:24","slug":"aniversario-ielva-melao-recebe-festa-surpresa","status":"publish","type":"post","link":"https:\/\/portalv1.com.br\/aniversario-ielva-melao-recebe-festa-surpresa\/","title":{"rendered":"Anivers\u00e1rio: Ielva Mel\u00e3o recebe festa surpresa. Veja fotos"},"content":{"rendered":"<figure id=\"attachment_13554\" aria-describedby=\"caption-attachment-13554\" style=\"width: 300px\" class=\"wp-caption alignright\"><a href=\"https:\/\/portalv1.com.br\/app\/wp-content\/uploads\/2012\/08\/ielva-mel\u00e3o.jpg\"><img loading=\"lazy\" decoding=\"async\" class=\"size-full wp-image-13554\" title=\"ielva mel\u00e3o\" src=\"https:\/\/portalv1.com.br\/app\/wp-content\/uploads\/2012\/08\/ielva-mel\u00e3o.jpg\" alt=\"\" width=\"300\" height=\"225\" \/><\/a><figcaption id=\"caption-attachment-13554\" class=\"wp-caption-text\">Ielva Mel\u00e3o ladeada pelos funcion\u00e1rios do Legislativo<\/figcaption><\/figure>\n<p>A vereadora Ielva Mel\u00e3o recebeu nesta quarta-feira, 15 de agosto uma festa surpresa dos funcion\u00e1rios da Camar\u00e1 de Vereadores pela passagem do seu aniversario. A festa teve direito salgados, refrigerantes e muitos desejos de felicidades. Ielva Mel\u00e3o est\u00e1 em seu segundo mandato e preside com muita compet\u00eancia o Poder Legislativo Municipal. Nossos parab\u00e9nssssssss.<\/p>\n<p><strong><div class=\"ngg-galleryoverview\" data-widget=\"Galeria\" data-props='{&quot;galeria&quot;:{&quot;gallery_id&quot;:940,&quot;total&quot;:4,&quot;max_page&quot;:1,&quot;page&quot;:1,&quot;images&quot;:[{&quot;pid&quot;:17104,&quot;imageURL&quot;:&quot;https:\\\/\\\/portalv1.com.br\\\/app\\\/wp-content\\\/gallery\\\/ielva\\\/img_9926.jpg&quot;,&quot;thumbnailURL&quot;:&quot;https:\\\/\\\/portalv1.com.br\\\/app\\\/wp-content\\\/gallery\\\/ielva\\\/thumbs\\\/thumbs_img_9926.jpg&quot;,&quot;description&quot;:&quot; &quot;,&quot;alttext&quot;:&quot;img_9926&quot;,&quot;style&quot;:&quot;&quot;},{&quot;pid&quot;:17105,&quot;imageURL&quot;:&quot;https:\\\/\\\/portalv1.com.br\\\/app\\\/wp-content\\\/gallery\\\/ielva\\\/img_9930.jpg&quot;,&quot;thumbnailURL&quot;:&quot;https:\\\/\\\/portalv1.com.br\\\/app\\\/wp-content\\\/gallery\\\/ielva\\\/thumbs\\\/thumbs_img_9930.jpg&quot;,&quot;description&quot;:&quot; &quot;,&quot;alttext&quot;:&quot;img_9930&quot;,&quot;style&quot;:&quot;&quot;},{&quot;pid&quot;:17106,&quot;imageURL&quot;:&quot;https:\\\/\\\/portalv1.com.br\\\/app\\\/wp-content\\\/gallery\\\/ielva\\\/img_9933.jpg&quot;,&quot;thumbnailURL&quot;:&quot;https:\\\/\\\/portalv1.com.br\\\/app\\\/wp-content\\\/gallery\\\/ielva\\\/thumbs\\\/thumbs_img_9933.jpg&quot;,&quot;description&quot;:&quot; &quot;,&quot;alttext&quot;:&quot;img_9933&quot;,&quot;style&quot;:&quot;&quot;},{&quot;pid&quot;:17107,&quot;imageURL&quot;:&quot;https:\\\/\\\/portalv1.com.br\\\/app\\\/wp-content\\\/gallery\\\/ielva\\\/img_9934.jpg&quot;,&quot;thumbnailURL&quot;:&quot;https:\\\/\\\/portalv1.com.br\\\/app\\\/wp-content\\\/gallery\\\/ielva\\\/thumbs\\\/thumbs_img_9934.jpg&quot;,&quot;description&quot;:&quot; &quot;,&quot;alttext&quot;:&quot;img_9934&quot;,&quot;style&quot;:&quot;&quot;}]}}'><\/div><\/strong>.<\/p>\n","protected":false},"excerpt":{"rendered":"<p>A vereadora Ielva Mel\u00e3o recebeu nesta quarta-feira, 15 de agosto uma festa surpresa dos funcion\u00e1rios da Camar\u00e1 de Vereadores pela passagem do seu aniversario. A festa teve direito salgados, refrigerantes&#8230;<\/p>\n","protected":false},"author":1,"featured_media":13554,"comment_status":"open","ping_status":"open","sticky":false,"template":"","format":"standard","meta":{"ngg_post_thumbnail":0,"footnotes":""},"categories":[12],"tags":[257],"class_list":["post-13553","post","type-post","status-publish","format-standard","has-post-thumbnail","hentry","category-valenca-news","tag-ielva"],"views":1193,"meta_data":{"thumb":"https:\/\/portalv1.com.br\/app\/wp-content\/uploads\/2012\/08\/ielva-mel\u00e3o.jpg","imagem":{"fullsize":{"url":"https:\/\/portalv1.com.br\/app\/wp-content\/uploads\/2012\/08\/ielva-mel\u00e3o.jpg","width":"300","height":"225"},"thumbnail":{"url":"https:\/\/portalv1.com.br\/app\/wp-content\/uploads\/2012\/08\/ielva-mel\u00e3o-100x100.jpg","width":"100","height":"100"},"post-thumbnail":{"url":"https:\/\/portalv1.com.br\/app\/wp-content\/uploads\/2012\/08\/ielva-mel\u00e3o-100x100.jpg","width":"100","height":"100"},"imgpadrao":{"url":"https:\/\/portalv1.com.br\/app\/wp-content\/uploads\/2012\/08\/ielva-mel\u00e3o-300x183.jpg","width":"300","height":"183"},"tecnologia":{"url":"https:\/\/portalv1.com.br\/app\/wp-content\/uploads\/2012\/08\/ielva-mel\u00e3o-230x136.jpg","width":"230","height":"136"}},"data":{"simple":"15\/08\/2012","date_time":"15\/08\/2012 12:24:33","date":"h\u00e1 14 anos"},"chapeu":"","source":""},"_links":{"self":[{"href":"https:\/\/portalv1.com.br\/api\/wp\/v2\/posts\/13553","targetHints":{"allow":["GET"]}}],"collection":[{"href":"https:\/\/portalv1.com.br\/api\/wp\/v2\/posts"}],"about":[{"href":"https:\/\/portalv1.com.br\/api\/wp\/v2\/types\/post"}],"author":[{"embeddable":true,"href":"https:\/\/portalv1.com.br\/api\/wp\/v2\/users\/1"}],"replies":[{"embeddable":true,"href":"https:\/\/portalv1.com.br\/api\/wp\/v2\/comments?post=13553"}],"version-history":[{"count":0,"href":"https:\/\/portalv1.com.br\/api\/wp\/v2\/posts\/13553\/revisions"}],"wp:featuredmedia":[{"embeddable":true,"href":"https:\/\/portalv1.com.br\/api\/wp\/v2\/media\/13554"}],"wp:attachment":[{"href":"https:\/\/portalv1.com.br\/api\/wp\/v2\/media?parent=13553"}],"wp:term":[{"taxonomy":"category","embeddable":true,"href":"https:\/\/portalv1.com.br\/api\/wp\/v2\/categories?post=13553"},{"taxonomy":"post_tag","embeddable":true,"href":"https:\/\/portalv1.com.br\/api\/wp\/v2\/tags?post=13553"}],"curies":[{"name":"wp","href":"https:\/\/api.w.org\/{rel}","templated":true}]}}