{"id":13597,"date":"2012-08-22T23:38:29","date_gmt":"2012-08-23T02:38:29","guid":{"rendered":"https:\/\/portalv1.com.br\/?p=13597"},"modified":"2012-08-28T09:31:30","modified_gmt":"2012-08-28T12:31:30","slug":"risco-a-saude-caixas-dagua-da-isidoria-estao-sem-tampas","status":"publish","type":"post","link":"https:\/\/portalv1.com.br\/risco-a-saude-caixas-dagua-da-isidoria-estao-sem-tampas\/","title":{"rendered":"Risco a sa\u00fade: Caixas d\u2019\u00e1gua da Isidoria est\u00e3o sem tampas"},"content":{"rendered":"<figure id=\"attachment_13598\" aria-describedby=\"caption-attachment-13598\" style=\"width: 300px\" class=\"wp-caption alignright\"><a href=\"https:\/\/portalv1.com.br\/app\/wp-content\/uploads\/2012\/08\/isidoria.jpg\"><img loading=\"lazy\" decoding=\"async\" class=\"size-medium wp-image-13598 \" title=\"isidoria\" src=\"https:\/\/portalv1.com.br\/app\/wp-content\/uploads\/2012\/08\/isidoria-300x225.jpg\" alt=\"\" width=\"300\" height=\"225\" srcset=\"https:\/\/portalv1.com.br\/app\/wp-content\/uploads\/2012\/08\/isidoria-300x225.jpg 300w, https:\/\/portalv1.com.br\/app\/wp-content\/uploads\/2012\/08\/isidoria.jpg 450w\" sizes=\"auto, (max-width: 300px) 100vw, 300px\" \/><\/a><figcaption id=\"caption-attachment-13598\" class=\"wp-caption-text\">Entrada da comunidade Isidoria<\/figcaption><\/figure>\n<p>A C\u00e2mara Municipal de Valen\u00e7a voltou a aprovar requerimento nesta segunda-feira (20) pedindo que a prefeitura por interm\u00e9dio da Secretaria Municipal de Obras intervenha no sentido de colocar a tampa das duas caixas d\u2019\u00e1gua, que abastecem a Comunidade Isidoria. O requerimento de autoria do vereador Lindomar Am\u00e2ncio (PRTB) chamou a aten\u00e7\u00e3o para o descaso que a prefeitura vem tendo com a maior comunidade rural do munic\u00edpio.<\/p>\n<p>O vereador lembrou que uma das caixas foi constru\u00edda ainda na gest\u00e3o do ex-prefeito Joaquim Matias Lima Verde e de l\u00e1 para c\u00e1 nunca foi coberta. \u201cTivemos depoimentos de pessoas que afirmaram que frequentemente s\u00e3o encontrados animais mortos, fezes e todo o tipo de sujeira\u201d afirmou.<\/p>\n<p>O mesmo problema foi apontado pelos vereadores Ielva Mel\u00e3o e Gilmar Barbosa nas comunidades do Buritizal e Mesa de Pedra e at\u00e9 no Bairro Morada Nova na zona urbana. O vereador Lindomar Am\u00e2ncio disse que o problema se agrava ainda mais porque a popula\u00e7\u00e3o consume a \u00e1gua impr\u00f3pria fica doente e n\u00e3o pode contar com a cobertura da Secretaria de Sa\u00fade que n\u00e3o disp\u00f5e de rem\u00e9dios e tratamentos. O requerimento foi aprovado por unanimidade.<\/p>\n","protected":false},"excerpt":{"rendered":"<p>A C\u00e2mara Municipal de Valen\u00e7a voltou a aprovar requerimento nesta segunda-feira (20) pedindo que a prefeitura por interm\u00e9dio da Secretaria Municipal de Obras intervenha no sentido de colocar a tampa&#8230;<\/p>\n","protected":false},"author":1,"featured_media":0,"comment_status":"open","ping_status":"open","sticky":false,"template":"","format":"standard","meta":{"ngg_post_thumbnail":0,"footnotes":""},"categories":[12],"tags":[],"class_list":["post-13597","post","type-post","status-publish","format-standard","hentry","category-valenca-news"],"views":1263,"meta_data":{"thumb":"https:\/\/portalv1.com.br\/app\/wp-content\/uploads\/2012\/08\/isidoria.jpg","data":{"simple":"22\/08\/2012","date_time":"22\/08\/2012 20:38:29","date":"h\u00e1 14 anos"},"chapeu":"","source":""},"_links":{"self":[{"href":"https:\/\/portalv1.com.br\/api\/wp\/v2\/posts\/13597","targetHints":{"allow":["GET"]}}],"collection":[{"href":"https:\/\/portalv1.com.br\/api\/wp\/v2\/posts"}],"about":[{"href":"https:\/\/portalv1.com.br\/api\/wp\/v2\/types\/post"}],"author":[{"embeddable":true,"href":"https:\/\/portalv1.com.br\/api\/wp\/v2\/users\/1"}],"replies":[{"embeddable":true,"href":"https:\/\/portalv1.com.br\/api\/wp\/v2\/comments?post=13597"}],"version-history":[{"count":0,"href":"https:\/\/portalv1.com.br\/api\/wp\/v2\/posts\/13597\/revisions"}],"wp:attachment":[{"href":"https:\/\/portalv1.com.br\/api\/wp\/v2\/media?parent=13597"}],"wp:term":[{"taxonomy":"category","embeddable":true,"href":"https:\/\/portalv1.com.br\/api\/wp\/v2\/categories?post=13597"},{"taxonomy":"post_tag","embeddable":true,"href":"https:\/\/portalv1.com.br\/api\/wp\/v2\/tags?post=13597"}],"curies":[{"name":"wp","href":"https:\/\/api.w.org\/{rel}","templated":true}]}}