{"id":13638,"date":"2012-09-05T00:02:45","date_gmt":"2012-09-05T03:02:45","guid":{"rendered":"https:\/\/portalv1.com.br\/?p=13638"},"modified":"2012-09-08T08:17:46","modified_gmt":"2012-09-08T11:17:46","slug":"ministerio-publico-emite-recomendacao-aos-candidatos","status":"publish","type":"post","link":"https:\/\/portalv1.com.br\/ministerio-publico-emite-recomendacao-aos-candidatos\/","title":{"rendered":"Minist\u00e9rio Publico emite Recomenda\u00e7\u00e3o aos candidatos"},"content":{"rendered":"<figure id=\"attachment_13591\" aria-describedby=\"caption-attachment-13591\" style=\"width: 300px\" class=\"wp-caption alignright\"><a href=\"https:\/\/portalv1.com.br\/app\/wp-content\/uploads\/2012\/08\/vista-de-valen\u00e7a3.jpg\"><img loading=\"lazy\" decoding=\"async\" class=\"size-medium wp-image-13591\" title=\"vista de valen\u00e7a\" src=\"https:\/\/portalv1.com.br\/app\/wp-content\/uploads\/2012\/08\/vista-de-valen\u00e7a3-300x225.jpg\" alt=\"\" width=\"300\" height=\"225\" srcset=\"https:\/\/portalv1.com.br\/app\/wp-content\/uploads\/2012\/08\/vista-de-valen\u00e7a3-300x225.jpg 300w, https:\/\/portalv1.com.br\/app\/wp-content\/uploads\/2012\/08\/vista-de-valen\u00e7a3.jpg 450w\" sizes=\"auto, (max-width: 300px) 100vw, 300px\" \/><\/a><figcaption id=\"caption-attachment-13591\" class=\"wp-caption-text\">Vista de Valen\u00e7a<\/figcaption><\/figure>\n<p>O Minist\u00e9rio Publico eleitoral baixou duas novas recomenda\u00e7\u00f5es, que visam evitar exageros e abuso de poder nos dois eventos festivos desse m\u00eas de setembro em Valen\u00e7a. A Recomenda\u00e7\u00e3o 04 pro\u00edbe que os candidatos a prefeito, vice-prefeito e vereadores se aproveitem das comemora\u00e7\u00f5es dos 250 anos de exist\u00eancia de Valen\u00e7a para se beneficiar.<\/p>\n<p>A Recomenda\u00e7\u00e3o assinada pela promotora eleitoral Dr\u00aa Ver\u00f4nica Sales direciona a recomenda\u00e7\u00e3o aos candidatos da Coliga\u00e7\u00e3o Juventude e Experi\u00eancia a Servi\u00e7o do Povo apoiada pelo prefeito municipal.<\/p>\n<p>J\u00e1 a Recomenda\u00e7\u00e3o 07 pro\u00edbe essas condutas durante a realiza\u00e7\u00e3o da 4\u00aa Grande Vaquejada de Valen\u00e7a, que come\u00e7a nesta quinta-feira (06). O texto cita os organizadores Neto Vaqueiro e Yuri Shimamoto.<\/p>\n","protected":false},"excerpt":{"rendered":"<p>O Minist\u00e9rio Publico eleitoral baixou duas novas recomenda\u00e7\u00f5es, que visam evitar exageros e abuso de poder nos dois eventos festivos desse m\u00eas de setembro em Valen\u00e7a. A Recomenda\u00e7\u00e3o 04 pro\u00edbe&#8230;<\/p>\n","protected":false},"author":1,"featured_media":0,"comment_status":"open","ping_status":"open","sticky":false,"template":"","format":"standard","meta":{"ngg_post_thumbnail":0,"footnotes":""},"categories":[12],"tags":[],"class_list":["post-13638","post","type-post","status-publish","format-standard","hentry","category-valenca-news"],"views":946,"meta_data":{"thumb":"https:\/\/portalv1.com.br\/app\/wp-content\/uploads\/2012\/08\/vista-de-valen\u00e7a3.jpg","data":{"simple":"04\/09\/2012","date_time":"04\/09\/2012 21:02:45","date":"h\u00e1 14 anos"},"chapeu":"","source":""},"_links":{"self":[{"href":"https:\/\/portalv1.com.br\/api\/wp\/v2\/posts\/13638","targetHints":{"allow":["GET"]}}],"collection":[{"href":"https:\/\/portalv1.com.br\/api\/wp\/v2\/posts"}],"about":[{"href":"https:\/\/portalv1.com.br\/api\/wp\/v2\/types\/post"}],"author":[{"embeddable":true,"href":"https:\/\/portalv1.com.br\/api\/wp\/v2\/users\/1"}],"replies":[{"embeddable":true,"href":"https:\/\/portalv1.com.br\/api\/wp\/v2\/comments?post=13638"}],"version-history":[{"count":0,"href":"https:\/\/portalv1.com.br\/api\/wp\/v2\/posts\/13638\/revisions"}],"wp:attachment":[{"href":"https:\/\/portalv1.com.br\/api\/wp\/v2\/media?parent=13638"}],"wp:term":[{"taxonomy":"category","embeddable":true,"href":"https:\/\/portalv1.com.br\/api\/wp\/v2\/categories?post=13638"},{"taxonomy":"post_tag","embeddable":true,"href":"https:\/\/portalv1.com.br\/api\/wp\/v2\/tags?post=13638"}],"curies":[{"name":"wp","href":"https:\/\/api.w.org\/{rel}","templated":true}]}}