{"id":13680,"date":"2012-09-14T23:23:36","date_gmt":"2012-09-15T02:23:36","guid":{"rendered":"https:\/\/portalv1.com.br\/?p=13680"},"modified":"2012-09-14T23:23:36","modified_gmt":"2012-09-15T02:23:36","slug":"camara-municipal-passa-por-reforma","status":"publish","type":"post","link":"https:\/\/portalv1.com.br\/camara-municipal-passa-por-reforma\/","title":{"rendered":"C\u00e2mara Municipal passa por reforma"},"content":{"rendered":"<figure id=\"attachment_13681\" aria-describedby=\"caption-attachment-13681\" style=\"width: 300px\" class=\"wp-caption alignright\"><a href=\"https:\/\/portalv1.com.br\/app\/wp-content\/uploads\/2012\/09\/camara.jpg\"><img loading=\"lazy\" decoding=\"async\" class=\"size-medium wp-image-13681\" title=\"camara\" src=\"https:\/\/portalv1.com.br\/app\/wp-content\/uploads\/2012\/09\/camara-300x225.jpg\" alt=\"\" width=\"300\" height=\"225\" srcset=\"https:\/\/portalv1.com.br\/app\/wp-content\/uploads\/2012\/09\/camara-300x225.jpg 300w, https:\/\/portalv1.com.br\/app\/wp-content\/uploads\/2012\/09\/camara.jpg 450w\" sizes=\"auto, (max-width: 300px) 100vw, 300px\" \/><\/a><figcaption id=\"caption-attachment-13681\" class=\"wp-caption-text\">A fachada est\u00e1 recebendo uma nova pintura<\/figcaption><\/figure>\n<p>Os vereadores eleitos no pr\u00f3ximo dia 07 de outubro receber\u00e3o uma nova C\u00e2mara Municipal. O pr\u00e9dio recebe uma nova fachada mais moderna e a reforma atinge ainda as salas e gabinetes que ganharam novos espa\u00e7os e uma maior otimiza\u00e7\u00e3o. Outra medida adotada pela presidenta Ielva Mel\u00e3o foi o deslocamento para o t\u00e9rreo da tesouraria que funcionava no primeiro andar.<\/p>\n<p>A mudan\u00e7a se deu porque na pr\u00f3xima legislatura a c\u00e2mara sair\u00e1 dos atuais 09 vereadores para 11. O Espa\u00e7o Cidad\u00e3o que atende aos estudantes com computadores interligados a internet continuar\u00e1 servindo aos estudantes em suas pesquisas. Nesta segunda-feira (17) os vereadores de Valen\u00e7a voltam a se reunir em Sess\u00e3o Ordin\u00e1ria \u00e0s 20h.<\/p>\n","protected":false},"excerpt":{"rendered":"<p>Os vereadores eleitos no pr\u00f3ximo dia 07 de outubro receber\u00e3o uma nova C\u00e2mara Municipal. O pr\u00e9dio recebe uma nova fachada mais moderna e a reforma atinge ainda as salas e&#8230;<\/p>\n","protected":false},"author":1,"featured_media":0,"comment_status":"open","ping_status":"open","sticky":false,"template":"","format":"standard","meta":{"ngg_post_thumbnail":0,"footnotes":""},"categories":[243],"tags":[],"class_list":["post-13680","post","type-post","status-publish","format-standard","hentry","category-geral"],"views":581,"meta_data":{"thumb":"https:\/\/portalv1.com.br\/app\/wp-content\/uploads\/2012\/09\/camara.jpg","data":{"simple":"14\/09\/2012","date_time":"14\/09\/2012 20:23:36","date":"h\u00e1 14 anos"},"chapeu":"","source":""},"_links":{"self":[{"href":"https:\/\/portalv1.com.br\/api\/wp\/v2\/posts\/13680","targetHints":{"allow":["GET"]}}],"collection":[{"href":"https:\/\/portalv1.com.br\/api\/wp\/v2\/posts"}],"about":[{"href":"https:\/\/portalv1.com.br\/api\/wp\/v2\/types\/post"}],"author":[{"embeddable":true,"href":"https:\/\/portalv1.com.br\/api\/wp\/v2\/users\/1"}],"replies":[{"embeddable":true,"href":"https:\/\/portalv1.com.br\/api\/wp\/v2\/comments?post=13680"}],"version-history":[{"count":0,"href":"https:\/\/portalv1.com.br\/api\/wp\/v2\/posts\/13680\/revisions"}],"wp:attachment":[{"href":"https:\/\/portalv1.com.br\/api\/wp\/v2\/media?parent=13680"}],"wp:term":[{"taxonomy":"category","embeddable":true,"href":"https:\/\/portalv1.com.br\/api\/wp\/v2\/categories?post=13680"},{"taxonomy":"post_tag","embeddable":true,"href":"https:\/\/portalv1.com.br\/api\/wp\/v2\/tags?post=13680"}],"curies":[{"name":"wp","href":"https:\/\/api.w.org\/{rel}","templated":true}]}}