{"id":13683,"date":"2012-09-16T17:20:28","date_gmt":"2012-09-16T20:20:28","guid":{"rendered":"https:\/\/portalv1.com.br\/?p=13683"},"modified":"2012-09-16T17:29:14","modified_gmt":"2012-09-16T20:29:14","slug":"natural-de-ipiranga-dona-da-lili-doces-morre-em-acidente","status":"publish","type":"post","link":"https:\/\/portalv1.com.br\/natural-de-ipiranga-dona-da-lili-doces-morre-em-acidente\/","title":{"rendered":"Dona da Fabrica Lili Doces de Ipiranga morre em acidente"},"content":{"rendered":"<figure id=\"attachment_13684\" aria-describedby=\"caption-attachment-13684\" style=\"width: 300px\" class=\"wp-caption alignright\"><a href=\"https:\/\/portalv1.com.br\/app\/wp-content\/uploads\/2012\/09\/Lilip.jpg\"><img loading=\"lazy\" decoding=\"async\" class=\"size-medium wp-image-13684\" title=\"Lilip\" src=\"https:\/\/portalv1.com.br\/app\/wp-content\/uploads\/2012\/09\/Lilip-300x225.jpg\" alt=\"\" width=\"300\" height=\"225\" srcset=\"https:\/\/portalv1.com.br\/app\/wp-content\/uploads\/2012\/09\/Lilip-300x225.jpg 300w, https:\/\/portalv1.com.br\/app\/wp-content\/uploads\/2012\/09\/Lilip.jpg 450w\" sizes=\"auto, (max-width: 300px) 100vw, 300px\" \/><\/a><figcaption id=\"caption-attachment-13684\" class=\"wp-caption-text\">O acidente aconteceu na manh\u00e3 deste domingo (16), na BR-230, pr\u00f3ximo ao munic\u00edpio de S\u00e3o Jo\u00e3o da Varjota<\/figcaption><\/figure>\n<p>A propriet\u00e1ria da Lili Doce, Elizabeth S\u00e1 Lopes, 70 anos, morreu v\u00edtima de um acidente na manh\u00e3 deste domingo (16), na BR-230, pr\u00f3ximo ao munic\u00edpio de S\u00e3o Jo\u00e3o da Varjota. Elizabeth \u00e9 irm\u00e3 do ex-prefeito de Oeiras, B.S\u00e1.<\/p>\n<p>Lili, como era mais conhecida, seguia para a cidade de Ipiranga, em companhia do seu esposo Zeno Lopes, que conduzia o ve\u00edculo, uma Pick UP Frontier. Segundo a Pol\u00edcia Rodovi\u00e1ria Federal (PRF), uma carreta teria ficado sem combust\u00edvel e parado no acostamento e o condutor da Frontier colidiu com a traseira da carreta.<\/p>\n<p>&#8220;O acidente foi registrado \u00e0s 6h10. Nesse hor\u00e1rio a luz do sol ofusca a vis\u00e3o e provavelmente foi isso que aconteceu com o motorista da Frontier que bateu na carreta parada no acostamento. Mas, tudo ainda ser\u00e1 investigado&#8221;, disse o inspetor Raimundo Rameiro.<\/p>\n<p>A v\u00edtima morreu ainda no local e ficou com o corpo preso \u00e0s ferragens. O marido sofreu algumas escoria\u00e7\u00f5es e um corte profundo na cabe\u00e7a. Ele est\u00e1 internado no Hospital Bom Jesus dos Passos, fora de perigo.<\/p>\n<p>Elizabeth de Carvalho S\u00e1 Lopes deixa tr\u00eas filhos: Jos\u00e9 Raimundo, Henrique Jos\u00e9 e Maria Isabel.\u00a0O vel\u00f3rio acontecer\u00e1 na resid\u00eancia da fam\u00edlia, situada a Avenida Rui Barbosa, pr\u00f3ximo ao Gin\u00e1sio Santaninha. O sepultamento est\u00e1 programado para a manh\u00e3 desta segunda-feira, 17.<\/p>\n<p>empres\u00e1rio Zeno Lopes, esposo de Elizabeth S\u00e1 Lopes, foi submetido a uma bateria de exames e est\u00e1 fora de perigo. O filho do casal, Henrique Jos\u00e9 de S\u00e1 Lopes, explica como aconteceu o acidente. &#8220;Meu pai estava dirigindo. Tinha duas carretas paradas praticamente na metade da pista e outra vinha no sentido contr\u00e1rio. Ele acabou sendo cegado pelo sol, ficou imprensado entre as carretas e acabou batendo&#8221;, descreve.<\/p>\n<p>A fam\u00edlia aguarda a chegada de familiares de Belo Horizonte (MG). O sepultamento da empres\u00e1ria deve ocorrer \u00e0s 8h no Cemit\u00e9rio Municipal de Oeiras.<\/p>\n<p>Fonte: cidadeverder<\/p>\n","protected":false},"excerpt":{"rendered":"<p>A propriet\u00e1ria da Lili Doce, Elizabeth S\u00e1 Lopes, 70 anos, morreu v\u00edtima de um acidente na manh\u00e3 deste domingo (16), na BR-230, pr\u00f3ximo ao munic\u00edpio de S\u00e3o Jo\u00e3o da Varjota&#8230;.<\/p>\n","protected":false},"author":1,"featured_media":0,"comment_status":"open","ping_status":"open","sticky":false,"template":"","format":"standard","meta":{"ngg_post_thumbnail":0,"footnotes":""},"categories":[243],"tags":[],"class_list":["post-13683","post","type-post","status-publish","format-standard","hentry","category-geral"],"views":3378,"meta_data":{"thumb":"https:\/\/portalv1.com.br\/app\/wp-content\/uploads\/2012\/09\/Lilip.jpg","data":{"simple":"16\/09\/2012","date_time":"16\/09\/2012 14:20:28","date":"h\u00e1 14 anos"},"chapeu":"","source":""},"_links":{"self":[{"href":"https:\/\/portalv1.com.br\/api\/wp\/v2\/posts\/13683","targetHints":{"allow":["GET"]}}],"collection":[{"href":"https:\/\/portalv1.com.br\/api\/wp\/v2\/posts"}],"about":[{"href":"https:\/\/portalv1.com.br\/api\/wp\/v2\/types\/post"}],"author":[{"embeddable":true,"href":"https:\/\/portalv1.com.br\/api\/wp\/v2\/users\/1"}],"replies":[{"embeddable":true,"href":"https:\/\/portalv1.com.br\/api\/wp\/v2\/comments?post=13683"}],"version-history":[{"count":0,"href":"https:\/\/portalv1.com.br\/api\/wp\/v2\/posts\/13683\/revisions"}],"wp:attachment":[{"href":"https:\/\/portalv1.com.br\/api\/wp\/v2\/media?parent=13683"}],"wp:term":[{"taxonomy":"category","embeddable":true,"href":"https:\/\/portalv1.com.br\/api\/wp\/v2\/categories?post=13683"},{"taxonomy":"post_tag","embeddable":true,"href":"https:\/\/portalv1.com.br\/api\/wp\/v2\/tags?post=13683"}],"curies":[{"name":"wp","href":"https:\/\/api.w.org\/{rel}","templated":true}]}}