{"id":136993,"date":"2022-12-27T22:18:26","date_gmt":"2022-12-28T01:18:26","guid":{"rendered":"https:\/\/portalv1.com.br\/?p=136993"},"modified":"2022-12-27T22:18:26","modified_gmt":"2022-12-28T01:18:26","slug":"alepi-aprova-aumento-de-salario-do-governador-secretarios-e-deputados","status":"publish","type":"post","link":"https:\/\/portalv1.com.br\/alepi-aprova-aumento-de-salario-do-governador-secretarios-e-deputados\/","title":{"rendered":"Alepi aprova aumento de sal\u00e1rio do governador, secret\u00e1rios e deputados"},"content":{"rendered":"<p>A Assembleia Legislativa do Piau\u00ed (Alepi) aprovou nesta ter\u00e7a-feira (27) o Projeto de Lei (PL) que aumenta os sal\u00e1rios do governador, vice, deputados estaduais e secret\u00e1rios de estado. O reajuste ser\u00e1 escalonado em quatro porcentuais.<\/p>\n<p>O primeiro incremento entrar\u00e1 em vigor a partir do dia primeiro de janeiro de 2023 (R$ 29,4 mil), a segunda no dia primeiro de abril de 2023 (31,2 mil), a terceira no dia primeiro de fevereiro de 2024 (33 mil) e a quarta no dia primeiro de fevereiro de 2025 (R$ 34 mil)<\/p>\n<p>O aumento dos sal\u00e1rios no Piau\u00ed \u00e9 resultado de um \u201cefeito cascata\u201d, ap\u00f3s o Senado aprovar um decreto legislativo estabelecendo o aumento dos subs\u00eddios para membros do Congresso Nacional, presidente, vice e ministros de Estado.<\/p>\n<p>Fonte: cidadeverde.com<\/p>\n","protected":false},"excerpt":{"rendered":"<p>A Assembleia Legislativa do Piau\u00ed (Alepi) aprovou nesta ter\u00e7a-feira (27) o Projeto de Lei (PL) que aumenta os sal\u00e1rios do governador, vice, deputados estaduais e secret\u00e1rios de estado. O reajuste&#8230;<\/p>\n","protected":false},"author":1,"featured_media":113530,"comment_status":"open","ping_status":"open","sticky":false,"template":"","format":"standard","meta":{"ngg_post_thumbnail":0,"footnotes":""},"categories":[243],"tags":[],"class_list":["post-136993","post","type-post","status-publish","format-standard","has-post-thumbnail","hentry","category-geral"],"views":114,"meta_data":{"thumb":"https:\/\/portalv1.com.br\/app\/wp-content\/uploads\/2022\/03\/assembleia.jpg","imagem":{"fullsize":{"url":"https:\/\/portalv1.com.br\/app\/wp-content\/uploads\/2022\/03\/assembleia.jpg","width":800,"height":507},"medium":{"url":"https:\/\/portalv1.com.br\/app\/wp-content\/uploads\/2022\/03\/assembleia-300x190.jpg","width":300,"height":190},"large":{"url":"https:\/\/portalv1.com.br\/app\/wp-content\/uploads\/2022\/03\/assembleia-640x406.jpg","width":640,"height":406},"thumbnail":{"url":"https:\/\/portalv1.com.br\/app\/wp-content\/uploads\/2022\/03\/assembleia-100x100.jpg","width":100,"height":100},"medium_large":{"url":"https:\/\/portalv1.com.br\/app\/wp-content\/uploads\/2022\/03\/assembleia-768x487.jpg","width":768,"height":487}},"data":{"simple":"27\/12\/2022","date_time":"27\/12\/2022 19:18:26","date":"h\u00e1 3 anos"},"chapeu":"Veja detalhes ","source":"m_destacada"},"_links":{"self":[{"href":"https:\/\/portalv1.com.br\/api\/wp\/v2\/posts\/136993","targetHints":{"allow":["GET"]}}],"collection":[{"href":"https:\/\/portalv1.com.br\/api\/wp\/v2\/posts"}],"about":[{"href":"https:\/\/portalv1.com.br\/api\/wp\/v2\/types\/post"}],"author":[{"embeddable":true,"href":"https:\/\/portalv1.com.br\/api\/wp\/v2\/users\/1"}],"replies":[{"embeddable":true,"href":"https:\/\/portalv1.com.br\/api\/wp\/v2\/comments?post=136993"}],"version-history":[{"count":0,"href":"https:\/\/portalv1.com.br\/api\/wp\/v2\/posts\/136993\/revisions"}],"wp:featuredmedia":[{"embeddable":true,"href":"https:\/\/portalv1.com.br\/api\/wp\/v2\/media\/113530"}],"wp:attachment":[{"href":"https:\/\/portalv1.com.br\/api\/wp\/v2\/media?parent=136993"}],"wp:term":[{"taxonomy":"category","embeddable":true,"href":"https:\/\/portalv1.com.br\/api\/wp\/v2\/categories?post=136993"},{"taxonomy":"post_tag","embeddable":true,"href":"https:\/\/portalv1.com.br\/api\/wp\/v2\/tags?post=136993"}],"curies":[{"name":"wp","href":"https:\/\/api.w.org\/{rel}","templated":true}]}}