{"id":137233,"date":"2023-01-09T15:55:13","date_gmt":"2023-01-09T18:55:13","guid":{"rendered":"https:\/\/portalv1.com.br\/?p=137233"},"modified":"2023-01-09T15:55:13","modified_gmt":"2023-01-09T18:55:13","slug":"policia-civil-prende-suspeito-de-homicidio-em-lagoa-do-sitio","status":"publish","type":"post","link":"https:\/\/portalv1.com.br\/policia-civil-prende-suspeito-de-homicidio-em-lagoa-do-sitio\/","title":{"rendered":"Pol\u00edcia Civil prende suspeito de homic\u00eddio em Lagoa do Sitio"},"content":{"rendered":"<figure id=\"attachment_65198\" aria-describedby=\"caption-attachment-65198\" style=\"width: 600px\" class=\"wp-caption aligncenter\"><a href=\"https:\/\/portalv1.com.br\/app\/wp-content\/uploads\/2018\/11\/delegacia-de-valenca.jpg\"><img loading=\"lazy\" decoding=\"async\" class=\"size-full wp-image-65198\" src=\"https:\/\/portalv1.com.br\/app\/wp-content\/uploads\/2018\/11\/delegacia-de-valenca.jpg\" alt=\"\" width=\"600\" height=\"450\" srcset=\"https:\/\/portalv1.com.br\/app\/wp-content\/uploads\/2018\/11\/delegacia-de-valenca.jpg 600w, https:\/\/portalv1.com.br\/app\/wp-content\/uploads\/2018\/11\/delegacia-de-valenca-300x225.jpg 300w\" sizes=\"auto, (max-width: 600px) 100vw, 600px\" \/><\/a><figcaption id=\"caption-attachment-65198\" class=\"wp-caption-text\">Delegacia de Valen\u00e7a<\/figcaption><\/figure>\n<p>A Pol\u00edcia Civil do Estado do Piau\u00ed, por meio da Delegacia Regional de Valen\u00e7a do Piau\u00ed, efetuou na manh\u00e3 de hoje (09), a pris\u00e3o de um homem das iniciais F.O.V.S, suspeito da pr\u00e1tica de crime de homic\u00eddio ocorrido na madrugada do \u00faltimo dia 31 de dezembro na cidade de Lagoa do S\u00edtio.<\/p>\n<p>A v\u00edtima&nbsp; participava de uma festa que ocorria num bar do bairro Angico, quando, por volta de 01h da madrugada apareceu sangrando, correndo com a m\u00e3o no peito na frente das pessoas que estavam na festa at\u00e9 cair \u00e0 margem da via, vindo a \u00f3bito.<\/p>\n<p>O corpo somente foi encontrado durante o per\u00edodo da manh\u00e3, por uma moradora que varria a frente da sua resid\u00eancia, h\u00e1 245 metros do local da festa.<\/p>\n<p>De acordo com a Policia Civil no trabalho de investiga\u00e7\u00e3o, foi poss\u00edvel reunir ind\u00edcios suficientes de autoria, sendo que o autor tamb\u00e9m estava na festa e se aproveitando do estado de embriagues da v\u00edtima o levou at\u00e9 pr\u00f3ximo o cemit\u00e9rio do local e desferiu o golpe de faca.<\/p>\n<p>Ainda segundo a Policia Civil depois o suspeito, retornou ao bar, pegou seu capacete e se evadiu do local como se nada tivesse acontecido. &nbsp;A motiva\u00e7\u00e3o segundo a investiga\u00e7\u00e3o aponta para uma amea\u00e7a feita pela v\u00edtima ao autor pela compra de uma espingarda.<\/p>\n<p>Com os ind\u00edcios, a Pol\u00edcia Civil representou junto ao Poder Judici\u00e1rio pela pris\u00e3o preventiva do suspeito, tendo sido concedido o pedido, com a expedi\u00e7\u00e3o do mandado de pris\u00e3o que foi conclu\u00eddo nesta segunda-feira (9), quando o suspeito compareceu a delegacia para ser ouvido em outro procedimento. Com a pris\u00e3o do suspeito, a Policia Civil deve trabalhar para concluir o inqu\u00e9rito com novos depoimentos e at\u00e9 acarea\u00e7\u00f5es.<\/p>\n","protected":false},"excerpt":{"rendered":"<p>A Pol\u00edcia Civil do Estado do Piau\u00ed, por meio da Delegacia Regional de Valen\u00e7a do Piau\u00ed, efetuou na manh\u00e3 de hoje (09), a pris\u00e3o de um homem das iniciais F.O.V.S,&#8230;<\/p>\n","protected":false},"author":1,"featured_media":65198,"comment_status":"open","ping_status":"open","sticky":false,"template":"","format":"standard","meta":{"ngg_post_thumbnail":0,"footnotes":""},"categories":[243],"tags":[],"class_list":["post-137233","post","type-post","status-publish","format-standard","has-post-thumbnail","hentry","category-geral"],"views":1235,"meta_data":{"thumb":"https:\/\/portalv1.com.br\/app\/wp-content\/uploads\/2018\/11\/delegacia-de-valenca.jpg","imagem":{"fullsize":{"url":"https:\/\/portalv1.com.br\/app\/wp-content\/uploads\/2018\/11\/delegacia-de-valenca.jpg","width":600,"height":450},"thumbnail":{"url":"https:\/\/portalv1.com.br\/app\/wp-content\/uploads\/2018\/11\/delegacia-de-valenca-100x100.jpg","width":100,"height":100},"medium":{"url":"https:\/\/portalv1.com.br\/app\/wp-content\/uploads\/2018\/11\/delegacia-de-valenca-300x225.jpg","width":300,"height":225}},"data":{"simple":"09\/01\/2023","date_time":"09\/01\/2023 12:55:13","date":"h\u00e1 3 anos"},"chapeu":"Veja detalhes ","source":"slide"},"_links":{"self":[{"href":"https:\/\/portalv1.com.br\/api\/wp\/v2\/posts\/137233","targetHints":{"allow":["GET"]}}],"collection":[{"href":"https:\/\/portalv1.com.br\/api\/wp\/v2\/posts"}],"about":[{"href":"https:\/\/portalv1.com.br\/api\/wp\/v2\/types\/post"}],"author":[{"embeddable":true,"href":"https:\/\/portalv1.com.br\/api\/wp\/v2\/users\/1"}],"replies":[{"embeddable":true,"href":"https:\/\/portalv1.com.br\/api\/wp\/v2\/comments?post=137233"}],"version-history":[{"count":0,"href":"https:\/\/portalv1.com.br\/api\/wp\/v2\/posts\/137233\/revisions"}],"wp:featuredmedia":[{"embeddable":true,"href":"https:\/\/portalv1.com.br\/api\/wp\/v2\/media\/65198"}],"wp:attachment":[{"href":"https:\/\/portalv1.com.br\/api\/wp\/v2\/media?parent=137233"}],"wp:term":[{"taxonomy":"category","embeddable":true,"href":"https:\/\/portalv1.com.br\/api\/wp\/v2\/categories?post=137233"},{"taxonomy":"post_tag","embeddable":true,"href":"https:\/\/portalv1.com.br\/api\/wp\/v2\/tags?post=137233"}],"curies":[{"name":"wp","href":"https:\/\/api.w.org\/{rel}","templated":true}]}}