{"id":137294,"date":"2023-01-11T12:10:16","date_gmt":"2023-01-11T15:10:16","guid":{"rendered":"https:\/\/portalv1.com.br\/?p=137294"},"modified":"2023-01-11T12:13:18","modified_gmt":"2023-01-11T15:13:18","slug":"nova-diretoria-da-apae-valenca-foi-empossada","status":"publish","type":"post","link":"https:\/\/portalv1.com.br\/nova-diretoria-da-apae-valenca-foi-empossada\/","title":{"rendered":"Nova Diretoria da APAE Valen\u00e7a foi empossada"},"content":{"rendered":"<p>A solenidade de posse da nova Diretoria da Associa\u00e7\u00e3o de Pais e Amigos dos Excepcionais de Valen\u00e7a do Piau\u00ed foi realizada nessa ter\u00e7a-feira, 10 de janeiro, na sede que fica localizada no bairro Novo Horizonte.<\/p>\n<p>Foram empossados para tri\u00eanio 2023\/2025, Cleide Maria Ribeiro (presidenta), Larisse Martins (vice-presidente), Fran Martins (coordenadora) e a diretora Eliane Sousa Soares de Almeida.<\/p>\n<p>A solenidade contou com a presen\u00e7a dos colaboradores, assistidos pela institui\u00e7\u00e3o, incentivadores da Apae e da presidenta da Federa\u00e7\u00e3o Estadual das Apaes do Piau\u00ed Keyla Linez, que parabenizou a diretoria empossada, assim como a diretoria anterior formada pelos irm\u00e3os Roberto Martins e Dr. Jos\u00e9 Lu\u00eds Martins presidente e vice-presidente respectivamente.<\/p>\n<div class=\"ngg-galleryoverview\" id=\"1\">\n                    <div data-widget=\"Galeria\" data-props=\"{&quot;galeria&quot;:{&quot;max_page&quot;:1,&quot;total&quot;:14,&quot;gallery_id&quot;:1,&quot;images&quot;:[{&quot;thumbcode&quot;:&quot;https:\\\/\\\/portalv1.com.br\\\/app\\\/wp-content\\\/uploads\\\/2023\\\/01\\\/1a435317-83f5-4d12-976a-360f43cc577d-Copy-400x250.jpg&quot;,&quot;imageURL&quot;:&quot;https:\\\/\\\/portalv1.com.br\\\/app\\\/wp-content\\\/uploads\\\/2023\\\/01\\\/1a435317-83f5-4d12-976a-360f43cc577d-Copy.jpg&quot;,&quot;pid&quot;:137295,&quot;galleryid&quot;:1,&quot;description&quot;:&quot;&quot;,&quot;alttext&quot;:&quot;Nova Diretoria da APAE Valen\\u00e7a foi empossada&quot;,&quot;thumbnailURL&quot;:&quot;https:\\\/\\\/portalv1.com.br\\\/app\\\/wp-content\\\/uploads\\\/2023\\\/01\\\/1a435317-83f5-4d12-976a-360f43cc577d-Copy-400x250.jpg&quot;,&quot;style&quot;:&quot;&quot;},{&quot;thumbcode&quot;:&quot;https:\\\/\\\/portalv1.com.br\\\/app\\\/wp-content\\\/uploads\\\/2023\\\/01\\\/1da0c881-b464-4d87-8e76-86d0721480ac-Copy-400x250.jpg&quot;,&quot;imageURL&quot;:&quot;https:\\\/\\\/portalv1.com.br\\\/app\\\/wp-content\\\/uploads\\\/2023\\\/01\\\/1da0c881-b464-4d87-8e76-86d0721480ac-Copy.jpg&quot;,&quot;pid&quot;:137296,&quot;galleryid&quot;:1,&quot;description&quot;:&quot;&quot;,&quot;alttext&quot;:&quot;Nova Diretoria da APAE Valen\\u00e7a foi empossada&quot;,&quot;thumbnailURL&quot;:&quot;https:\\\/\\\/portalv1.com.br\\\/app\\\/wp-content\\\/uploads\\\/2023\\\/01\\\/1da0c881-b464-4d87-8e76-86d0721480ac-Copy-400x250.jpg&quot;,&quot;style&quot;:&quot;&quot;},{&quot;thumbcode&quot;:&quot;https:\\\/\\\/portalv1.com.br\\\/app\\\/wp-content\\\/uploads\\\/2023\\\/01\\\/7e45b900-39b3-4f0d-bcd5-b37ce121bc20-Copy-400x250.jpg&quot;,&quot;imageURL&quot;:&quot;https:\\\/\\\/portalv1.com.br\\\/app\\\/wp-content\\\/uploads\\\/2023\\\/01\\\/7e45b900-39b3-4f0d-bcd5-b37ce121bc20-Copy.jpg&quot;,&quot;pid&quot;:137297,&quot;galleryid&quot;:1,&quot;description&quot;:&quot;&quot;,&quot;alttext&quot;:&quot;Nova Diretoria da APAE Valen\\u00e7a foi empossada&quot;,&quot;thumbnailURL&quot;:&quot;https:\\\/\\\/portalv1.com.br\\\/app\\\/wp-content\\\/uploads\\\/2023\\\/01\\\/7e45b900-39b3-4f0d-bcd5-b37ce121bc20-Copy-400x250.jpg&quot;,&quot;style&quot;:&quot;&quot;},{&quot;thumbcode&quot;:&quot;https:\\\/\\\/portalv1.com.br\\\/app\\\/wp-content\\\/uploads\\\/2023\\\/01\\\/9dfcda2c-810d-4181-9669-dac1c04d5e86-Copy-400x250.jpg&quot;,&quot;imageURL&quot;:&quot;https:\\\/\\\/portalv1.com.br\\\/app\\\/wp-content\\\/uploads\\\/2023\\\/01\\\/9dfcda2c-810d-4181-9669-dac1c04d5e86-Copy.jpg&quot;,&quot;pid&quot;:137298,&quot;galleryid&quot;:1,&quot;description&quot;:&quot;&quot;,&quot;alttext&quot;:&quot;Nova Diretoria da APAE Valen\\u00e7a foi empossada&quot;,&quot;thumbnailURL&quot;:&quot;https:\\\/\\\/portalv1.com.br\\\/app\\\/wp-content\\\/uploads\\\/2023\\\/01\\\/9dfcda2c-810d-4181-9669-dac1c04d5e86-Copy-400x250.jpg&quot;,&quot;style&quot;:&quot;&quot;},{&quot;thumbcode&quot;:&quot;https:\\\/\\\/portalv1.com.br\\\/app\\\/wp-content\\\/uploads\\\/2023\\\/01\\\/13b730cc-7a47-4ad8-9547-b4e09fe80190-Copy-400x250.jpg&quot;,&quot;imageURL&quot;:&quot;https:\\\/\\\/portalv1.com.br\\\/app\\\/wp-content\\\/uploads\\\/2023\\\/01\\\/13b730cc-7a47-4ad8-9547-b4e09fe80190-Copy.jpg&quot;,&quot;pid&quot;:137299,&quot;galleryid&quot;:1,&quot;description&quot;:&quot;&quot;,&quot;alttext&quot;:&quot;Nova Diretoria da APAE Valen\\u00e7a foi empossada&quot;,&quot;thumbnailURL&quot;:&quot;https:\\\/\\\/portalv1.com.br\\\/app\\\/wp-content\\\/uploads\\\/2023\\\/01\\\/13b730cc-7a47-4ad8-9547-b4e09fe80190-Copy-400x250.jpg&quot;,&quot;style&quot;:&quot;&quot;},{&quot;thumbcode&quot;:&quot;https:\\\/\\\/portalv1.com.br\\\/app\\\/wp-content\\\/uploads\\\/2023\\\/01\\\/41f742b3-4b43-404b-a0cf-eca0cfb247d3-Copy-400x250.jpg&quot;,&quot;imageURL&quot;:&quot;https:\\\/\\\/portalv1.com.br\\\/app\\\/wp-content\\\/uploads\\\/2023\\\/01\\\/41f742b3-4b43-404b-a0cf-eca0cfb247d3-Copy.jpg&quot;,&quot;pid&quot;:137300,&quot;galleryid&quot;:1,&quot;description&quot;:&quot;&quot;,&quot;alttext&quot;:&quot;Nova Diretoria da APAE Valen\\u00e7a foi empossada&quot;,&quot;thumbnailURL&quot;:&quot;https:\\\/\\\/portalv1.com.br\\\/app\\\/wp-content\\\/uploads\\\/2023\\\/01\\\/41f742b3-4b43-404b-a0cf-eca0cfb247d3-Copy-400x250.jpg&quot;,&quot;style&quot;:&quot;&quot;},{&quot;thumbcode&quot;:&quot;https:\\\/\\\/portalv1.com.br\\\/app\\\/wp-content\\\/uploads\\\/2023\\\/01\\\/187ed011-3292-4f13-b9fa-0da2f0ff861c-Copy-400x250.jpg&quot;,&quot;imageURL&quot;:&quot;https:\\\/\\\/portalv1.com.br\\\/app\\\/wp-content\\\/uploads\\\/2023\\\/01\\\/187ed011-3292-4f13-b9fa-0da2f0ff861c-Copy.jpg&quot;,&quot;pid&quot;:137301,&quot;galleryid&quot;:1,&quot;description&quot;:&quot;&quot;,&quot;alttext&quot;:&quot;Nova Diretoria da APAE Valen\\u00e7a foi empossada&quot;,&quot;thumbnailURL&quot;:&quot;https:\\\/\\\/portalv1.com.br\\\/app\\\/wp-content\\\/uploads\\\/2023\\\/01\\\/187ed011-3292-4f13-b9fa-0da2f0ff861c-Copy-400x250.jpg&quot;,&quot;style&quot;:&quot;&quot;},{&quot;thumbcode&quot;:&quot;https:\\\/\\\/portalv1.com.br\\\/app\\\/wp-content\\\/uploads\\\/2023\\\/01\\\/703ea1d6-ce4f-4f98-8a12-6192a6fe7cde-Copy-400x250.jpg&quot;,&quot;imageURL&quot;:&quot;https:\\\/\\\/portalv1.com.br\\\/app\\\/wp-content\\\/uploads\\\/2023\\\/01\\\/703ea1d6-ce4f-4f98-8a12-6192a6fe7cde-Copy.jpg&quot;,&quot;pid&quot;:137302,&quot;galleryid&quot;:1,&quot;description&quot;:&quot;&quot;,&quot;alttext&quot;:&quot;Nova Diretoria da APAE Valen\\u00e7a foi empossada&quot;,&quot;thumbnailURL&quot;:&quot;https:\\\/\\\/portalv1.com.br\\\/app\\\/wp-content\\\/uploads\\\/2023\\\/01\\\/703ea1d6-ce4f-4f98-8a12-6192a6fe7cde-Copy-400x250.jpg&quot;,&quot;style&quot;:&quot;&quot;},{&quot;thumbcode&quot;:&quot;https:\\\/\\\/portalv1.com.br\\\/app\\\/wp-content\\\/uploads\\\/2023\\\/01\\\/885ca4e7-2c3c-4036-bd50-4645f4af8239-Copy-400x250.jpg&quot;,&quot;imageURL&quot;:&quot;https:\\\/\\\/portalv1.com.br\\\/app\\\/wp-content\\\/uploads\\\/2023\\\/01\\\/885ca4e7-2c3c-4036-bd50-4645f4af8239-Copy.jpg&quot;,&quot;pid&quot;:137303,&quot;galleryid&quot;:1,&quot;description&quot;:&quot;&quot;,&quot;alttext&quot;:&quot;Nova Diretoria da APAE Valen\\u00e7a foi empossada&quot;,&quot;thumbnailURL&quot;:&quot;https:\\\/\\\/portalv1.com.br\\\/app\\\/wp-content\\\/uploads\\\/2023\\\/01\\\/885ca4e7-2c3c-4036-bd50-4645f4af8239-Copy-400x250.jpg&quot;,&quot;style&quot;:&quot;&quot;},{&quot;thumbcode&quot;:&quot;https:\\\/\\\/portalv1.com.br\\\/app\\\/wp-content\\\/uploads\\\/2023\\\/01\\\/cb43ae3a-66ef-4bfb-a9d4-48f69dfc5f84-Copy-400x250.jpg&quot;,&quot;imageURL&quot;:&quot;https:\\\/\\\/portalv1.com.br\\\/app\\\/wp-content\\\/uploads\\\/2023\\\/01\\\/cb43ae3a-66ef-4bfb-a9d4-48f69dfc5f84-Copy.jpg&quot;,&quot;pid&quot;:137304,&quot;galleryid&quot;:1,&quot;description&quot;:&quot;&quot;,&quot;alttext&quot;:&quot;Nova Diretoria da APAE Valen\\u00e7a foi empossada&quot;,&quot;thumbnailURL&quot;:&quot;https:\\\/\\\/portalv1.com.br\\\/app\\\/wp-content\\\/uploads\\\/2023\\\/01\\\/cb43ae3a-66ef-4bfb-a9d4-48f69dfc5f84-Copy-400x250.jpg&quot;,&quot;style&quot;:&quot;&quot;},{&quot;thumbcode&quot;:&quot;https:\\\/\\\/portalv1.com.br\\\/app\\\/wp-content\\\/uploads\\\/2023\\\/01\\\/d5d67595-1aef-445d-a26d-9c223a6ac277-Copy-400x250.jpg&quot;,&quot;imageURL&quot;:&quot;https:\\\/\\\/portalv1.com.br\\\/app\\\/wp-content\\\/uploads\\\/2023\\\/01\\\/d5d67595-1aef-445d-a26d-9c223a6ac277-Copy.jpg&quot;,&quot;pid&quot;:137305,&quot;galleryid&quot;:1,&quot;description&quot;:&quot;&quot;,&quot;alttext&quot;:&quot;Nova Diretoria da APAE Valen\\u00e7a foi empossada&quot;,&quot;thumbnailURL&quot;:&quot;https:\\\/\\\/portalv1.com.br\\\/app\\\/wp-content\\\/uploads\\\/2023\\\/01\\\/d5d67595-1aef-445d-a26d-9c223a6ac277-Copy-400x250.jpg&quot;,&quot;style&quot;:&quot;&quot;},{&quot;thumbcode&quot;:&quot;https:\\\/\\\/portalv1.com.br\\\/app\\\/wp-content\\\/uploads\\\/2023\\\/01\\\/d58d0fa5-7fa9-4e39-950e-9bbac12d0300-Copy-400x250.jpg&quot;,&quot;imageURL&quot;:&quot;https:\\\/\\\/portalv1.com.br\\\/app\\\/wp-content\\\/uploads\\\/2023\\\/01\\\/d58d0fa5-7fa9-4e39-950e-9bbac12d0300-Copy.jpg&quot;,&quot;pid&quot;:137306,&quot;galleryid&quot;:1,&quot;description&quot;:&quot;&quot;,&quot;alttext&quot;:&quot;Nova Diretoria da APAE Valen\\u00e7a foi empossada&quot;,&quot;thumbnailURL&quot;:&quot;https:\\\/\\\/portalv1.com.br\\\/app\\\/wp-content\\\/uploads\\\/2023\\\/01\\\/d58d0fa5-7fa9-4e39-950e-9bbac12d0300-Copy-400x250.jpg&quot;,&quot;style&quot;:&quot;&quot;},{&quot;thumbcode&quot;:&quot;https:\\\/\\\/portalv1.com.br\\\/app\\\/wp-content\\\/uploads\\\/2023\\\/01\\\/deead9cc-04f3-4d1c-bcd3-4b1ed85e9b9c-Copy-400x250.jpg&quot;,&quot;imageURL&quot;:&quot;https:\\\/\\\/portalv1.com.br\\\/app\\\/wp-content\\\/uploads\\\/2023\\\/01\\\/deead9cc-04f3-4d1c-bcd3-4b1ed85e9b9c-Copy.jpg&quot;,&quot;pid&quot;:137307,&quot;galleryid&quot;:1,&quot;description&quot;:&quot;&quot;,&quot;alttext&quot;:&quot;Nova Diretoria da APAE Valen\\u00e7a foi empossada&quot;,&quot;thumbnailURL&quot;:&quot;https:\\\/\\\/portalv1.com.br\\\/app\\\/wp-content\\\/uploads\\\/2023\\\/01\\\/deead9cc-04f3-4d1c-bcd3-4b1ed85e9b9c-Copy-400x250.jpg&quot;,&quot;style&quot;:&quot;&quot;},{&quot;thumbcode&quot;:&quot;https:\\\/\\\/portalv1.com.br\\\/app\\\/wp-content\\\/uploads\\\/2023\\\/01\\\/ede4615a-b6ba-4c27-8d8c-1cc2ea9676b2-Copy-400x250.jpg&quot;,&quot;imageURL&quot;:&quot;https:\\\/\\\/portalv1.com.br\\\/app\\\/wp-content\\\/uploads\\\/2023\\\/01\\\/ede4615a-b6ba-4c27-8d8c-1cc2ea9676b2-Copy.jpg&quot;,&quot;pid&quot;:137308,&quot;galleryid&quot;:1,&quot;description&quot;:&quot;&quot;,&quot;alttext&quot;:&quot;Nova Diretoria da APAE Valen\\u00e7a foi empossada&quot;,&quot;thumbnailURL&quot;:&quot;https:\\\/\\\/portalv1.com.br\\\/app\\\/wp-content\\\/uploads\\\/2023\\\/01\\\/ede4615a-b6ba-4c27-8d8c-1cc2ea9676b2-Copy-400x250.jpg&quot;,&quot;style&quot;:&quot;&quot;}]}}\"><\/div>\n                  <\/div>\n","protected":false},"excerpt":{"rendered":"<p>A solenidade de posse da nova Diretoria da Associa\u00e7\u00e3o de Pais e Amigos dos Excepcionais de Valen\u00e7a do Piau\u00ed foi realizada nessa ter\u00e7a-feira, 10 de janeiro, na sede que fica&#8230;<\/p>\n","protected":false},"author":1,"featured_media":137295,"comment_status":"open","ping_status":"open","sticky":false,"template":"","format":"standard","meta":{"ngg_post_thumbnail":0,"footnotes":""},"categories":[243],"tags":[],"class_list":["post-137294","post","type-post","status-publish","format-standard","has-post-thumbnail","hentry","category-geral"],"views":1177,"meta_data":{"thumb":"https:\/\/portalv1.com.br\/app\/wp-content\/uploads\/2023\/01\/1a435317-83f5-4d12-976a-360f43cc577d-Copy.jpg","imagem":{"fullsize":{"url":"https:\/\/portalv1.com.br\/app\/wp-content\/uploads\/2023\/01\/1a435317-83f5-4d12-976a-360f43cc577d-Copy.jpg","width":1024,"height":768},"medium":{"url":"https:\/\/portalv1.com.br\/app\/wp-content\/uploads\/2023\/01\/1a435317-83f5-4d12-976a-360f43cc577d-Copy-300x225.jpg","width":300,"height":225},"large":{"url":"https:\/\/portalv1.com.br\/app\/wp-content\/uploads\/2023\/01\/1a435317-83f5-4d12-976a-360f43cc577d-Copy-640x480.jpg","width":640,"height":480},"thumbnail":{"url":"https:\/\/portalv1.com.br\/app\/wp-content\/uploads\/2023\/01\/1a435317-83f5-4d12-976a-360f43cc577d-Copy-100x100.jpg","width":100,"height":100},"medium_large":{"url":"https:\/\/portalv1.com.br\/app\/wp-content\/uploads\/2023\/01\/1a435317-83f5-4d12-976a-360f43cc577d-Copy-768x576.jpg","width":768,"height":576}},"data":{"simple":"11\/01\/2023","date_time":"11\/01\/2023 09:10:16","date":"h\u00e1 3 anos"},"chapeu":"Associa\u00e7\u00e3o de Pais e Amigos dos Excepcionais","source":"slide"},"_links":{"self":[{"href":"https:\/\/portalv1.com.br\/api\/wp\/v2\/posts\/137294","targetHints":{"allow":["GET"]}}],"collection":[{"href":"https:\/\/portalv1.com.br\/api\/wp\/v2\/posts"}],"about":[{"href":"https:\/\/portalv1.com.br\/api\/wp\/v2\/types\/post"}],"author":[{"embeddable":true,"href":"https:\/\/portalv1.com.br\/api\/wp\/v2\/users\/1"}],"replies":[{"embeddable":true,"href":"https:\/\/portalv1.com.br\/api\/wp\/v2\/comments?post=137294"}],"version-history":[{"count":0,"href":"https:\/\/portalv1.com.br\/api\/wp\/v2\/posts\/137294\/revisions"}],"wp:featuredmedia":[{"embeddable":true,"href":"https:\/\/portalv1.com.br\/api\/wp\/v2\/media\/137295"}],"wp:attachment":[{"href":"https:\/\/portalv1.com.br\/api\/wp\/v2\/media?parent=137294"}],"wp:term":[{"taxonomy":"category","embeddable":true,"href":"https:\/\/portalv1.com.br\/api\/wp\/v2\/categories?post=137294"},{"taxonomy":"post_tag","embeddable":true,"href":"https:\/\/portalv1.com.br\/api\/wp\/v2\/tags?post=137294"}],"curies":[{"name":"wp","href":"https:\/\/api.w.org\/{rel}","templated":true}]}}