{"id":137315,"date":"2023-01-12T08:33:22","date_gmt":"2023-01-12T11:33:22","guid":{"rendered":"https:\/\/portalv1.com.br\/?p=137315"},"modified":"2023-01-12T18:15:54","modified_gmt":"2023-01-12T21:15:54","slug":"estudantes-do-ifpi-de-valenca-tem-projetos-classificados-em-etapa-estadual-e-apresentarao-em-sao-paulo","status":"publish","type":"post","link":"https:\/\/portalv1.com.br\/estudantes-do-ifpi-de-valenca-tem-projetos-classificados-em-etapa-estadual-e-apresentarao-em-sao-paulo\/","title":{"rendered":"Estudantes do IFPI de Valen\u00e7a tem projetos classificados em etapa estadual e apresentar\u00e3o em S\u00e3o Paulo"},"content":{"rendered":"<p><a href=\"https:\/\/portalv1.com.br\/app\/wp-content\/uploads\/2023\/01\/IMG-20230112-WA0077.jpg\"><img loading=\"lazy\" decoding=\"async\" class=\"aligncenter size-large wp-image-137319\" src=\"https:\/\/portalv1.com.br\/app\/wp-content\/uploads\/2023\/01\/IMG-20230112-WA0077-640x364.jpg\" alt=\"\" width=\"600\" height=\"341\" srcset=\"https:\/\/portalv1.com.br\/app\/wp-content\/uploads\/2023\/01\/IMG-20230112-WA0077-640x364.jpg 640w, https:\/\/portalv1.com.br\/app\/wp-content\/uploads\/2023\/01\/IMG-20230112-WA0077-300x171.jpg 300w, https:\/\/portalv1.com.br\/app\/wp-content\/uploads\/2023\/01\/IMG-20230112-WA0077-768x437.jpg 768w, https:\/\/portalv1.com.br\/app\/wp-content\/uploads\/2023\/01\/IMG-20230112-WA0077.jpg 1080w\" sizes=\"auto, (max-width: 600px) 100vw, 600px\" \/><\/a>Estudantes do 2\u00b0 ano Integrado de Administra\u00e7\u00e3o do Instituto Federal do Piau\u00ed &#8211; IFPI, Campus de Valen\u00e7a, tiveram dois&nbsp; projetos classificados para a semifinal do \u201cDesafio Liga Jovem\u201d, intermediado pelo SEBRAE. A primeira etapa de classifica\u00e7\u00e3o a turma de Valen\u00e7a conseguiu duas vagas das tr\u00eas dispon\u00edveis para o Piau\u00ed.<\/p>\n<p><span style=\"font-weight: 400;\">Os estudantes foram destaques no desenvolvimento de v\u00eddeos-pitch (v\u00eddeo de curta dura\u00e7\u00e3o), prot\u00f3tipos para promover interven\u00e7\u00e3o em problemas existentes na implementa\u00e7\u00e3o das seguintes tem\u00e1ticas: A Agricultura Familiar 4.0 e o Raio-x do Marketing 4.0 no Sert\u00e3o.<\/span><\/p>\n<p><span style=\"font-weight: 400;\">Agora os discentes Luiz Gustavo, Luiz Fernando, Neilly Anjos, Al\u00e9ssia Vit\u00f3ria, Carlos Eduardo, Ana Carolina e Juan Leite, seguem <\/span>para apresentarem os projetos em S\u00e3o Paulo, onde ir\u00e3o concorrer com trabalhos de estudantes do Brasil inteiro, caso passem para final os alunos ir\u00e3o apresentar os projetos em Madri na Espanha.<\/p>\n<p><span style=\"font-weight: 400;\">A professora do IFPI e consultora de neg\u00f3cios, Elissa Duarte, destacou a proposta do projeto no desenvolvimento dos alunos diante das possibilidades do empreendedorismo.&nbsp;<\/span><\/p>\n<p><span style=\"font-weight: 400;\">\u201cO desafio foi proposto com o objetivo de engajar os estudantes dentro do mundo dos empreendimentos, al\u00e9m de expandir a ideia de que empreender \u00e9 algo para todos e que deve ser visto de maneira acess\u00edvel e concisa\u201d, afirma Elissa.<\/span><\/p>\n<p><span style=\"font-weight: 400;\">A pr\u00f3xima fase est\u00e1 prevista para acontecer no m\u00eas de mar\u00e7o em S\u00e3o Paulo. Contudo, a turma se diz bastante ansiosa e comprometida com a experi\u00eancia da competi\u00e7\u00e3o.&nbsp;<\/span><\/p>\n<p><div class=\"content-iframe\" data-content-width=\"600\"><iframe loading=\"lazy\" style=\"border: none; overflow: hidden;\" src=\"https:\/\/www.facebook.com\/plugins\/video.php?height=322&amp;href=https%3A%2F%2Fwww.facebook.com%2FSergioAlvesValenca%2Fvideos%2F860496741835310%2F&amp;show_text=false&amp;width=560&amp;t=0\" width=\"560\" height=\"322\" frameborder=\"0\" scrolling=\"no\" allowfullscreen=\"allowfullscreen\"><\/iframe><\/div>&nbsp;<\/p>\n","protected":false},"excerpt":{"rendered":"<p>Estudantes do 2\u00b0 ano Integrado de Administra\u00e7\u00e3o do Instituto Federal do Piau\u00ed &#8211; IFPI, Campus de Valen\u00e7a, tiveram dois&nbsp; projetos classificados para a semifinal do \u201cDesafio Liga Jovem\u201d, intermediado pelo&#8230;<\/p>\n","protected":false},"author":16,"featured_media":137319,"comment_status":"open","ping_status":"open","sticky":false,"template":"","format":"standard","meta":{"ngg_post_thumbnail":0,"footnotes":""},"categories":[243],"tags":[],"class_list":["post-137315","post","type-post","status-publish","format-standard","has-post-thumbnail","hentry","category-geral"],"views":1167,"meta_data":{"thumb":"https:\/\/portalv1.com.br\/app\/wp-content\/uploads\/2023\/01\/IMG-20230112-WA0077.jpg","imagem":{"fullsize":{"url":"https:\/\/portalv1.com.br\/app\/wp-content\/uploads\/2023\/01\/IMG-20230112-WA0077.jpg","width":1080,"height":614},"medium":{"url":"https:\/\/portalv1.com.br\/app\/wp-content\/uploads\/2023\/01\/IMG-20230112-WA0077-300x171.jpg","width":300,"height":171},"large":{"url":"https:\/\/portalv1.com.br\/app\/wp-content\/uploads\/2023\/01\/IMG-20230112-WA0077-640x364.jpg","width":640,"height":364},"thumbnail":{"url":"https:\/\/portalv1.com.br\/app\/wp-content\/uploads\/2023\/01\/IMG-20230112-WA0077-100x100.jpg","width":100,"height":100},"medium_large":{"url":"https:\/\/portalv1.com.br\/app\/wp-content\/uploads\/2023\/01\/IMG-20230112-WA0077-768x437.jpg","width":768,"height":437}},"data":{"simple":"12\/01\/2023","date_time":"12\/01\/2023 05:33:22","date":"h\u00e1 3 anos"},"chapeu":"Saiba detalhes","source":"slide"},"_links":{"self":[{"href":"https:\/\/portalv1.com.br\/api\/wp\/v2\/posts\/137315","targetHints":{"allow":["GET"]}}],"collection":[{"href":"https:\/\/portalv1.com.br\/api\/wp\/v2\/posts"}],"about":[{"href":"https:\/\/portalv1.com.br\/api\/wp\/v2\/types\/post"}],"author":[{"embeddable":true,"href":"https:\/\/portalv1.com.br\/api\/wp\/v2\/users\/16"}],"replies":[{"embeddable":true,"href":"https:\/\/portalv1.com.br\/api\/wp\/v2\/comments?post=137315"}],"version-history":[{"count":0,"href":"https:\/\/portalv1.com.br\/api\/wp\/v2\/posts\/137315\/revisions"}],"wp:featuredmedia":[{"embeddable":true,"href":"https:\/\/portalv1.com.br\/api\/wp\/v2\/media\/137319"}],"wp:attachment":[{"href":"https:\/\/portalv1.com.br\/api\/wp\/v2\/media?parent=137315"}],"wp:term":[{"taxonomy":"category","embeddable":true,"href":"https:\/\/portalv1.com.br\/api\/wp\/v2\/categories?post=137315"},{"taxonomy":"post_tag","embeddable":true,"href":"https:\/\/portalv1.com.br\/api\/wp\/v2\/tags?post=137315"}],"curies":[{"name":"wp","href":"https:\/\/api.w.org\/{rel}","templated":true}]}}