{"id":137326,"date":"2023-01-12T15:37:50","date_gmt":"2023-01-12T18:37:50","guid":{"rendered":"https:\/\/portalv1.com.br\/?p=137326"},"modified":"2023-01-12T18:12:17","modified_gmt":"2023-01-12T21:12:17","slug":"matriculas-da-rede-estadual-de-ensino-seguem-ate-o-dia-20-de-janeiro","status":"publish","type":"post","link":"https:\/\/portalv1.com.br\/matriculas-da-rede-estadual-de-ensino-seguem-ate-o-dia-20-de-janeiro\/","title":{"rendered":"Matriculas da rede estadual de ensino seguem at\u00e9 o dia 20 de janeiro"},"content":{"rendered":"<figure id=\"attachment_82461\" aria-describedby=\"caption-attachment-82461\" style=\"width: 640px\" class=\"wp-caption aligncenter\"><a href=\"https:\/\/portalv1.com.br\/app\/wp-content\/uploads\/2020\/01\/Portalv1001Valenca.jpg\"><img loading=\"lazy\" decoding=\"async\" class=\"size-full wp-image-82461\" src=\"https:\/\/portalv1.com.br\/app\/wp-content\/uploads\/2020\/01\/Portalv1001Valenca.jpg\" alt=\"\" width=\"640\" height=\"427\" srcset=\"https:\/\/portalv1.com.br\/app\/wp-content\/uploads\/2020\/01\/Portalv1001Valenca.jpg 640w, https:\/\/portalv1.com.br\/app\/wp-content\/uploads\/2020\/01\/Portalv1001Valenca-300x200.jpg 300w\" sizes=\"auto, (max-width: 640px) 100vw, 640px\" \/><\/a><figcaption id=\"caption-attachment-82461\" class=\"wp-caption-text\">Rede Estadual de Educa\u00e7\u00e3o<\/figcaption><\/figure>\n<p>A 7\u00aa Gerencia Regional de Educa\u00e7\u00e3o de Valen\u00e7a informa que foram prorrogadas as matriculas das escolas estaduais at\u00e9 dia 20 de janeiro.<\/p>\n<p>A meta&nbsp;&nbsp;&nbsp; estadual para 2023 \u00e9 de chegarmos a 260 mil estudantes. Para fazer a inscri\u00e7\u00e3o, o estudante, se maior de idade, ou respons\u00e1vel devem preencher a pr\u00e9-matr\u00edcula on line no site www.seduc.pi.gov.br\/matricula e em seguida comparecer a secretaria da escola selecionada para entrega da documenta\u00e7\u00e3o exigida.<\/p>\n<p>A lista de documentos varia de acordo com a modalidade de ensino e a lista completa est\u00e1 contida no edital dispon\u00edvel no site da Seduc. S\u00e3o 22 escolas da rede Estadual distribu\u00eddas nos 13 munic\u00edpios da nossa jurisdi\u00e7\u00e3o.<\/p>\n<p>AROAZES (U. E. JEREMIAS PEREIRA DA SILVA, EFAS MONTES CLAROS)<\/p>\n<p>BARRA&nbsp; D\u2019ALCANTARA ( U.E.FIRMO SOBREIRA)<\/p>\n<p>ELESB\u00c3O VELOSO (U.E.MOISES LIMA VERDE E CEEP BENEDITO PORTELA)<\/p>\n<p>FRANCIN\u00d3POLIS (U.E.LUIS DE CASTRO)<\/p>\n<p>INHUMA (U.E.MANOEL MACEDO, U.E.ANTONIO DE DEUS E CEEP JOAO DE DEUS)<\/p>\n<p>LAGOA DO S\u00cdTIO (U.E.MARIANO RABELO)<\/p>\n<p>NOVO ORIENTE (U.E.CHGAS RODRIGUES E U.E.EUSTACHIO PORTELA)<\/p>\n<p>PIMENTEIRAS (CEEP ANTONIO GENTIL DANTAS E U.E.ENEAS NOGUEIRA)<\/p>\n<p>SANTA CRUZ DOS MILAGRES ( U.E. EUSTAQUIO PORTELA)<\/p>\n<p>S\u00c3O FELIX (U.E.SATURNINO MOURA)<\/p>\n<p>S\u00c3O MIGUEL DA BAIXA GRANDE (U.E.RITINHA MOURA)<\/p>\n<p>VARZEA GRANDE (U.E. MARIA CANDIDA)<\/p>\n<p>&nbsp;E Em Valen\u00e7a temos:<\/p>\n<p>CETI MARIA ANTONIETA (foi teste seletivo);<\/p>\n<p>CEJA VITORIA D COSTA LIMA (modalidade de EJA ensino fundamental e m\u00e9dio) tuno noite (maiores de 18 anos)<\/p>\n<p>C\u00d4NEGO ACILINO (modalidade de ensino fundamental maior 6\u00ba ao 9\u00ba ano) \u2013 turnos manh\u00e3 e tarde<\/p>\n<p>SANTO ANTONIO (modalidade de ensino m\u00e9dio regular e ensino m\u00e9dio profissionalizante Inform\u00e1tica, Seguran\u00e7a do trabalho e Administra\u00e7\u00e3o) Turnos manha tarde e noite.&nbsp;<\/p>\n<p>N\u00e3o perca tempo e busque uma das nossas escolas da rede estadual para se matricular<\/p>\n","protected":false},"excerpt":{"rendered":"<p>A 7\u00aa Gerencia Regional de Educa\u00e7\u00e3o de Valen\u00e7a informa que foram prorrogadas as matriculas das escolas estaduais at\u00e9 dia 20 de janeiro. A meta&nbsp;&nbsp;&nbsp; estadual para 2023 \u00e9 de chegarmos&#8230;<\/p>\n","protected":false},"author":1,"featured_media":82461,"comment_status":"open","ping_status":"open","sticky":false,"template":"","format":"standard","meta":{"ngg_post_thumbnail":0,"footnotes":""},"categories":[243],"tags":[],"class_list":["post-137326","post","type-post","status-publish","format-standard","has-post-thumbnail","hentry","category-geral"],"views":345,"meta_data":{"thumb":"https:\/\/portalv1.com.br\/app\/wp-content\/uploads\/2020\/01\/Portalv1001Valenca.jpg","imagem":{"fullsize":{"url":"https:\/\/portalv1.com.br\/app\/wp-content\/uploads\/2020\/01\/Portalv1001Valenca.jpg","width":640,"height":427},"medium":{"url":"https:\/\/portalv1.com.br\/app\/wp-content\/uploads\/2020\/01\/Portalv1001Valenca-300x200.jpg","width":300,"height":200},"thumbnail":{"url":"https:\/\/portalv1.com.br\/app\/wp-content\/uploads\/2020\/01\/Portalv1001Valenca-100x100.jpg","width":100,"height":100}},"data":{"simple":"12\/01\/2023","date_time":"12\/01\/2023 12:37:50","date":"h\u00e1 3 anos"},"chapeu":"Veja detalhes ","source":"slide"},"_links":{"self":[{"href":"https:\/\/portalv1.com.br\/api\/wp\/v2\/posts\/137326","targetHints":{"allow":["GET"]}}],"collection":[{"href":"https:\/\/portalv1.com.br\/api\/wp\/v2\/posts"}],"about":[{"href":"https:\/\/portalv1.com.br\/api\/wp\/v2\/types\/post"}],"author":[{"embeddable":true,"href":"https:\/\/portalv1.com.br\/api\/wp\/v2\/users\/1"}],"replies":[{"embeddable":true,"href":"https:\/\/portalv1.com.br\/api\/wp\/v2\/comments?post=137326"}],"version-history":[{"count":0,"href":"https:\/\/portalv1.com.br\/api\/wp\/v2\/posts\/137326\/revisions"}],"wp:featuredmedia":[{"embeddable":true,"href":"https:\/\/portalv1.com.br\/api\/wp\/v2\/media\/82461"}],"wp:attachment":[{"href":"https:\/\/portalv1.com.br\/api\/wp\/v2\/media?parent=137326"}],"wp:term":[{"taxonomy":"category","embeddable":true,"href":"https:\/\/portalv1.com.br\/api\/wp\/v2\/categories?post=137326"},{"taxonomy":"post_tag","embeddable":true,"href":"https:\/\/portalv1.com.br\/api\/wp\/v2\/tags?post=137326"}],"curies":[{"name":"wp","href":"https:\/\/api.w.org\/{rel}","templated":true}]}}