{"id":13808,"date":"2012-10-12T08:55:31","date_gmt":"2012-10-12T11:55:31","guid":{"rendered":"https:\/\/portalv1.com.br\/?p=13808"},"modified":"2012-10-24T09:09:23","modified_gmt":"2012-10-24T12:09:23","slug":"edna-joias-comemorou-dez-anos-de-valenca-veja-fotos","status":"publish","type":"post","link":"https:\/\/portalv1.com.br\/edna-joias-comemorou-dez-anos-de-valenca-veja-fotos\/","title":{"rendered":"Edna Joias comemorou dez anos de Valen\u00e7a. Veja fotos"},"content":{"rendered":"<figure id=\"attachment_13809\" aria-describedby=\"caption-attachment-13809\" style=\"width: 300px\" class=\"wp-caption alignright\"><a href=\"https:\/\/portalv1.com.br\/app\/wp-content\/uploads\/2012\/10\/edna.jpg\"><img loading=\"lazy\" decoding=\"async\" class=\"size-medium wp-image-13809\" title=\"edna\" src=\"https:\/\/portalv1.com.br\/app\/wp-content\/uploads\/2012\/10\/edna-300x225.jpg\" alt=\"\" width=\"300\" height=\"225\" srcset=\"https:\/\/portalv1.com.br\/app\/wp-content\/uploads\/2012\/10\/edna-300x225.jpg 300w, https:\/\/portalv1.com.br\/app\/wp-content\/uploads\/2012\/10\/edna.jpg 450w\" sizes=\"auto, (max-width: 300px) 100vw, 300px\" \/><\/a><figcaption id=\"caption-attachment-13809\" class=\"wp-caption-text\">Os propriet\u00e1rios Ivalso e Edna agradeceram a participa\u00e7\u00e3o dos clientes e amigos<\/figcaption><\/figure>\n<p>Uma das lojas mais importantes do nosso comercio realizou na ultima semana sua promo\u00e7\u00e3o anual coroada de muito sucesso. A Edna Joias refer\u00eancia de bom gosto comemorou seu 10\u00ba aniversario com uma grande promo\u00e7\u00e3o que movimentou a cidade.<\/p>\n<p>Os propriet\u00e1rios Ivalso e Edna agradeceram aos amigos e clientes que participaram dessa grande festa e renovaram o compromisso de continuar investindo para poder proporcionar aos valencianos e as pessoas das outras cidades as melhores op\u00e7\u00f5es em roupas e acess\u00f3rios.<\/p>\n<p>O casal tamb\u00e9m agradeceu sua equipe de colaboradores pela dedica\u00e7\u00e3o e supera\u00e7\u00e3o nesses dias de promo\u00e7\u00e3o. A data foi marcada tamb\u00e9m por um jantar com a participa\u00e7\u00e3o dos colaboradores e familiares. Veja fotos<\/p>\n<p><strong><div class=\"ngg-galleryoverview\" data-widget=\"Galeria\" data-props='{&quot;galeria&quot;:{&quot;gallery_id&quot;:977,&quot;total&quot;:3,&quot;max_page&quot;:1,&quot;page&quot;:1,&quot;images&quot;:[{&quot;pid&quot;:17628,&quot;imageURL&quot;:&quot;https:\\\/\\\/portalv1.com.br\\\/app\\\/wp-content\\\/gallery\\\/edna\\\/dsc01222.jpg?t=1704031458&quot;,&quot;thumbnailURL&quot;:&quot;https:\\\/\\\/portalv1.com.br\\\/app\\\/wp-content\\\/gallery\\\/edna\\\/thumbs\\\/thumbs_dsc01222.jpg?t=1704031458&quot;,&quot;description&quot;:&quot; &quot;,&quot;alttext&quot;:&quot;dsc01222&quot;,&quot;style&quot;:&quot;&quot;},{&quot;pid&quot;:17629,&quot;imageURL&quot;:&quot;https:\\\/\\\/portalv1.com.br\\\/app\\\/wp-content\\\/gallery\\\/edna\\\/dsc01236.jpg?t=1704029408&quot;,&quot;thumbnailURL&quot;:&quot;https:\\\/\\\/portalv1.com.br\\\/app\\\/wp-content\\\/gallery\\\/edna\\\/thumbs\\\/thumbs_dsc01236.jpg?t=1704029408&quot;,&quot;description&quot;:&quot; &quot;,&quot;alttext&quot;:&quot;dsc01236&quot;,&quot;style&quot;:&quot;&quot;},{&quot;pid&quot;:17630,&quot;imageURL&quot;:&quot;https:\\\/\\\/portalv1.com.br\\\/app\\\/wp-content\\\/gallery\\\/edna\\\/dsc01243.jpg?t=1704029396&quot;,&quot;thumbnailURL&quot;:&quot;https:\\\/\\\/portalv1.com.br\\\/app\\\/wp-content\\\/gallery\\\/edna\\\/thumbs\\\/thumbs_dsc01243.jpg?t=1704029396&quot;,&quot;description&quot;:&quot; &quot;,&quot;alttext&quot;:&quot;dsc01243&quot;,&quot;style&quot;:&quot;&quot;}]}}'><\/div><\/strong>.<\/p>\n","protected":false},"excerpt":{"rendered":"<p>Uma das lojas mais importantes do nosso comercio realizou na ultima semana sua promo\u00e7\u00e3o anual coroada de muito sucesso. A Edna Joias refer\u00eancia de bom gosto comemorou seu 10\u00ba aniversario&#8230;<\/p>\n","protected":false},"author":1,"featured_media":0,"comment_status":"open","ping_status":"open","sticky":false,"template":"","format":"standard","meta":{"ngg_post_thumbnail":0,"footnotes":""},"categories":[560,12],"tags":[],"class_list":["post-13808","post","type-post","status-publish","format-standard","hentry","category-galerias","category-valenca-news"],"views":2099,"meta_data":{"thumb":"https:\/\/portalv1.com.br\/app\/wp-content\/uploads\/2012\/10\/edna.jpg","data":{"simple":"12\/10\/2012","date_time":"12\/10\/2012 05:55:31","date":"h\u00e1 14 anos"},"chapeu":"","source":""},"_links":{"self":[{"href":"https:\/\/portalv1.com.br\/api\/wp\/v2\/posts\/13808","targetHints":{"allow":["GET"]}}],"collection":[{"href":"https:\/\/portalv1.com.br\/api\/wp\/v2\/posts"}],"about":[{"href":"https:\/\/portalv1.com.br\/api\/wp\/v2\/types\/post"}],"author":[{"embeddable":true,"href":"https:\/\/portalv1.com.br\/api\/wp\/v2\/users\/1"}],"replies":[{"embeddable":true,"href":"https:\/\/portalv1.com.br\/api\/wp\/v2\/comments?post=13808"}],"version-history":[{"count":0,"href":"https:\/\/portalv1.com.br\/api\/wp\/v2\/posts\/13808\/revisions"}],"wp:attachment":[{"href":"https:\/\/portalv1.com.br\/api\/wp\/v2\/media?parent=13808"}],"wp:term":[{"taxonomy":"category","embeddable":true,"href":"https:\/\/portalv1.com.br\/api\/wp\/v2\/categories?post=13808"},{"taxonomy":"post_tag","embeddable":true,"href":"https:\/\/portalv1.com.br\/api\/wp\/v2\/tags?post=13808"}],"curies":[{"name":"wp","href":"https:\/\/api.w.org\/{rel}","templated":true}]}}