{"id":138375,"date":"2023-01-28T13:06:09","date_gmt":"2023-01-28T16:06:09","guid":{"rendered":"https:\/\/portalv1.com.br\/?p=138375"},"modified":"2023-01-28T13:08:41","modified_gmt":"2023-01-28T16:08:41","slug":"venicio-do-o-comemora-decisao-sobre-a-regularizacao-fundiaria-de-pimenteiras","status":"publish","type":"post","link":"https:\/\/portalv1.com.br\/venicio-do-o-comemora-decisao-sobre-a-regularizacao-fundiaria-de-pimenteiras\/","title":{"rendered":"Venicio do \u00d3 comemora decis\u00e3o sobre a Regulariza\u00e7\u00e3o Fundi\u00e1ria de Pimenteiras"},"content":{"rendered":"<figure id=\"attachment_138376\" aria-describedby=\"caption-attachment-138376\" style=\"width: 600px\" class=\"wp-caption aligncenter\"><a href=\"https:\/\/portalv1.com.br\/app\/wp-content\/uploads\/2023\/01\/venicio-do-o.jpeg.1200x0_q95_crop.webp\"><img loading=\"lazy\" decoding=\"async\" class=\"size-large wp-image-138376\" src=\"https:\/\/portalv1.com.br\/app\/wp-content\/uploads\/2023\/01\/venicio-do-o.jpeg.1200x0_q95_crop-640x427.webp\" alt=\"\" width=\"600\" height=\"400\" srcset=\"https:\/\/portalv1.com.br\/app\/wp-content\/uploads\/2023\/01\/venicio-do-o.jpeg.1200x0_q95_crop-640x427.webp 640w, https:\/\/portalv1.com.br\/app\/wp-content\/uploads\/2023\/01\/venicio-do-o.jpeg.1200x0_q95_crop-300x200.webp 300w, https:\/\/portalv1.com.br\/app\/wp-content\/uploads\/2023\/01\/venicio-do-o.jpeg.1200x0_q95_crop-768x512.webp 768w, https:\/\/portalv1.com.br\/app\/wp-content\/uploads\/2023\/01\/venicio-do-o.jpeg.1200x0_q95_crop.webp 1200w\" sizes=\"auto, (max-width: 600px) 100vw, 600px\" \/><\/a><figcaption id=\"caption-attachment-138376\" class=\"wp-caption-text\">Ex-prefeito de Pimenteiras Venicio do \u00d3<\/figcaption><\/figure>\n<p>O ex-prefeito de Pimenteiras, Venicio do \u00d3, comemorou e se emocionou ao receber a not\u00edcia de que depois de mais de 10 anos, a Justi\u00e7a determinou o fim do \u201cbloqueio\u201d das matr\u00edculas de im\u00f3veis urbanos no munic\u00edpio de Pimenteiras e finalmente os pimenteirenses podem solicitar o registro e assegurar a posse definitiva dos seus im\u00f3veis.<\/p>\n<p>\u201cIsso me frustrava muito, acabar meu segundo mandato e eu n\u00e3o conseguir realizar isso\u201d, declarou Venicio do \u00d3 durante as muitas reuni\u00f5es para tratar do tema.<\/p>\n<p>Ao assumir a Prefeitura em 2013, o prefeito Venicio do \u00d3 encontrou entre os entraves administrativos: a prefeitura impedida de celebrar conv\u00eanios devido a pend\u00eancias no Cadastro \u00danico de Conv\u00eanio, que impedia o munic\u00edpio de celebrar conv\u00eanios, quest\u00e3o que foi resolvido logo em 2014 e o impedimento para a emiss\u00e3o dos registros de im\u00f3veis, que chegou ao fim nesse dia 26 de janeiro de 2023, dez anos depois.<\/p>\n<p>De l\u00e1 para c\u00e1 foram realizadas v\u00e1rias reuni\u00f5es e audi\u00eancias para debater o tema, al\u00e9m de a\u00e7\u00f5es por parte da gest\u00e3o, como, por exemplo, a realiza\u00e7\u00e3o de demarca\u00e7\u00e3o, georreferenciamento e o registro do im\u00f3vel da cidade no cart\u00f3rio, al\u00e9m de entrar na Justi\u00e7a para conseguir a regulariza\u00e7\u00e3o dos im\u00f3veis da cidade.<\/p>\n<p>Com a decis\u00e3o, a Prefeitura de Pimenteiras lan\u00e7a em fevereiro, o programa \u201cRegulariza Pimenteiras\u201d para permitir que a popula\u00e7\u00e3o obtenha o t\u00edtulo de propriedade devidamente registrado no Cart\u00f3rio Extrajudicial de Pimenteiras e aproveitar todos os benef\u00edcios como, por exemplo, o financiamento de im\u00f3veis e constru\u00e7\u00f5es.<\/p>\n<p>\u201cFoi uma luta \u00e1rdua muitas idas e vindas, mas hoje estou feliz em comemorar mais essa alegria com os amigos e irm\u00e3os pimenteirenses. Agrade\u00e7o a todos que se envolveram nessa jornada de forma especial, \u00e0 nossa prefeita L\u00facia Lacerda, que era minha vice no in\u00edcio disso tudo e deu prosseguimento com a mesma determina\u00e7\u00e3o, ao advogado Dr. Wilton de Sousa, ao juiz Dr. Felipi Bacelar e ao povo de Pimenteiras, que sempre nos encorajou. Essa vit\u00f3ria \u00e9 de voc\u00eas meus amigos\u201d, falou emocionado Venicio do \u00d3.&nbsp;&nbsp;<a href=\"https:\/\/portalv1.com.br\/app\/wp-content\/uploads\/2023\/01\/DOC-20230126-WA0084.-1-1.pdf\">Veja a decis\u00e3o aqui <\/a><\/p>\n","protected":false},"excerpt":{"rendered":"<p>O ex-prefeito de Pimenteiras, Venicio do \u00d3, comemorou e se emocionou ao receber a not\u00edcia de que depois de mais de 10 anos, a Justi\u00e7a determinou o fim do \u201cbloqueio\u201d&#8230;<\/p>\n","protected":false},"author":1,"featured_media":138376,"comment_status":"open","ping_status":"open","sticky":false,"template":"","format":"standard","meta":{"ngg_post_thumbnail":0,"footnotes":""},"categories":[243],"tags":[],"class_list":["post-138375","post","type-post","status-publish","format-standard","has-post-thumbnail","hentry","category-geral"],"views":586,"meta_data":{"thumb":"https:\/\/portalv1.com.br\/app\/wp-content\/uploads\/2023\/01\/venicio-do-o.jpeg.1200x0_q95_crop.webp","imagem":{"fullsize":{"url":"https:\/\/portalv1.com.br\/app\/wp-content\/uploads\/2023\/01\/venicio-do-o.jpeg.1200x0_q95_crop.webp","width":1200,"height":800},"medium":{"url":"https:\/\/portalv1.com.br\/app\/wp-content\/uploads\/2023\/01\/venicio-do-o.jpeg.1200x0_q95_crop-300x200.webp","width":300,"height":200},"large":{"url":"https:\/\/portalv1.com.br\/app\/wp-content\/uploads\/2023\/01\/venicio-do-o.jpeg.1200x0_q95_crop-640x427.webp","width":640,"height":427},"thumbnail":{"url":"https:\/\/portalv1.com.br\/app\/wp-content\/uploads\/2023\/01\/venicio-do-o.jpeg.1200x0_q95_crop-100x100.webp","width":100,"height":100},"medium_large":{"url":"https:\/\/portalv1.com.br\/app\/wp-content\/uploads\/2023\/01\/venicio-do-o.jpeg.1200x0_q95_crop-768x512.webp","width":768,"height":512}},"data":{"simple":"28\/01\/2023","date_time":"28\/01\/2023 10:06:09","date":"h\u00e1 3 anos"},"chapeu":"Decis\u00e3o Judicial ","source":"slide"},"_links":{"self":[{"href":"https:\/\/portalv1.com.br\/api\/wp\/v2\/posts\/138375","targetHints":{"allow":["GET"]}}],"collection":[{"href":"https:\/\/portalv1.com.br\/api\/wp\/v2\/posts"}],"about":[{"href":"https:\/\/portalv1.com.br\/api\/wp\/v2\/types\/post"}],"author":[{"embeddable":true,"href":"https:\/\/portalv1.com.br\/api\/wp\/v2\/users\/1"}],"replies":[{"embeddable":true,"href":"https:\/\/portalv1.com.br\/api\/wp\/v2\/comments?post=138375"}],"version-history":[{"count":0,"href":"https:\/\/portalv1.com.br\/api\/wp\/v2\/posts\/138375\/revisions"}],"wp:featuredmedia":[{"embeddable":true,"href":"https:\/\/portalv1.com.br\/api\/wp\/v2\/media\/138376"}],"wp:attachment":[{"href":"https:\/\/portalv1.com.br\/api\/wp\/v2\/media?parent=138375"}],"wp:term":[{"taxonomy":"category","embeddable":true,"href":"https:\/\/portalv1.com.br\/api\/wp\/v2\/categories?post=138375"},{"taxonomy":"post_tag","embeddable":true,"href":"https:\/\/portalv1.com.br\/api\/wp\/v2\/tags?post=138375"}],"curies":[{"name":"wp","href":"https:\/\/api.w.org\/{rel}","templated":true}]}}