{"id":138569,"date":"2023-02-02T00:15:27","date_gmt":"2023-02-02T03:15:27","guid":{"rendered":"https:\/\/portalv1.com.br\/?p=138569"},"modified":"2023-02-02T00:15:27","modified_gmt":"2023-02-02T03:15:27","slug":"arthur-lira-e-reeleito-presidente-da-camara-com-votacao-recorde","status":"publish","type":"post","link":"https:\/\/portalv1.com.br\/arthur-lira-e-reeleito-presidente-da-camara-com-votacao-recorde\/","title":{"rendered":"Arthur Lira \u00e9 reeleito presidente da C\u00e2mara com vota\u00e7\u00e3o recorde"},"content":{"rendered":"<p><a href=\"https:\/\/portalv1.com.br\/app\/wp-content\/uploads\/2023\/02\/artur-lira.jpg\"><img loading=\"lazy\" decoding=\"async\" class=\"aligncenter size-full wp-image-138570\" src=\"https:\/\/portalv1.com.br\/app\/wp-content\/uploads\/2023\/02\/artur-lira.jpg\" alt=\"\" width=\"768\" height=\"512\" srcset=\"https:\/\/portalv1.com.br\/app\/wp-content\/uploads\/2023\/02\/artur-lira.jpg 768w, https:\/\/portalv1.com.br\/app\/wp-content\/uploads\/2023\/02\/artur-lira-300x200.jpg 300w, https:\/\/portalv1.com.br\/app\/wp-content\/uploads\/2023\/02\/artur-lira-640x427.jpg 640w\" sizes=\"auto, (max-width: 768px) 100vw, 768px\" \/><\/a>O presidente da C\u00e2mara, Arthur Lira (PP-AL), foi reeleito nesta quarta-feira, 1\u00ba, para mais dois anos no cargo com a maior vantagem de votos na hist\u00f3ria desde a promulga\u00e7\u00e3o da Constitui\u00e7\u00e3o. Foram 464 votos. Lira assume a condi\u00e7\u00e3o de principal for\u00e7a pol\u00edtica no Congresso com quem o governo do presidente Luiz In\u00e1cio Lula da Silva ter\u00e1 que manter di\u00e1logo. Empoderado, o pol\u00edtico alagoano deu ao Centr\u00e3o os principais postos de comando da Casa. Chico Alencar (PSOL-SP) e Marcel van Hattem (Novo-RS), os \u00fanicos deputados na disputa, tiveram 21 e 19 votos, respectivamente. Foram cinco votos em branco.<\/p>\n<p>Na vota\u00e7\u00e3o, o reeleito superou os 434 obtidos por Ibsen Pinheiro (PMDB-RS), em 1991, e Jo\u00e3o Paulo Cunha (PT-SP), em 2003. Como mostrou o Estad\u00e3o, Lira usou o cargo para distribuir recursos e benesses aos colegas da Casa. S\u00f3 em benef\u00edcios foram R$70 milh\u00f5es, incluindo at\u00e9 mesmo aumento na ajuda de custo para deputado pagar aluguel em Bras\u00edlia. Sem o or\u00e7amento secreto, mecanismo de distribui\u00e7\u00e3o de recursos p\u00fablicos sem transpar\u00eancia que foi declarado inconstitucional pelo Supremo Tribunal Federal (STF), Lira recebera press\u00e3o do baixo clero para garantir privil\u00e9gios aos parlamentares.<\/p>\n<p>Na chapa que montou para dirigir a C\u00e2mara, Lira deu mais protagonismo a seus aliados mais pr\u00f3ximos. O Republicanos e o Uni\u00e3o Brasil acumularam a vice-presid\u00eancia e a primeira-secretaria &#8211; que controla as despesas da C\u00e2mara &#8211; com os presidentes nacionais das legendas, Marcos Pereira (SP) e Luciano Bivar (PE), respectivamente, nos principais cargos na mesa diretora indicada por Lira.<\/p>\n<p>O PT tem a deputada Maria do Ros\u00e1rio (PT-RS) na segunda-secretaria, uma vaga de menor import\u00e2ncia, cargo que j\u00e1 ocupava durante o governo Jair Bolsonaro (PL). O atual presidente da Frente Parlamentar Evang\u00e9lica, S\u00f3stenes Cavalcante (PL-RJ), ficou com a segunda vice-presid\u00eancia. Dois deputados do Centr\u00e3o, J\u00falio C\u00e9sar (PSD-PI) e Lucio Mosquini (MDB-RO) ocupam a terceira e quarta secretarias.<\/p>\n<p>O amplo apoio pol\u00edtico significa mais poder de barganha para Lira, que ter\u00e1 o Centr\u00e3o nas negocia\u00e7\u00f5es com Lula, em troca da aprova\u00e7\u00e3o de projetos de interesse do governo. O governo do petista vinha segurando as nomea\u00e7\u00f5es de apadrinhados por pol\u00edticos na espera do resultado da elei\u00e7\u00e3o das presid\u00eancias do Congresso. Lira agora ser\u00e1 um dos principais interlocutores junto ao governo na indica\u00e7\u00e3o de cargos no Executivo.<\/p>\n<p>Em 2021, o presidente da C\u00e2mara teve 302 votos e o apoio de 11 legendas. Neste ano, ele conseguiu reunir o principal partido da oposi\u00e7\u00e3o, o PL; o governo, liderado pelo PT, e o Centr\u00e3o, encabe\u00e7ado pelo Uni\u00e3o Brasil, em favor de sua candidatura. Na \u00e9poca, Lira teve apoio do ent\u00e3o presidente Jair Bolsonaro. Durante todo o governo, foi considerado um aliado, mas n\u00e3o aderiu \u00e0 tentativa de implantar o voto impresso nas elei\u00e7\u00f5es de 2022. Como revelou o Estad\u00e3o, o presidente da C\u00e2mara chegou a receber recado de militares de que n\u00e3o haveria elei\u00e7\u00e3o se o Congresso n\u00e3o aprovasse a vota\u00e7\u00e3o em papel. Lira n\u00e3o aceitou o ultimato e avisou Bolsonaro disso.<\/p>\n<p>Nesta quarta-feira, 1\u00ba, ao pedir votos da tribuna da C\u00e2mara, exaltou os trabalhos feitos durante sua gest\u00e3o no comando da Casa e avisou que n\u00e3o ser submisso do governo federal. &#8220;Se eleito, quero estabelecer com o Poder Executivo n\u00e3o uma rela\u00e7\u00e3o de subordina\u00e7\u00e3o, mas um pacto para aprimorar e avan\u00e7ar nas pol\u00edticas p\u00fablicas&#8221;, disse.<\/p>\n<p>Ele tamb\u00e9m fez uma defesa &#8220;ao sagrado direito \u00e0 nossa liberdade de express\u00e3o&#8221;, desde que ela n\u00e3o represente uma amea\u00e7a \u00e0 democracia. O alagoano disse que &#8220;o Brasil tem pressa&#8221; e destacou que \u00e9 preciso enfrentar imediatamente a quest\u00e3o tribut\u00e1ria.<\/p>\n<p>&#8220;Vamos garantir os meios para que as discuss\u00f5es sejam exaustivas Podemos ter advers\u00e1rios, mas n\u00e3o somos inimigos um dos outros&#8221;, afirmou. &#8220;Destaco que o meu compromisso \u00e9 continuar a ser um facilitador dos debates, com absoluta liberdade e soberania.&#8221;<\/p>\n<p>Lira \u00e9 o quarto presidente da C\u00e2mara a ultrapassar a marca de 400 votos &#8211; al\u00e9m de Ibsen e Cunha, Michel Temer alcan\u00e7ou os 422 votos, em 1999.<\/p>\n<p>&nbsp;<\/p>\n<p>Fonte: Estad\u00e3o Conte\u00fado&nbsp;<\/p>\n","protected":false},"excerpt":{"rendered":"<p>O presidente da C\u00e2mara, Arthur Lira (PP-AL), foi reeleito nesta quarta-feira, 1\u00ba, para mais dois anos no cargo com a maior vantagem de votos na hist\u00f3ria desde a promulga\u00e7\u00e3o da&#8230;<\/p>\n","protected":false},"author":1,"featured_media":138570,"comment_status":"open","ping_status":"open","sticky":false,"template":"","format":"standard","meta":{"ngg_post_thumbnail":0,"footnotes":""},"categories":[243],"tags":[],"class_list":["post-138569","post","type-post","status-publish","format-standard","has-post-thumbnail","hentry","category-geral"],"views":55,"meta_data":{"thumb":"https:\/\/portalv1.com.br\/app\/wp-content\/uploads\/2023\/02\/artur-lira.jpg","imagem":{"fullsize":{"url":"https:\/\/portalv1.com.br\/app\/wp-content\/uploads\/2023\/02\/artur-lira.jpg","width":768,"height":512},"medium":{"url":"https:\/\/portalv1.com.br\/app\/wp-content\/uploads\/2023\/02\/artur-lira-300x200.jpg","width":300,"height":200},"large":{"url":"https:\/\/portalv1.com.br\/app\/wp-content\/uploads\/2023\/02\/artur-lira-640x427.jpg","width":640,"height":427},"thumbnail":{"url":"https:\/\/portalv1.com.br\/app\/wp-content\/uploads\/2023\/02\/artur-lira-100x100.jpg","width":100,"height":100}},"data":{"simple":"01\/02\/2023","date_time":"01\/02\/2023 21:15:27","date":"h\u00e1 3 anos"},"chapeu":"Saiba Detalhes ","source":"m_destacada"},"_links":{"self":[{"href":"https:\/\/portalv1.com.br\/api\/wp\/v2\/posts\/138569","targetHints":{"allow":["GET"]}}],"collection":[{"href":"https:\/\/portalv1.com.br\/api\/wp\/v2\/posts"}],"about":[{"href":"https:\/\/portalv1.com.br\/api\/wp\/v2\/types\/post"}],"author":[{"embeddable":true,"href":"https:\/\/portalv1.com.br\/api\/wp\/v2\/users\/1"}],"replies":[{"embeddable":true,"href":"https:\/\/portalv1.com.br\/api\/wp\/v2\/comments?post=138569"}],"version-history":[{"count":0,"href":"https:\/\/portalv1.com.br\/api\/wp\/v2\/posts\/138569\/revisions"}],"wp:featuredmedia":[{"embeddable":true,"href":"https:\/\/portalv1.com.br\/api\/wp\/v2\/media\/138570"}],"wp:attachment":[{"href":"https:\/\/portalv1.com.br\/api\/wp\/v2\/media?parent=138569"}],"wp:term":[{"taxonomy":"category","embeddable":true,"href":"https:\/\/portalv1.com.br\/api\/wp\/v2\/categories?post=138569"},{"taxonomy":"post_tag","embeddable":true,"href":"https:\/\/portalv1.com.br\/api\/wp\/v2\/tags?post=138569"}],"curies":[{"name":"wp","href":"https:\/\/api.w.org\/{rel}","templated":true}]}}