{"id":138649,"date":"2023-02-05T17:49:33","date_gmt":"2023-02-05T20:49:33","guid":{"rendered":"https:\/\/portalv1.com.br\/?p=138649"},"modified":"2023-02-05T17:49:33","modified_gmt":"2023-02-05T20:49:33","slug":"programa-globo-rural-destaca-a-alegria-do-agricultor-valenciano-com-as-chuvas","status":"publish","type":"post","link":"https:\/\/portalv1.com.br\/programa-globo-rural-destaca-a-alegria-do-agricultor-valenciano-com-as-chuvas\/","title":{"rendered":"Programa Globo Rural destaca a alegria do agricultor valenciano com as chuvas"},"content":{"rendered":"<p>A cidade de Valen\u00e7a do Piau\u00ed foi destaque no programa Globo Rural neste domingo, 5 de fevereiro. A reportagem, produzida pelo rep\u00f3rter Ant\u00f4nio Rocha, esteve visitando a regi\u00e3o de Santa Rosa destacando a alegria do agricultor com a chegada da chuva e o bom desenvolvimento da planta\u00e7\u00e3o e a barragem de Mesa de Pedra, que esse ano transbordou.&nbsp;<\/p>\n<p>\u201cEstou animado, tem chovido bastante, chove e faz sol e \u00e9 muito bom porque a planta tamb\u00e9m precisa do sol, n\u00e3o \u00e9 s\u00f3 chuva\u201d, disse o agricultor Joaquim Ferreira.<\/p>\n<p>A reportagem tamb\u00e9m destacou a economia feita pelos agricultores, que n\u00e3o precisam usar o sistema de irriga\u00e7\u00e3o.<\/p>\n<p>\u201cO custo de energia \u00e9 muito caro e o agricultor precisar produzir de uma maneira mais r\u00e1pida com a irriga\u00e7\u00e3o e com a chegada da chuva ele vai economizar no trabalho e tamb\u00e9m no pagamento do tal\u00e3o de luz, que diminui trinta por cento ou mais\u201d, frisou o presidente do Sindicato dos Trabalhadores Rurais de Valen\u00e7a, Devaldo Nunes.<\/p>\n<p>A equipe esteve tamb\u00e9m na localidade Tabuleta, onde conversou com a presidente do Sindicato dos Pescadores, Ana Maria, que falou da import\u00e2ncia da cheia da barragem para os pescadores e para a fomenta\u00e7\u00e3o do turismo.<\/p>\n<p><div class=\"content-iframe\" data-content-width=\"600\"><iframe loading=\"lazy\" style=\"border: none; overflow: hidden;\" src=\"https:\/\/www.facebook.com\/plugins\/video.php?height=308&amp;href=https%3A%2F%2Fwww.facebook.com%2FSergioAlvesValenca%2Fvideos%2F655018833094541%2F&amp;show_text=false&amp;width=560&amp;t=0\" width=\"560\" height=\"308\" frameborder=\"0\" scrolling=\"no\" allowfullscreen=\"allowfullscreen\"><\/iframe><\/div>&nbsp;<\/p>\n","protected":false},"excerpt":{"rendered":"<p>A cidade de Valen\u00e7a do Piau\u00ed foi destaque no programa Globo Rural neste domingo, 5 de fevereiro. A reportagem, produzida pelo rep\u00f3rter Ant\u00f4nio Rocha, esteve visitando a regi\u00e3o de Santa&#8230;<\/p>\n","protected":false},"author":1,"featured_media":138650,"comment_status":"open","ping_status":"open","sticky":false,"template":"","format":"standard","meta":{"ngg_post_thumbnail":0,"footnotes":""},"categories":[243],"tags":[],"class_list":["post-138649","post","type-post","status-publish","format-standard","has-post-thumbnail","hentry","category-geral"],"views":1722,"meta_data":{"thumb":"https:\/\/portalv1.com.br\/app\/wp-content\/uploads\/2023\/02\/antonio-rocha.jpg","imagem":{"fullsize":{"url":"https:\/\/portalv1.com.br\/app\/wp-content\/uploads\/2023\/02\/antonio-rocha.jpg","width":1280,"height":720},"medium":{"url":"https:\/\/portalv1.com.br\/app\/wp-content\/uploads\/2023\/02\/antonio-rocha-300x169.jpg","width":300,"height":169},"large":{"url":"https:\/\/portalv1.com.br\/app\/wp-content\/uploads\/2023\/02\/antonio-rocha-640x360.jpg","width":640,"height":360},"thumbnail":{"url":"https:\/\/portalv1.com.br\/app\/wp-content\/uploads\/2023\/02\/antonio-rocha-100x100.jpg","width":100,"height":100},"medium_large":{"url":"https:\/\/portalv1.com.br\/app\/wp-content\/uploads\/2023\/02\/antonio-rocha-768x432.jpg","width":768,"height":432}},"data":{"simple":"05\/02\/2023","date_time":"05\/02\/2023 14:49:33","date":"h\u00e1 3 anos"},"chapeu":"Assista a reportagem ","source":"slide"},"_links":{"self":[{"href":"https:\/\/portalv1.com.br\/api\/wp\/v2\/posts\/138649","targetHints":{"allow":["GET"]}}],"collection":[{"href":"https:\/\/portalv1.com.br\/api\/wp\/v2\/posts"}],"about":[{"href":"https:\/\/portalv1.com.br\/api\/wp\/v2\/types\/post"}],"author":[{"embeddable":true,"href":"https:\/\/portalv1.com.br\/api\/wp\/v2\/users\/1"}],"replies":[{"embeddable":true,"href":"https:\/\/portalv1.com.br\/api\/wp\/v2\/comments?post=138649"}],"version-history":[{"count":0,"href":"https:\/\/portalv1.com.br\/api\/wp\/v2\/posts\/138649\/revisions"}],"wp:featuredmedia":[{"embeddable":true,"href":"https:\/\/portalv1.com.br\/api\/wp\/v2\/media\/138650"}],"wp:attachment":[{"href":"https:\/\/portalv1.com.br\/api\/wp\/v2\/media?parent=138649"}],"wp:term":[{"taxonomy":"category","embeddable":true,"href":"https:\/\/portalv1.com.br\/api\/wp\/v2\/categories?post=138649"},{"taxonomy":"post_tag","embeddable":true,"href":"https:\/\/portalv1.com.br\/api\/wp\/v2\/tags?post=138649"}],"curies":[{"name":"wp","href":"https:\/\/api.w.org\/{rel}","templated":true}]}}